{"id":332123,"date":"2026-01-09T22:04:07","date_gmt":"2026-01-09T22:04:07","guid":{"rendered":"https:\/\/www.europesays.com\/es\/332123\/"},"modified":"2026-01-09T22:04:07","modified_gmt":"2026-01-09T22:04:07","slug":"el-piso-esta-completamente-destrozado-los-vecinos-explican-como-ha-sido-la-explosion-en-carabanchel-sociedad","status":"publish","type":"post","link":"https:\/\/www.europesays.com\/es\/332123\/","title":{"rendered":"\u00abEl piso est\u00e1 completamente destrozado\u00bb: los vecinos explican c\u00f3mo ha sido la explosi\u00f3n en Carabanchel | Sociedad"},"content":{"rendered":"<p><b>\u00a9 Sociedad Espa\u00f1ola de Radiodifusi\u00f3n, S.L.U. 2025. Todos los derechos reservados<\/b><br \/>Sociedad Espa\u00f1ola de Radiodifusi\u00f3n, S.L.U. realiza una reserva expresa de las reproducciones y usos de los programas radiof\u00f3nicos, las obras y otras prestaciones accesibles desde este sitio web a medios de lectura mec\u00e1nica u otros medios que resulten adecuados a tal fin de conformidad con el art\u00edculo 67.3 del Real Decreto-ley 24\/2021, de 2 de noviembre.<\/p>\n","protected":false},"excerpt":{"rendered":"\u00a9 Sociedad Espa\u00f1ola de Radiodifusi\u00f3n, S.L.U. 2025. Todos los derechos reservadosSociedad Espa\u00f1ola de Radiodifusi\u00f3n, S.L.U. realiza una reserva&hellip;\n","protected":false},"author":2,"featured_media":332124,"comment_status":"","ping_status":"","sticky":false,"template":"","format":"standard","meta":{"footnotes":""},"categories":[8],"tags":[17,18,25,24,13,14,11,19,20,9,10,15,16,23,12,21,22],"class_list":{"0":"post-332123","1":"post","2":"type-post","3":"status-publish","4":"format-standard","5":"has-post-thumbnail","7":"category-espana","8":"tag-breaking-news","9":"tag-breakingnews","10":"tag-es","11":"tag-espana","12":"tag-featured-news","13":"tag-featurednews","14":"tag-headlines","15":"tag-latest-news","16":"tag-latestnews","17":"tag-news","18":"tag-noticias","19":"tag-noticias-destacadas","20":"tag-noticiasdestacadas","21":"tag-spain","22":"tag-titulares","23":"tag-ultimas-noticias","24":"tag-ultimasnoticias"},"share_on_mastodon":{"url":"https:\/\/pubeurope.com\/@es\/115867409685617992","error":""},"_links":{"self":[{"href":"https:\/\/www.europesays.com\/es\/wp-json\/wp\/v2\/posts\/332123","targetHints":{"allow":["GET"]}}],"collection":[{"href":"https:\/\/www.europesays.com\/es\/wp-json\/wp\/v2\/posts"}],"about":[{"href":"https:\/\/www.europesays.com\/es\/wp-json\/wp\/v2\/types\/post"}],"author":[{"embeddable":true,"href":"https:\/\/www.europesays.com\/es\/wp-json\/wp\/v2\/users\/2"}],"replies":[{"embeddable":true,"href":"https:\/\/www.europesays.com\/es\/wp-json\/wp\/v2\/comments?post=332123"}],"version-history":[{"count":0,"href":"https:\/\/www.europesays.com\/es\/wp-json\/wp\/v2\/posts\/332123\/revisions"}],"wp:featuredmedia":[{"embeddable":true,"href":"https:\/\/www.europesays.com\/es\/wp-json\/wp\/v2\/media\/332124"}],"wp:attachment":[{"href":"https:\/\/www.europesays.com\/es\/wp-json\/wp\/v2\/media?parent=332123"}],"wp:term":[{"taxonomy":"category","embeddable":true,"href":"https:\/\/www.europesays.com\/es\/wp-json\/wp\/v2\/categories?post=332123"},{"taxonomy":"post_tag","embeddable":true,"href":"https:\/\/www.europesays.com\/es\/wp-json\/wp\/v2\/tags?post=332123"}],"curies":[{"name":"wp","href":"https:\/\/api.w.org\/{rel}","templated":true}]}}