{"id":332125,"date":"2026-01-09T22:05:12","date_gmt":"2026-01-09T22:05:12","guid":{"rendered":"https:\/\/www.europesays.com\/es\/332125\/"},"modified":"2026-01-09T22:05:12","modified_gmt":"2026-01-09T22:05:12","slug":"candelaria-arranca-2026-con-un-nuevo-club-de-lectura-juvenil-los-cazalibros-candelaria","status":"publish","type":"post","link":"https:\/\/www.europesays.com\/es\/332125\/","title":{"rendered":"Candelaria arranca 2026 con un nuevo Club de Lectura Juvenil: \u201cLos Cazalibros\u201d \u2013 Candelaria"},"content":{"rendered":"<p>    <img width=\"1080\" height=\"1080\" src=\"https:\/\/www.europesays.com\/es\/wp-content\/uploads\/2026\/01\/WhatsApp-Image-2026-01-09-at-11.48.11.jpeg\" class=\"aligncenter wp-post-image\" alt=\"\" decoding=\"async\" fetchpriority=\"high\"\/>\t\t<\/p>\n<p>El municipio de Candelaria inicia el a\u00f1o 2026 apostando por la literatura juvenil con la puesta en marcha del Club de Lectura Juvenil \u201cLos Cazalibros\u201d, una nueva propuesta cultural dirigida a j\u00f3venes lectores y lectoras del municipio, que combina la lectura compartida con actividades creativas y literarias.<\/p>\n<p>El primer encuentro de este a\u00f1o tendr\u00e1 lugar el 14 de enero, a las 17.30 horas, en la Biblioteca de Punta Larga, y girar\u00e1 en torno al libro El diario de Greg: Tocado y hundido, una obra cercana y divertida que servir\u00e1 como punto de partida para el debate, el intercambio de ideas y la creaci\u00f3n literaria.<\/p>\n<p>El concejal de Cultura, Manuel Gonz\u00e1lez, ha destacado que \u201ceste club nace con el objetivo de acercar la lectura a la poblaci\u00f3n joven de una forma atractiva, participativa y creativa, fomentando el h\u00e1bito lector y el pensamiento cr\u00edtico en un espacio de encuentro y convivencia\u201d. Gonz\u00e1lez subray\u00f3 adem\u00e1s la importancia de generar propuestas culturales pensadas espec\u00edficamente para la juventud, \u201cdonde los libros sean una excusa para expresarse, crear y compartir, sin exigencias ni barreras\u201d. En este sentido, record\u00f3 que no es imprescindible haber le\u00eddo el libro completo para asistir, ya que el club est\u00e1 concebido como un espacio abierto y acogedor para todos y todas.<\/p>\n<p>El Club de Lectura Juvenil \u201cLos Cazalibros\u201d est\u00e1 coordinado por Desire\u00e9 Ramos, dinamizadora literaria y cultural, quien ser\u00e1 la encargada de guiar las sesiones y proponer actividades creativas vinculadas a la lectura.<\/p>\n<p>Desde el Ayuntamiento de Candelaria se anima a la juventud del municipio a sumarse a esta nueva iniciativa cultural, pensada para disfrutar de los libros desde una perspectiva participativa, l\u00fadica y cercana. Para m\u00e1s informaci\u00f3n o resolver cualquier duda, las personas interesadas pueden contactar a trav\u00e9s del correo electr\u00f3nico josicudacreativa@gmail.com<\/p>\n","protected":false},"excerpt":{"rendered":"El municipio de Candelaria inicia el a\u00f1o 2026 apostando por la literatura juvenil con la puesta en marcha&hellip;\n","protected":false},"author":2,"featured_media":332126,"comment_status":"","ping_status":"","sticky":false,"template":"","format":"standard","meta":{"footnotes":""},"categories":[5],"tags":[17,18,25,24,13,14,11,19,20,9,10,15,16,23,12,21,22],"class_list":{"0":"post-332125","1":"post","2":"type-post","3":"status-publish","4":"format-standard","5":"has-post-thumbnail","7":"category-titulares","8":"tag-breaking-news","9":"tag-breakingnews","10":"tag-es","11":"tag-espana","12":"tag-featured-news","13":"tag-featurednews","14":"tag-headlines","15":"tag-latest-news","16":"tag-latestnews","17":"tag-news","18":"tag-noticias","19":"tag-noticias-destacadas","20":"tag-noticiasdestacadas","21":"tag-spain","22":"tag-titulares","23":"tag-ultimas-noticias","24":"tag-ultimasnoticias"},"share_on_mastodon":{"url":"https:\/\/pubeurope.com\/@es\/115867413608655905","error":""},"_links":{"self":[{"href":"https:\/\/www.europesays.com\/es\/wp-json\/wp\/v2\/posts\/332125","targetHints":{"allow":["GET"]}}],"collection":[{"href":"https:\/\/www.europesays.com\/es\/wp-json\/wp\/v2\/posts"}],"about":[{"href":"https:\/\/www.europesays.com\/es\/wp-json\/wp\/v2\/types\/post"}],"author":[{"embeddable":true,"href":"https:\/\/www.europesays.com\/es\/wp-json\/wp\/v2\/users\/2"}],"replies":[{"embeddable":true,"href":"https:\/\/www.europesays.com\/es\/wp-json\/wp\/v2\/comments?post=332125"}],"version-history":[{"count":0,"href":"https:\/\/www.europesays.com\/es\/wp-json\/wp\/v2\/posts\/332125\/revisions"}],"wp:featuredmedia":[{"embeddable":true,"href":"https:\/\/www.europesays.com\/es\/wp-json\/wp\/v2\/media\/332126"}],"wp:attachment":[{"href":"https:\/\/www.europesays.com\/es\/wp-json\/wp\/v2\/media?parent=332125"}],"wp:term":[{"taxonomy":"category","embeddable":true,"href":"https:\/\/www.europesays.com\/es\/wp-json\/wp\/v2\/categories?post=332125"},{"taxonomy":"post_tag","embeddable":true,"href":"https:\/\/www.europesays.com\/es\/wp-json\/wp\/v2\/tags?post=332125"}],"curies":[{"name":"wp","href":"https:\/\/api.w.org\/{rel}","templated":true}]}}