{"id":332133,"date":"2026-01-09T22:14:09","date_gmt":"2026-01-09T22:14:09","guid":{"rendered":"https:\/\/www.europesays.com\/es\/332133\/"},"modified":"2026-01-09T22:14:09","modified_gmt":"2026-01-09T22:14:09","slug":"yeray-abre-la-veda-invernal-en-el-andorra","status":"publish","type":"post","link":"https:\/\/www.europesays.com\/es\/332133\/","title":{"rendered":"Yeray abre la veda invernal en el Andorra"},"content":{"rendered":"<p class=\"\">El <b>Andorra <\/b>abre su puerta de fichajes en este mercado invernal y el primero en aterrizar en el Principado es <b>Yeray Cabanz\u00f3n<\/b>. El club tricolor inform\u00f3 este viernes por la tarde que ha llegado a un acuerdo con el <b>Racing de Santander<\/b> para la<b> <\/b>cesi\u00f3n del extremo de 22 a\u00f1os hasta final de temporada. Se trata de un fichaje deseado y es que el Andorra ya pregunt\u00f3 por Yeray en verano. No fue posible, pero ahora, por fin, es un hecho. Adem\u00e1s, la entidad tricolor se reserva en el acuerdo de cesi\u00f3n una opci\u00f3n de compra no obligatoria el pr\u00f3ximo mes de junio. Ma\u00f1ana, ante la <b>Cultural Leonesa<\/b>, no debutar\u00e1 a\u00fan, pero s\u00ed lo har\u00eda el domingo d\u00eda 18 contra el <b>Mirand\u00e9s<\/b>.<\/p>\n<p class=\"\">Yeray Cabanz\u00f3n (Isla, 14-5-2003) inici\u00f3 su carrera en la <b>Escuela Municipal de F\u00fatbol de Meruelo <\/b>para posteriormente unirse a las filas del <b>Bansander<\/b>. En su segundo a\u00f1o de alev\u00edn (2014) le firm\u00f3 el Racing y fue superando etapas hasta que <b>6 de octubre de 2021 debut\u00f3 con el primer equipo verdiblanco <\/b>en Copa Federaci\u00f3n ante el Arenas Club de Getxo. Su estreno en Segunda lleg\u00f3 ante <b>Las Palmas <\/b>el 8 de enero de 2023. En total, el c\u00e1ntabro ha disputado <b>45 encuentros con el conjunto profesional <\/b>racinguista.<\/p>\n<p class=\"\">El primer tramo de esta campa\u00f1a ha estado en el Racing. De hecho, disput\u00f3 siete minutos en la victoria del Andorra en el <b>Sardinero <\/b>(1-2). Eso s\u00ed, apenas ha tenido oportunidades porque en total, esta Liga, el extremo ha jugado solo 157 minutos repartidos en diez partidos. Por lo tanto llega al Andorra en busca de m\u00e1s protagonismo.<\/p>\n<p class=\"\">La direcci\u00f3n deportiva tricolor hace mucho tiempo que le sigue de cerca y gusta porque encaja a la perfecci\u00f3n en su estilo de juego. Adem\u00e1s, tambi\u00e9n se le conoce del pasado curso, cuando milit\u00f3 en la <b>Ponferradina<\/b>. En el conjunto del <b>Bierzo<\/b>, Yeray estuvo una temporada y media a pr\u00e9stamo, convirti\u00e9ndose en un jugador importante y fue rival del Andorra en la final del playoff de ascenso a Segunda del pasado mes de junio.<\/p>\n<p>Noticias relacionadas<a href=\"https:\/\/as.com\/futbol\/segunda\/una-cuesta-de-enero-hacia-la-permanencia-f202601-n\/\" class=\"s_m_w\" title=\"El Andorra completar\u00e1 este mes con duelos ante rivales directos: Cultural Leonesa, Mirand\u00e9s y Huesca. Los tricolores tiene dos puntos de margen respecto del descenso.\" data-tb-link=\"\" rel=\"nofollow noopener\" target=\"_blank\"><img decoding=\"async\" src=\"https:\/\/www.europesays.com\/es\/wp-content\/uploads\/2026\/01\/BEZSGG2ENJCL7B3HRBTSZ3QK44.jpg\" alt=\"Una cuesta de enero hacia la permanencia\" class=\"\" height=\"9\" width=\"16\"   loading=\"lazy\" data-tb-thumbnail=\"\"\/><\/a><a href=\"https:\/\/as.com\/futbol\/segunda\/al-andorra-se-le-averia-el-remolque-f202601-n\/\" class=\"s_m_w\" title=\"El conjuntro tricolor ha empezado perdiendo diez partidos esta Liga y el balance ha sido de ocho derrotas, un empate y solo una victoria.\" data-tb-link=\"\" rel=\"nofollow noopener\" target=\"_blank\"><img decoding=\"async\" src=\"https:\/\/www.europesays.com\/es\/wp-content\/uploads\/2026\/01\/LSCOBAJNXVCXZBJ6JVBENKRBR4.jpg\" alt=\"Al Andorra se le aver\u00eda el remolque\" class=\"\" height=\"9\" width=\"16\"   loading=\"lazy\" data-tb-thumbnail=\"\"\/><\/a><\/p>\n<p class=\"\">Yeray es el primer refuerzo invernal de un Andorra que pretende atar a dos piezas m\u00e1s este pr\u00f3ximo mes. Es cuesti\u00f3n de tiempo, una vez est\u00e9 lista la burocracia, que se cierre el fichaje de <b>Edgar Gonz\u00e1lez<\/b>, que llegar\u00e1 cedido del <b>Almer\u00eda<\/b>. Carles Manso tambi\u00e9n espera la llegada de otro jugador de ataque.<\/p>\n<p class=\"\"><b>\u00a1Tus opiniones importan!<\/b> Comenta en los art\u00edculos y suscr\u00edbete gratis a nuestra <a href=\"https:\/\/asfan.as.com\/newsletters\/\" target=\"_blank\" rel=\"nofollow noopener\" title=\"https:\/\/asfan.as.com\/newsletters\/\">newsletter<\/a> y a las alertas informativas en la <a href=\"https:\/\/as.com\/aplicacion-de-as-n\/\" target=\"_blank\" rel=\"nofollow noopener\" title=\"https:\/\/as.com\/aplicacion-de-as-n\/\">App<\/a> o el canal de <a href=\"https:\/\/www.whatsapp.com\/channel\/0029VaAasdA7j6g745nz9M10\" target=\"_blank\" rel=\"nofollow noopener\" title=\"https:\/\/www.whatsapp.com\/channel\/0029VaAasdA7j6g745nz9M10\">WhatsApp<\/a>. \u00bfBuscas licenciar contenido? Haz clic <a href=\"https:\/\/profesional.elpais.com\/soluciones-sindicacion?utm_medium=interno&amp;utm_source=crosslinking&amp;utm_campaign=sindicacion_as_pie_articulos\" target=\"_blank\" rel=\"nofollow noopener\" title=\"https:\/\/profesional.elpais.com\/soluciones-sindicacion?utm_medium=interno&amp;utm_source=crosslinking&amp;utm_campaign=sindicacion_as_pie_articulos\">aqu\u00ed<\/a><\/p>\n","protected":false},"excerpt":{"rendered":"El Andorra abre su puerta de fichajes en este mercado invernal y el primero en aterrizar en el&hellip;\n","protected":false},"author":2,"featured_media":332134,"comment_status":"","ping_status":"","sticky":false,"template":"","format":"standard","meta":{"footnotes":""},"categories":[268],"tags":[168,25,24,280,282,281,23,167],"class_list":{"0":"post-332133","1":"post","2":"type-post","3":"status-publish","4":"format-standard","5":"has-post-thumbnail","7":"category-futbol","8":"tag-deportes","9":"tag-es","10":"tag-espana","11":"tag-football","12":"tag-futbol","13":"tag-soccer","14":"tag-spain","15":"tag-sports"},"share_on_mastodon":{"url":"https:\/\/pubeurope.com\/@es\/115867449063563887","error":""},"_links":{"self":[{"href":"https:\/\/www.europesays.com\/es\/wp-json\/wp\/v2\/posts\/332133","targetHints":{"allow":["GET"]}}],"collection":[{"href":"https:\/\/www.europesays.com\/es\/wp-json\/wp\/v2\/posts"}],"about":[{"href":"https:\/\/www.europesays.com\/es\/wp-json\/wp\/v2\/types\/post"}],"author":[{"embeddable":true,"href":"https:\/\/www.europesays.com\/es\/wp-json\/wp\/v2\/users\/2"}],"replies":[{"embeddable":true,"href":"https:\/\/www.europesays.com\/es\/wp-json\/wp\/v2\/comments?post=332133"}],"version-history":[{"count":0,"href":"https:\/\/www.europesays.com\/es\/wp-json\/wp\/v2\/posts\/332133\/revisions"}],"wp:featuredmedia":[{"embeddable":true,"href":"https:\/\/www.europesays.com\/es\/wp-json\/wp\/v2\/media\/332134"}],"wp:attachment":[{"href":"https:\/\/www.europesays.com\/es\/wp-json\/wp\/v2\/media?parent=332133"}],"wp:term":[{"taxonomy":"category","embeddable":true,"href":"https:\/\/www.europesays.com\/es\/wp-json\/wp\/v2\/categories?post=332133"},{"taxonomy":"post_tag","embeddable":true,"href":"https:\/\/www.europesays.com\/es\/wp-json\/wp\/v2\/tags?post=332133"}],"curies":[{"name":"wp","href":"https:\/\/api.w.org\/{rel}","templated":true}]}}