{"id":332135,"date":"2026-01-09T22:15:08","date_gmt":"2026-01-09T22:15:08","guid":{"rendered":"https:\/\/www.europesays.com\/es\/332135\/"},"modified":"2026-01-09T22:15:08","modified_gmt":"2026-01-09T22:15:08","slug":"quien-es-macarius-el-streamer-arequipeno-que-fue-captado-besandose-con-suheyn-cipriani-evat-streamers","status":"publish","type":"post","link":"https:\/\/www.europesays.com\/es\/332135\/","title":{"rendered":"\u00bfQui\u00e9n es Macarius, el streamer arequipe\u00f1o que fue captado bes\u00e1ndose con Suheyn Cipriani? | EVAT | Streamers"},"content":{"rendered":"<p> El nombre del streamer <strong>Diego Aguilar Carbajal<\/strong>, conocido como <strong>Macarius<\/strong>, est\u00e1 resonando en redes sociales luego de ser captado en actitudes muy cercanas con la modelo <strong>Suheyn Cipriani<\/strong>. Hace poco, se viraliz\u00f3 una transmisi\u00f3n de <strong>Kick<\/strong>, donde <a href=\"https:\/\/larepublica.pe\/espectaculos\/2026\/01\/08\/suheyn-cipriani-es-captada-besando-al-streamer-macarius-sin-saber-que-estaba-siendo-grabada-el-reflejo-la-delato-798584\" rel=\"nofollow noopener\" target=\"_blank\">el influencer fue captado besando a la exmiss Per\u00fa<\/a> y se est\u00e1n generando fuertes rumores de una posible relaci\u00f3n sentimental.    <\/p>\n<p> \u00bfQui\u00e9n es Macarius?   <\/p>\n<p> Diego Aguilar Carbajal, Macarius, natural de <strong>Arequipa<\/strong>, tiene 29 a\u00f1os y es muy popular por realizar transmisiones con el videojuego <strong>Dota 2<\/strong>. Comenz\u00f3 a crear contenido junto a Glogloking y Buti en la Ciudad Blanca a trav\u00e9s de reacciones, gaming y contenido de humor, especialmente en Facebook, YouTube y Twitch.    <\/p>\n<p> Adem\u00e1s, el streamer estudi\u00f3<strong> Ingenier\u00eda Industrial<\/strong>, pero lo dej\u00f3 para optar por la carrera de <strong>Derecho<\/strong>. Su anhelo era convertirse en notario y tambi\u00e9n trabaj\u00f3 en una constructora en el \u00e1rea legal, cuando cursaba el cuarto semestre. En una entrevista al canal de YouTube &#8216;Todo Good&#8217; revel\u00f3 que algunos de sus compa\u00f1eros lo discriminaban por ser streamer, pero cuando obtuvo la fama en redes sociales, todo cambi\u00f3.    <\/p>\n<p><img class=\"comp__image image__resize\" src=\"https:\/\/www.europesays.com\/es\/wp-content\/uploads\/2026\/01\/696151a563a35248e304c98f.webp.webp\" alt=\"Usuarios especulan relaci\u00f3n de Suheyn Cipriani con Macarius. Foto: Kick   \" title=\"Usuarios especulan relaci\u00f3n de Suheyn Cipriani con Macarius. Foto: Kick   \"   width=\"640\" height=\"374\" loading=\"lazy\" decoding=\"async\"\/><\/p>\n<p style=\"font-size:12px;margin:6px 0;text-align:center\">Usuarios especulan relaci\u00f3n de Suheyn Cipriani con Macarius. Foto: Kick   <\/p>\n<p> Se convirti\u00f3 en egresado de la carrera de Derecho en la Universidad Cat\u00f3lica de Santa Mar\u00eda, pero no lo ejerce debido a que su actual prioridad son las redes sociales. \u00abMe gust\u00f3 la carrera por la forma en la que se expresaba el abogado. A la hora de defender un punto de vista, creo que lo hago bien\u00bb, asegur\u00f3.    <\/p>\n<p> \u00bfC\u00f3mo fueron los inicios de Macarius como streamer?    <\/p>\n<p> El joven streamer mostr\u00f3 inter\u00e9s por las transmisiones cuando conoci\u00f3 a un amigo que transmit\u00eda <strong>Fornite<\/strong>. Luego tuvo que ahorrar para comprarse una tarjeta de video de S\/500 aproximadamente. Sin embargo, cuando pidi\u00f3 la instalaci\u00f3n, necesitaba otros implementos y el due\u00f1o de una tienda decidi\u00f3 confiar en su talento y le regal\u00f3 el accesorio faltante. \u00abConfiaba en lo que yo pod\u00eda lograr alguna vez\u00bb, resalt\u00f3.    <\/p>\n<p><img class=\"comp__image image__resize\" src=\"https:\/\/www.europesays.com\/es\/wp-content\/uploads\/2026\/01\/696151f6be82abdc3706a08f.webp.webp\" alt=\"Macarius tiene m\u00e1s de 62.000 seguidores en Instagram. Foto: Instagram   \" title=\"Macarius tiene m\u00e1s de 62.000 seguidores en Instagram. Foto: Instagram   \"   width=\"640\" height=\"374\" loading=\"lazy\" decoding=\"async\"\/><\/p>\n<p style=\"font-size:12px;margin:6px 0;text-align:center\">Macarius tiene m\u00e1s de 62.000 seguidores en Instagram. Foto: Instagram   <\/p>\n<p> De esa forma, ese fue el peque\u00f1o &#8216;empujoncito&#8217; que lo llev\u00f3 a viralizarse en redes sociales y ganarse un lugar en el mundo gamer con Dota 2. Su madre confi\u00f3 en \u00e9l y su padre ten\u00eda temor de que abandone la carrera. Por ello, el streamer tuvo que hacerse cargo del pago de luz en su casa y aprendi\u00f3 que uno debe esforzarse por algo que uno quiere. \u00abMi pap\u00e1 siempre me ense\u00f1\u00f3 a ser responsable\u00bb, record\u00f3.    <\/p>\n<p> Alcanz\u00f3 el \u00e9xito y fue un boom en redes sociales por sus reacciones durante los videojuegos. Fue as\u00ed como acudi\u00f3 a la misma tienda que lo apoy\u00f3 y pudo costear equipos por hasta 5.000 d\u00f3lares. Pudo retribuir el apoyo debido a que el due\u00f1o atravesaba un mal momento econ\u00f3mico a causa de la pandemia. Tambi\u00e9n logr\u00f3 un contrato con <strong>Facebook <\/strong>como creador de contenido y hasta consigui\u00f3 duplicar el monto que le ofrec\u00edan. \u00abMe lleg\u00f3 el mensaje y pude acceder al contrato. Empec\u00e9 a ganar bien y tambi\u00e9n empec\u00e9 a hacer caridad, en forma de agradecimiento, porque si a uno le va bien, hay que compartir\u00bb, resalt\u00f3.    <\/p>\n<p> En el 2024 ingres\u00f3 oficialmente a crear contenido en <strong>Kick <\/strong>y se mud\u00f3 a la ciudad de Lima para poder realizar colaboraciones con otros influencers y marcas. Viaj\u00f3 a <strong>Dubai<\/strong>, <strong>Argentina<\/strong>, <strong>Francia<\/strong>, <strong>Espa\u00f1a<\/strong>, <strong>Armenia<\/strong>, entre otros.    <\/p>\n<p> \u00bfPor qu\u00e9 se llama Macarius?   <\/p>\n<p> Durante la entrevista, revel\u00f3 que el nombre <strong>Macarius <\/strong>es un homenaje a su abuelito Macario, quien fue una figura clave en su vida. El adulto mayor siempre lo impuls\u00f3 a salir de su zona de confort, lo anim\u00f3 a tomar clases de manejo y a construir su independencia paso a paso.   <\/p>\n<p> Macario falleci\u00f3 de c\u00e1ncer pocas horas antes de que Macarius realizara su primer evento como streamer, un momento que marc\u00f3 el inicio de su carrera. La noticia lleg\u00f3 justo cuando \u00e9l estaba a punto de abordar su vuelo, convirtiendo ese d\u00eda en uno de los m\u00e1s significativos y dif\u00edciles de su vida.   <\/p>\n<p> \u00abFalleci\u00f3 antes de mi primer evento. Me hubiese gustado mostrarle lo que he logrado, nos gustan las mismas cosas. Creo que he sido su nieto m\u00e1s querido. Parte de lo que he conseguido en este mundo de streamers, es gracias a \u00e9l\u00bb, indic\u00f3.  <\/p>\n","protected":false},"excerpt":{"rendered":"El nombre del streamer Diego Aguilar Carbajal, conocido como Macarius, est\u00e1 resonando en redes sociales luego de ser&hellip;\n","protected":false},"author":2,"featured_media":332136,"comment_status":"","ping_status":"","sticky":false,"template":"","format":"standard","meta":{"footnotes":""},"categories":[174],"tags":[255,146,147,25,24,256,76439,76440,76441,23],"class_list":{"0":"post-332135","1":"post","2":"type-post","3":"status-publish","4":"format-standard","5":"has-post-thumbnail","7":"category-famosos","8":"tag-celebrities","9":"tag-entertainment","10":"tag-entretenimiento","11":"tag-es","12":"tag-espana","13":"tag-famosos","14":"tag-macarius","15":"tag-macarius-kick","16":"tag-macarius-y-suheyn-cipriani","17":"tag-spain"},"share_on_mastodon":{"url":"https:\/\/pubeurope.com\/@es\/115867452982292784","error":""},"_links":{"self":[{"href":"https:\/\/www.europesays.com\/es\/wp-json\/wp\/v2\/posts\/332135","targetHints":{"allow":["GET"]}}],"collection":[{"href":"https:\/\/www.europesays.com\/es\/wp-json\/wp\/v2\/posts"}],"about":[{"href":"https:\/\/www.europesays.com\/es\/wp-json\/wp\/v2\/types\/post"}],"author":[{"embeddable":true,"href":"https:\/\/www.europesays.com\/es\/wp-json\/wp\/v2\/users\/2"}],"replies":[{"embeddable":true,"href":"https:\/\/www.europesays.com\/es\/wp-json\/wp\/v2\/comments?post=332135"}],"version-history":[{"count":0,"href":"https:\/\/www.europesays.com\/es\/wp-json\/wp\/v2\/posts\/332135\/revisions"}],"wp:featuredmedia":[{"embeddable":true,"href":"https:\/\/www.europesays.com\/es\/wp-json\/wp\/v2\/media\/332136"}],"wp:attachment":[{"href":"https:\/\/www.europesays.com\/es\/wp-json\/wp\/v2\/media?parent=332135"}],"wp:term":[{"taxonomy":"category","embeddable":true,"href":"https:\/\/www.europesays.com\/es\/wp-json\/wp\/v2\/categories?post=332135"},{"taxonomy":"post_tag","embeddable":true,"href":"https:\/\/www.europesays.com\/es\/wp-json\/wp\/v2\/tags?post=332135"}],"curies":[{"name":"wp","href":"https:\/\/api.w.org\/{rel}","templated":true}]}}