{"id":332137,"date":"2026-01-09T22:16:09","date_gmt":"2026-01-09T22:16:09","guid":{"rendered":"https:\/\/www.europesays.com\/es\/332137\/"},"modified":"2026-01-09T22:16:09","modified_gmt":"2026-01-09T22:16:09","slug":"de-pintar-casas-a-estar-entre-los-diez-mejores-fotografos-del-mundo-con-el-retrato-a-un-sintecho","status":"publish","type":"post","link":"https:\/\/www.europesays.com\/es\/332137\/","title":{"rendered":"De pintar casas a estar entre los diez mejores fot\u00f3grafos del mundo con el retrato a un sintecho"},"content":{"rendered":"<p class=\"ft-text ft-helper-closenews\"><strong>\u201cLa fotograf\u00eda empez\u00f3 como un hobby, luego fue mi pasi\u00f3n y ahora mi profesi\u00f3n\u201d,<\/strong> resume C\u00e9sar Viera (Castell\u00f3n de la Plana, 43 a\u00f1os), que se acaba de situar entre los diez mejores fot\u00f3grafos del mundo en la categor\u00eda de Retrato Natural de la prestigiosa <strong>World Photographic Cup<\/strong>, una de las competiciones m\u00e1s exigentes y reconocidas del panorama internacional.<\/p>\n<p class=\"ft-text\">El reconocimiento no llega por una imagen planificada ni por un encargo comercial, sino por el retrato de <strong>Jimmy Hop<\/strong>, una persona sin hogar con la que Viera conect\u00f3 de manera espont\u00e1nea en Castell\u00f3n. \u201cLe vi un d\u00eda, me puse a hablar con \u00e9l y le ofrec\u00ed hacerle un retrato. En un primer momento no le hizo mucha gracia, pero congeniamos y vino a mi estudio\u201d, explica.<\/p>\n<p>Las \u201cOlimpiadas\u201d de la fotograf\u00eda<\/p>\n<p class=\"ft-text\">La World Photographic Cup no es una competici\u00f3n al uso. \u201cNo es un concurso porque t\u00fa no mandas fotograf\u00edas\u201d, aclara Viera. \u201cLa Federaci\u00f3n Espa\u00f1ola se puso en contacto conmigo porque una foto les gust\u00f3 y la mandaron con profesionales de fotograf\u00eda de todo el mundo<strong>. Es como las Olimpiadas de la fotograf\u00eda<\/strong>\u201d, reconoce C\u00e9sar Viera.<\/p>\n<p><img decoding=\"async\" src=\"https:\/\/www.europesays.com\/es\/wp-content\/uploads\/2026\/01\/509199dd-ab83-4b3f-a1e1-0bdd71c59406_alta-libre-aspect-ratio_default_0.jpg\" width=\"1200\" height=\"1805\" alt=\"Imagen de C\u00e9sar Viera, laureado fot\u00f3grafo castellonense.\" class=\"ft-helper-img-rd\" loading=\"lazy\"\/><\/p>\n<p class=\"ft-helper-fontColor-quaternary ft-helper-fontSize-body-S ft-helper-spacer-t-xxs\">Imagen de C\u00e9sar Viera, laureado fot\u00f3grafo castellonense.  \/ Mediterr\u00e1neo<\/p>\n<p class=\"ft-text\">El resultado ha sido su inclusi\u00f3n en el <strong>Top 10 mundial en Retrato Natural<\/strong>, compitiendo con fot\u00f3grafos de pa\u00edses como Estados Unidos, Jap\u00f3n, Reino Unido, Canad\u00e1 o Finlandia. El siguiente paso llegar\u00e1 en abril, cuando se entreguen las medallas. \u201cTe mandan un correo electr\u00f3nico si entras en el podio e ir\u00e9 a Islandia al evento\u201d, avanza.<\/p>\n<p>Una trayectoria internacional desde Castell\u00f3n<\/p>\n<p class=\"ft-text\">Aunque trabaja desde Castell\u00f3n, el recorrido de C\u00e9sar Viera es claramente internacional. En los \u00faltimos a\u00f1os ha participado en encuentros y eventos fotogr\u00e1ficos en ciudades como Los \u00c1ngeles y ha desarrollado actividad en pa\u00edses como Alemania o Francia. Su obra, centrada en el retrato en clave baja, <strong>ha sido reconocida en numerosos premios y seleccionada en competiciones de alto nivel.<\/strong><\/p>\n<p class=\"ft-text\">Ha retratado a personalidades destacadas del mundo del arte, la m\u00fasica y el deporte como <strong>Ripoll\u00e9s, Melendi, Nacho Guerreros o Gerard Moreno<\/strong>, siempre manteniendo una est\u00e9tica sobria, atemporal y profundamente humana, donde la luz y la sombra act\u00faan como lenguaje narrativo.<\/p>\n<p><img decoding=\"async\" src=\"https:\/\/www.europesays.com\/es\/wp-content\/uploads\/2026\/01\/8167168c-8e72-46ed-9c42-879fe815745f_alta-libre-aspect-ratio_default_0.jpg\" width=\"1200\" height=\"800\" alt=\"Gerard Moreno, capit\u00e1n del Villarreal, retratado por C\u00e9sar Viera.\" class=\"ft-helper-img-rd\" loading=\"lazy\"\/><\/p>\n<p class=\"ft-helper-fontColor-quaternary ft-helper-fontSize-body-S ft-helper-spacer-t-xxs\">Gerard Moreno, capit\u00e1n del Villarreal, retratado por C\u00e9sar Viera.  \/ C\u00e9sar Viera<\/p>\n<p>De pintor de casas a fot\u00f3grafo profesional<\/p>\n<p class=\"ft-text\">El camino hasta aqu\u00ed no ha sido inmediato. \u201c<strong>La fotograf\u00eda fue un hobby, luego pasi\u00f3n y ahora profesi\u00f3n<\/strong>\u201d, recuerda. Durante a\u00f1os compagin\u00f3 la c\u00e1mara con su trabajo como pintor de casas, hasta que decidi\u00f3 dar el salto definitivo. Hoy se dedica exclusivamente a la fotograf\u00eda, con un estudio propio en el que trabaja con cita previa. \u201cCon dos ni\u00f1os peque\u00f1os seguir\u00e1 as\u00ed, no puedo tener un horario fijo\u201d, explica.<\/p>\n<p class=\"ft-text\">Buena parte de sus encargos llegan a trav\u00e9s del correo electr\u00f3nico y las redes sociales, canales desde los que gestiona una agenda cada vez m\u00e1s internacional. Su especialidad es clara: \u201c<strong>Mi especialidad es el retrato<\/strong>\u201d. M\u00e1s all\u00e1 de los premios, C\u00e9sar Viera entiende su trabajo como una forma de expresi\u00f3n art\u00edstica. Su fotograf\u00eda se mueve entre el retrato contempor\u00e1neo y la obra de arte, con una clara vocaci\u00f3n expositiva y un enfoque basado en el \u201cmenos es m\u00e1s\u201d. Adem\u00e1s, desarrolla una intensa labor formativa, impartiendo workshops, charlas y conferencias por todo el mundo.<\/p>\n<p data-close=\"closedContent\" class=\"subscribeHideForDisplay\">Suscr\u00edbete para seguir leyendo<\/p>\n","protected":false},"excerpt":{"rendered":"\u201cLa fotograf\u00eda empez\u00f3 como un hobby, luego fue mi pasi\u00f3n y ahora mi profesi\u00f3n\u201d, resume C\u00e9sar Viera (Castell\u00f3n&hellip;\n","protected":false},"author":2,"featured_media":332138,"comment_status":"","ping_status":"","sticky":false,"template":"","format":"standard","meta":{"footnotes":""},"categories":[173],"tags":[229,233,231,230,3738,3965,76442,10919,232,234,146,147,25,24,244,448,61,1070,475,532,10747,14017,23,27781],"class_list":{"0":"post-332137","1":"post","2":"type-post","3":"status-publish","4":"format-standard","5":"has-post-thumbnail","7":"category-arte-y-diseno","8":"tag-arte","9":"tag-arte-y-diseno","10":"tag-arts","11":"tag-arts-and-design","12":"tag-casas","13":"tag-castellon","14":"tag-castellonense","15":"tag-cesar","16":"tag-design","17":"tag-diseno","18":"tag-entertainment","19":"tag-entretenimiento","20":"tag-es","21":"tag-espana","22":"tag-fotografia","23":"tag-historia","24":"tag-internacional","25":"tag-mundial","26":"tag-pintor","27":"tag-premios","28":"tag-quien","29":"tag-retrato","30":"tag-spain","31":"tag-viera"},"share_on_mastodon":{"url":"https:\/\/pubeurope.com\/@es\/115867456812054475","error":""},"_links":{"self":[{"href":"https:\/\/www.europesays.com\/es\/wp-json\/wp\/v2\/posts\/332137","targetHints":{"allow":["GET"]}}],"collection":[{"href":"https:\/\/www.europesays.com\/es\/wp-json\/wp\/v2\/posts"}],"about":[{"href":"https:\/\/www.europesays.com\/es\/wp-json\/wp\/v2\/types\/post"}],"author":[{"embeddable":true,"href":"https:\/\/www.europesays.com\/es\/wp-json\/wp\/v2\/users\/2"}],"replies":[{"embeddable":true,"href":"https:\/\/www.europesays.com\/es\/wp-json\/wp\/v2\/comments?post=332137"}],"version-history":[{"count":0,"href":"https:\/\/www.europesays.com\/es\/wp-json\/wp\/v2\/posts\/332137\/revisions"}],"wp:featuredmedia":[{"embeddable":true,"href":"https:\/\/www.europesays.com\/es\/wp-json\/wp\/v2\/media\/332138"}],"wp:attachment":[{"href":"https:\/\/www.europesays.com\/es\/wp-json\/wp\/v2\/media?parent=332137"}],"wp:term":[{"taxonomy":"category","embeddable":true,"href":"https:\/\/www.europesays.com\/es\/wp-json\/wp\/v2\/categories?post=332137"},{"taxonomy":"post_tag","embeddable":true,"href":"https:\/\/www.europesays.com\/es\/wp-json\/wp\/v2\/tags?post=332137"}],"curies":[{"name":"wp","href":"https:\/\/api.w.org\/{rel}","templated":true}]}}