{"id":332141,"date":"2026-01-09T22:19:10","date_gmt":"2026-01-09T22:19:10","guid":{"rendered":"https:\/\/www.europesays.com\/es\/332141\/"},"modified":"2026-01-09T22:19:10","modified_gmt":"2026-01-09T22:19:10","slug":"madonna-versiona-el-clasico-italiano-la-bambola-de-patty-pravo-para-dolce-gabbana","status":"publish","type":"post","link":"https:\/\/www.europesays.com\/es\/332141\/","title":{"rendered":"Madonna versiona el cl\u00e1sico italiano &#8216;La Bambola&#8217; de Patty Pravo para Dolce &#038; Gabbana"},"content":{"rendered":"<p class=\"c-paragraph\">La cantante estadounidense <a href=\"https:\/\/www.20minutos.es\/tags\/personas\/madonna.html\" title=\"Madonna\" rel=\"nofollow noopener\" target=\"_blank\">Madonna<\/a> ha versionado el cl\u00e1sico La bambola (1968) de Patty Pravo para una<b> campa\u00f1a de la firma de moda Dolce &amp; Gabbana,<\/b> en una interpretaci\u00f3n en la que muestra sus dotes vocales en italiano al son del famoso: \u00abTu mi fai girar, come fossi una bambola (Me haces girar como si fuera una mu\u00f1eca en castellano)\u00bb.\u00a0<\/p>\n<p class=\"c-paragraph\">La artista, que gener\u00f3 mucha expectaci\u00f3n en septiembre cuando anunci\u00f3 <b><a href=\"https:\/\/www.20minutos.es\/musica\/madonna-vuelve-sus-origenes-con-un-nuevo-disco-mano-warner-discografica-sus-inicios_6369486_0.html\" title=\"Madonna vuelve a sus or\u00edgenes con un nuevo disco de la mano de Warner, la discogr\u00e1fica de sus inicios\" rel=\"nofollow noopener\" target=\"_blank\">nuevo \u00e1lbum para 2026<\/a> despu\u00e9s de siete a\u00f1os del \u00faltimo<\/b>, ha realizado su primera aparici\u00f3n musical del a\u00f1o con una canci\u00f3n que ser\u00e1 portada de la nueva campa\u00f1a de un perfume de Dolce &amp; Gabbana \u2013 The One.\u00a0<\/p>\n<p class=\"c-paragraph\">La artista ha publicado la canci\u00f3n, sin v\u00eddeo, en Youtube y en plataformas de streaming como Spotify. Por su parte, la firma italiana ha publicado un v\u00eddeo promocional que ya supera el mill\u00f3n de reproducciones en el que <b>aparece la cantante y un extracto de la interpretaci\u00f3n<\/b>, acompa\u00f1ado con el texto: \u00abAura magn\u00e9tica. Ac\u00e9rcate. La nueva campa\u00f1a #DGTheOne llegar\u00e1 pronto\u00bb.<\/p>\n<p class=\"c-paragraph\">Seg\u00fan medios italianos, la versi\u00f3n, producida por Stuart Price, <b>no parece formar parte del nuevo proyecto musical de Madonna<\/b>, que vuelve a trabajar con Warner en lo que ser\u00e1 una vuelta a sus comienzos.\u00a0<\/p>\n<p class=\"c-paragraph\">Escrita por Franco Migliacci, Ruggero Cini y Bruno Zambrini, e interpretada por Patty Pravo, &#8216;La Bambola&#8217; es una canci\u00f3n publicada en 1968 que narra los agravios de una mujer hacia un hombre que la trata como a una mu\u00f1eca que abandona cuando deja de ser \u00fatil.\u00a0<\/p>\n<p class=\"c-paragraph\">Fue un gran \u00e9xito en Italia y alcanz\u00f3 el primer lugar en las listas durante seis semanas consecutivas, y ha sido <b>utilizada en varias pel\u00edculas<\/b>, como The American (2010) de Anton Corbjin o Romanzo criminale (2005), de Michele Placido, y versionada por multitud de artistas, como <a href=\"https:\/\/www.20minutos.es\/tags\/personas\/sergio-dalma.html\" title=\"Sergio Dalma\" rel=\"nofollow noopener\" target=\"_blank\">Sergio Dalma<\/a>.<\/p>\n<p class=\"c-paragraph\">\u00abTu mi fai girar, come fossi una bambola. Poi mi butti gi\u00f9, come fossi una bambola\u00bb (Me haces girar como si fuera una mu\u00f1eca. Despu\u00e9s me tiras, como si fuera una mu\u00f1eca), reza la canci\u00f3n.<\/p>\n","protected":false},"excerpt":{"rendered":"La cantante estadounidense Madonna ha versionado el cl\u00e1sico La bambola (1968) de Patty Pravo para una campa\u00f1a de&hellip;\n","protected":false},"author":2,"featured_media":332142,"comment_status":"","ping_status":"","sticky":false,"template":"","format":"standard","meta":{"footnotes":""},"categories":[170],"tags":[76443,5145,146,147,25,24,2872,15547,184,185,23,6555],"class_list":{"0":"post-332141","1":"post","2":"type-post","3":"status-publish","4":"format-standard","5":"has-post-thumbnail","7":"category-musica","8":"tag-bambola","9":"tag-clasico","10":"tag-entertainment","11":"tag-entretenimiento","12":"tag-es","13":"tag-espana","14":"tag-italiano","15":"tag-madonna","16":"tag-music","17":"tag-musica","18":"tag-spain","19":"tag-versiona"},"share_on_mastodon":{"url":"https:\/\/pubeurope.com\/@es\/115867468756893307","error":""},"_links":{"self":[{"href":"https:\/\/www.europesays.com\/es\/wp-json\/wp\/v2\/posts\/332141","targetHints":{"allow":["GET"]}}],"collection":[{"href":"https:\/\/www.europesays.com\/es\/wp-json\/wp\/v2\/posts"}],"about":[{"href":"https:\/\/www.europesays.com\/es\/wp-json\/wp\/v2\/types\/post"}],"author":[{"embeddable":true,"href":"https:\/\/www.europesays.com\/es\/wp-json\/wp\/v2\/users\/2"}],"replies":[{"embeddable":true,"href":"https:\/\/www.europesays.com\/es\/wp-json\/wp\/v2\/comments?post=332141"}],"version-history":[{"count":0,"href":"https:\/\/www.europesays.com\/es\/wp-json\/wp\/v2\/posts\/332141\/revisions"}],"wp:featuredmedia":[{"embeddable":true,"href":"https:\/\/www.europesays.com\/es\/wp-json\/wp\/v2\/media\/332142"}],"wp:attachment":[{"href":"https:\/\/www.europesays.com\/es\/wp-json\/wp\/v2\/media?parent=332141"}],"wp:term":[{"taxonomy":"category","embeddable":true,"href":"https:\/\/www.europesays.com\/es\/wp-json\/wp\/v2\/categories?post=332141"},{"taxonomy":"post_tag","embeddable":true,"href":"https:\/\/www.europesays.com\/es\/wp-json\/wp\/v2\/tags?post=332141"}],"curies":[{"name":"wp","href":"https:\/\/api.w.org\/{rel}","templated":true}]}}