{"id":332165,"date":"2026-01-09T22:36:08","date_gmt":"2026-01-09T22:36:08","guid":{"rendered":"https:\/\/www.europesays.com\/es\/332165\/"},"modified":"2026-01-09T22:36:08","modified_gmt":"2026-01-09T22:36:08","slug":"asi-queda-la-clasificacion-de-la-euroliga-4","status":"publish","type":"post","link":"https:\/\/www.europesays.com\/es\/332165\/","title":{"rendered":"as\u00ed queda la clasificaci\u00f3n de la Euroliga"},"content":{"rendered":"<p data-gtm-element-container=\"modulo-texto-link\" class=\"paragraph\">Bar\u00e7a, qui\u00e9n te ha visto y qui\u00e9n te ve. La llegada de Xavi Pascual ha transformado por completo al Bar\u00e7a, que con la victoria de este viernes sobre el Partizan (88-70) se ha situado en una posici\u00f3n inimaginable hace solo unos meses. El equipo azulgrana ha alcanzado las 14 victorias, las mismas que tiene el l\u00edder Hapoel Tel Aviv, aunque este figura como primero en solitario al haber jugado un partido menos y contar solo con 6 derrotas. El conjunto cul\u00e9 asciende una posici\u00f3n y ahora es cuarto empatado con AS M\u00f3naco y Valencia con balance de 14-7, aunque por detr\u00e1s de ellos por tener peor basket average (+157, +99,\u00a0 +60).<\/p>\n<p>                         Ampliar<\/p>\n<p>                <img loading=\"lazy\" decoding=\"async\" data-full-src=\"https:\/\/www.mundodeportivo.com\/uploads\/2026\/01\/09\/69617715e51d0.png\" alt=\"Clasificaci\u00f3n de la Euroliga tras la jornada 21\" width=\"449\" height=\"512\" src=\"https:\/\/www.europesays.com\/es\/wp-content\/uploads\/2026\/01\/69617715e51d0.png\" class=\"lazy\"\/><\/p>\n<p class=\"caption-title \">Clasificaci\u00f3n de la Euroliga tras la jornada 21<\/p>\n<p>                    EUROLEAGUE<\/p>\n<p data-gtm-element-container=\"modulo-texto-link\" class=\"paragraph\">El Real Madrid, que el jueves gan\u00f3 al Maccabi Tel Aviv en un partido disputado a puerta cerrada (98-86), se consolida en la sexta posici\u00f3n, la \u00faltima que da acceso directo a los playoff, con una victoria menos (13-8).<\/p>\n<p>    Lee tambi\u00e9n<\/p>\n<p data-gtm-element-container=\"modulo-texto-link\" class=\"paragraph\">El Valencia, que ten\u00eda la oportunidad de colocarse como l\u00edder en solitario, fall\u00f3 en el intento al caer en casa ante un potente AS M\u00f3naco por 92-101, lo que provoc\u00f3 el empate m\u00faltiple en cabeza.<\/p>\n","protected":false},"excerpt":{"rendered":"Bar\u00e7a, qui\u00e9n te ha visto y qui\u00e9n te ve. La llegada de Xavi Pascual ha transformado por completo&hellip;\n","protected":false},"author":2,"featured_media":332166,"comment_status":"","ping_status":"","sticky":false,"template":"","format":"standard","meta":{"footnotes":""},"categories":[269],"tags":[299,298,168,25,24,23,167],"class_list":{"0":"post-332165","1":"post","2":"type-post","3":"status-publish","4":"format-standard","5":"has-post-thumbnail","7":"category-baloncesto","8":"tag-baloncesto","9":"tag-basketball","10":"tag-deportes","11":"tag-es","12":"tag-espana","13":"tag-spain","14":"tag-sports"},"share_on_mastodon":{"url":"https:\/\/pubeurope.com\/@es\/115867535651659743","error":""},"_links":{"self":[{"href":"https:\/\/www.europesays.com\/es\/wp-json\/wp\/v2\/posts\/332165","targetHints":{"allow":["GET"]}}],"collection":[{"href":"https:\/\/www.europesays.com\/es\/wp-json\/wp\/v2\/posts"}],"about":[{"href":"https:\/\/www.europesays.com\/es\/wp-json\/wp\/v2\/types\/post"}],"author":[{"embeddable":true,"href":"https:\/\/www.europesays.com\/es\/wp-json\/wp\/v2\/users\/2"}],"replies":[{"embeddable":true,"href":"https:\/\/www.europesays.com\/es\/wp-json\/wp\/v2\/comments?post=332165"}],"version-history":[{"count":0,"href":"https:\/\/www.europesays.com\/es\/wp-json\/wp\/v2\/posts\/332165\/revisions"}],"wp:featuredmedia":[{"embeddable":true,"href":"https:\/\/www.europesays.com\/es\/wp-json\/wp\/v2\/media\/332166"}],"wp:attachment":[{"href":"https:\/\/www.europesays.com\/es\/wp-json\/wp\/v2\/media?parent=332165"}],"wp:term":[{"taxonomy":"category","embeddable":true,"href":"https:\/\/www.europesays.com\/es\/wp-json\/wp\/v2\/categories?post=332165"},{"taxonomy":"post_tag","embeddable":true,"href":"https:\/\/www.europesays.com\/es\/wp-json\/wp\/v2\/tags?post=332165"}],"curies":[{"name":"wp","href":"https:\/\/api.w.org\/{rel}","templated":true}]}}