{"id":332182,"date":"2026-01-09T22:46:33","date_gmt":"2026-01-09T22:46:33","guid":{"rendered":"https:\/\/www.europesays.com\/es\/332182\/"},"modified":"2026-01-09T22:46:33","modified_gmt":"2026-01-09T22:46:33","slug":"atencion-obras-recibe-a-angeles-toledano-en-el-primer-programa-del-ano","status":"publish","type":"post","link":"https:\/\/www.europesays.com\/es\/332182\/","title":{"rendered":"Atenci\u00f3n Obras recibe a \u00c1ngeles Toledano en el primer programa del a\u00f1o"},"content":{"rendered":"<p>En el primer programa de 2026 de <strong><a href=\"https:\/\/www.rtve.es\/play\/videos\/atencion-obras\/\" rel=\"nofollow noopener\" target=\"_blank\">\u2018Atenci\u00f3n Obras\u2019<\/a><\/strong>, <strong>Cayetana Guill\u00e9n Cuervo<\/strong> entrevista a la cantaora <strong>\u00c1ngeles Toledano<\/strong>, una <strong>joven artista del flamenco<\/strong> que derrocha vocaci\u00f3n, esfuerzo, frescura y talento, situada en primera l\u00ednea desde que publicara en 2024 <strong>\u2018Sangre Sucia\u2019<\/strong>. <\/p>\n<p>Un \u00e1lbum de \u00e9xito para cr\u00edtica y p\u00fablico, todo un suceso musical que le ha llevado de gira por infinidad de lugares, no s\u00f3lo en Espa\u00f1a, sino tambi\u00e9n en China, Estados Unidos, Holanda o Londres. El pr\u00f3ximo 1 de febrero actuar\u00e1 en directo en el Circo Price de Madrid, en el marco del <strong>festival INVERFEST<\/strong>.  <\/p>\n<p>Durante el programa, hablar\u00e1n de su llegada al mundo del flamenco y de su consolidaci\u00f3n como una de las voces m\u00e1s relevantes de este g\u00e9nero musical, rompiendo normas, introduciendo ritmos nuevos y tratando temas actuales.<\/p>\n<p>\u00c1ngeles Toledano<\/p>\n<p>\u00c1ngeles Toledano ha colaborado con varios artistas como el d\u00fao granadino <strong>La Plazuela, Dalila, Califato \u00be o la bailarina Carmen Avil\u00e9s. <\/strong><\/p>\n<p>Durante la entrevista ver\u00e1n  un reportaje de la exposici\u00f3n que la <strong>Fundaci\u00f3n MOP<\/strong> en A Coru\u00f1a dedica a la fot\u00f3grafa estadounidense <strong>Annie Leibovitz<\/strong> . <\/p>\n<p>M\u00e1s m\u00fasica y agenda cultural<\/p>\n<p>Despu\u00e9s de repasar la agenda cultural semanal, se acercar\u00e1n a la figura de <strong>Antonio Serrano, Premio Nacional de la M\u00fasicas Actuales 2025<\/strong>. El armonicista lanza nuevo trabajo musical junto al pianista <strong>Kaele Jim\u00e9nez<\/strong>.<\/p>\n<p>Adem\u00e1s, el cierre de este primer programa de 2026 se detendr\u00e1 en la gira de la artista y compositora <strong>Alice Wonder<\/strong>. <\/p>\n","protected":false},"excerpt":{"rendered":"En el primer programa de 2026 de \u2018Atenci\u00f3n Obras\u2019, Cayetana Guill\u00e9n Cuervo entrevista a la cantaora \u00c1ngeles Toledano,&hellip;\n","protected":false},"author":2,"featured_media":332183,"comment_status":"","ping_status":"","sticky":false,"template":"","format":"standard","meta":{"footnotes":""},"categories":[91],"tags":[146,147,25,24,23],"class_list":{"0":"post-332182","1":"post","2":"type-post","3":"status-publish","4":"format-standard","5":"has-post-thumbnail","7":"category-entretenimiento","8":"tag-entertainment","9":"tag-entretenimiento","10":"tag-es","11":"tag-espana","12":"tag-spain"},"share_on_mastodon":{"url":"https:\/\/pubeurope.com\/@es\/115867574896354120","error":""},"_links":{"self":[{"href":"https:\/\/www.europesays.com\/es\/wp-json\/wp\/v2\/posts\/332182","targetHints":{"allow":["GET"]}}],"collection":[{"href":"https:\/\/www.europesays.com\/es\/wp-json\/wp\/v2\/posts"}],"about":[{"href":"https:\/\/www.europesays.com\/es\/wp-json\/wp\/v2\/types\/post"}],"author":[{"embeddable":true,"href":"https:\/\/www.europesays.com\/es\/wp-json\/wp\/v2\/users\/2"}],"replies":[{"embeddable":true,"href":"https:\/\/www.europesays.com\/es\/wp-json\/wp\/v2\/comments?post=332182"}],"version-history":[{"count":0,"href":"https:\/\/www.europesays.com\/es\/wp-json\/wp\/v2\/posts\/332182\/revisions"}],"wp:featuredmedia":[{"embeddable":true,"href":"https:\/\/www.europesays.com\/es\/wp-json\/wp\/v2\/media\/332183"}],"wp:attachment":[{"href":"https:\/\/www.europesays.com\/es\/wp-json\/wp\/v2\/media?parent=332182"}],"wp:term":[{"taxonomy":"category","embeddable":true,"href":"https:\/\/www.europesays.com\/es\/wp-json\/wp\/v2\/categories?post=332182"},{"taxonomy":"post_tag","embeddable":true,"href":"https:\/\/www.europesays.com\/es\/wp-json\/wp\/v2\/tags?post=332182"}],"curies":[{"name":"wp","href":"https:\/\/api.w.org\/{rel}","templated":true}]}}