{"id":332187,"date":"2026-01-09T22:49:07","date_gmt":"2026-01-09T22:49:07","guid":{"rendered":"https:\/\/www.europesays.com\/es\/332187\/"},"modified":"2026-01-09T22:49:07","modified_gmt":"2026-01-09T22:49:07","slug":"ue-aprueba-acuerdo-con-mercosur-y-allana-camino-para-firma-dw-09-01-2026","status":"publish","type":"post","link":"https:\/\/www.europesays.com\/es\/332187\/","title":{"rendered":"UE aprueba acuerdo con Mercosur y allana camino para firma \u2013 DW \u2013 09\/01\/2026"},"content":{"rendered":"<p>La mayor\u00eda de los pa\u00edses de la <a class=\"internal-link\" href=\"https:\/\/www.dw.com\/es\/uni\u00f3n-europea\/t-17410587\" rel=\"nofollow noopener\" target=\"_blank\">Uni\u00f3n Europea<\/a> aprob\u00f3 este viernes (09.01.2026) la firma del acuerdo de libre comercio con <a class=\"internal-link\" href=\"https:\/\/www.dw.com\/es\/mercosur\/t-17409369\" rel=\"nofollow noopener\" target=\"_blank\">Mercosur<\/a>, el mayor de la historia del bloque, informaron fuentes diplom\u00e1ticas a diversas agencias de noticias. La decisi\u00f3n ocurre tras m\u00e1s de 25 a\u00f1os desde el inicio de las negociaciones y largos meses de disputas por conseguir el respaldo de los principales Estados miembros.<\/p>\n<p>Los representantes de los 27 pa\u00edses que componen la UE dieron a conocer la postura de sus gobiernos esta misma jornada, alcanz\u00e1ndose los votos positivos de al menos 15 de ellos que representen el 65 por ciento de la poblaci\u00f3n total del bloque, como se requiere para la aprobaci\u00f3n. Las capitales de la UE tienen hasta las 17:00 horas de Bruselas para confirmar por escrito sus votaciones.<\/p>\n<p>El acuerdo, que estuvo en duda por la oposici\u00f3n de algunos pa\u00edses grandes de la UE, como Francia, Polonia e Italia, fue posible gracias a nuevas concesiones al lobby agr\u00edcola, que considera la competencia de Brasil, <a class=\"internal-link\" href=\"https:\/\/www.dw.com\/es\/paraguay\/t-17409835\" rel=\"nofollow noopener\" target=\"_blank\">Paraguay<\/a>, Argentina y Uruguay, miembros del bloque comercial sudamericano, una amenaza para los agricultores europeos porque aumentar\u00e1 la importaci\u00f3n de productos m\u00e1s baratos.<\/p>\n<p>Al respecto, la diputada del Bundestag alem\u00e1n, Isabel Cademartori,\u00a0copresidenta del grupo de debate del SPD sobre Am\u00e9rica Latina y el Caribe y miembro suplente de la Comisi\u00f3n de Asuntos Exteriores, sobre la aprobaci\u00f3n del acuerdo UE-Mercosur, se\u00f1al\u00f3 que \u00abcon el acuerdo UE-Mercosur, Europa refuerza su cooperaci\u00f3n con pa\u00edses de Sudam\u00e9rica (Brasil, Uruguay, Paraguay y Argentina). Esto es importante en un momento en el que el mundo se vuelve m\u00e1s inseguro\u00bb.<\/p>\n<p>\u00abEl acuerdo beneficia a la poblaci\u00f3n alemana. Crea nuevas oportunidades para las empresas\u00a0y contribuye a garantizar puestos de trabajo. Al mismo tiempo, Europa se vuelve menos dependiente de determinados socios comerciales. Esto hace que nuestra econom\u00eda sea m\u00e1s estable. Con este paso, Europa demuestra que asume su responsabilidad y colabora de forma fiable a nivel internacional. El acuerdo abre una nueva y s\u00f3lida asociaci\u00f3n entre la UE y Sudam\u00e9rica\u00bb, agreg\u00f3.<\/p>\n<p><img data-format=\"MASTER_LANDSCAPE\" data-id=\"75237698\" data-url=\"https:\/\/static.dw.com\/image\/75237698_${formatId}.jpg\" data-aspect-ratio=\"16\/9\" alt=\"Un cartel que dice en franc\u00e9s &quot;No al Mercosur&quot;.\" style=\"padding-bottom: 56.25%; height: 0; max-height: 0;\"\/>Grupos de agricultores han protestado contra el acuerdo en distintos pa\u00edses de la UE.Imagen: Bastien Ohier\/Hans Lucas\/AFP\/Getty Images<\/p>\n<p>Falta a\u00fan la Euroc\u00e1mara<\/p>\n<p>El acuerdo deb\u00eda firmarse en Brasil en diciembre. Sin embargo, no se alcanz\u00f3 la mayor\u00eda necesaria de los Estados miembros de la UE en ese momento, ya que Italia condicion\u00f3 su aprobaci\u00f3n a nuevos apoyos para los agricultores europeos. En principio, el acuerdo ser\u00e1 rubricado la pr\u00f3xima semana en Paraguay tanto por la presidenta de la Comisi\u00f3n Europea, <a class=\"internal-link\" href=\"https:\/\/www.dw.com\/es\/von-der-leyen-ursula\/t-38668657\" rel=\"nofollow noopener\" target=\"_blank\">Ursula von der Leyen<\/a>, como por los socios sudamericanos.<\/p>\n<p>Los defensores del pacto comercial, como Espa\u00f1a y Alemania, estiman que este diversificar\u00e1 las oportunidades comerciales para una UE amenazada por la competencia china y la pol\u00edtica arancelaria de Estados Unidos. Italia, que en diciembre se sum\u00f3 a la oposici\u00f3n y consigui\u00f3 entonces bloquear el consenso, cambi\u00f3 de posici\u00f3n y esta semana destac\u00f3 los \u00abenormes beneficios\u00bb derivados del acuerdo.<\/p>\n<p>Aun cuando se rubriquen los documentos en Asunci\u00f3n, el tratado no entrar\u00e1 de inmediato en vigor, ya que del lado europeo se necesita tambi\u00e9n el visto bueno de la Euroc\u00e1mara, que debe pronunciarse en un plazo de varias semanas, previsiblemente en abril. All\u00ed el resultado no est\u00e1 nada claro, toda vez que unos 150 eurodiputados (de un total de 720) amenazan con recurrir a la justicia para impedir la aplicaci\u00f3n del acuerdo.<\/p>\n<p>DZC (dpa, Reuters, AFP)<\/p>\n","protected":false},"excerpt":{"rendered":"La mayor\u00eda de los pa\u00edses de la Uni\u00f3n Europea aprob\u00f3 este viernes (09.01.2026) la firma del acuerdo de&hellip;\n","protected":false},"author":2,"featured_media":332188,"comment_status":"","ping_status":"","sticky":false,"template":"","format":"standard","meta":{"footnotes":""},"categories":[42],"tags":[17,18,13,14,11,61,62,63,64,19,20,9,10,15,16,12,21,22,65,66,67],"class_list":{"0":"post-332187","1":"post","2":"type-post","3":"status-publish","4":"format-standard","5":"has-post-thumbnail","7":"category-internacional","8":"tag-breaking-news","9":"tag-breakingnews","10":"tag-featured-news","11":"tag-featurednews","12":"tag-headlines","13":"tag-internacional","14":"tag-international","15":"tag-international-news","16":"tag-internationalnews","17":"tag-latest-news","18":"tag-latestnews","19":"tag-news","20":"tag-noticias","21":"tag-noticias-destacadas","22":"tag-noticiasdestacadas","23":"tag-titulares","24":"tag-ultimas-noticias","25":"tag-ultimasnoticias","26":"tag-world","27":"tag-world-news","28":"tag-worldnews"},"share_on_mastodon":{"url":"https:\/\/pubeurope.com\/@es\/115867586616677551","error":""},"_links":{"self":[{"href":"https:\/\/www.europesays.com\/es\/wp-json\/wp\/v2\/posts\/332187","targetHints":{"allow":["GET"]}}],"collection":[{"href":"https:\/\/www.europesays.com\/es\/wp-json\/wp\/v2\/posts"}],"about":[{"href":"https:\/\/www.europesays.com\/es\/wp-json\/wp\/v2\/types\/post"}],"author":[{"embeddable":true,"href":"https:\/\/www.europesays.com\/es\/wp-json\/wp\/v2\/users\/2"}],"replies":[{"embeddable":true,"href":"https:\/\/www.europesays.com\/es\/wp-json\/wp\/v2\/comments?post=332187"}],"version-history":[{"count":0,"href":"https:\/\/www.europesays.com\/es\/wp-json\/wp\/v2\/posts\/332187\/revisions"}],"wp:featuredmedia":[{"embeddable":true,"href":"https:\/\/www.europesays.com\/es\/wp-json\/wp\/v2\/media\/332188"}],"wp:attachment":[{"href":"https:\/\/www.europesays.com\/es\/wp-json\/wp\/v2\/media?parent=332187"}],"wp:term":[{"taxonomy":"category","embeddable":true,"href":"https:\/\/www.europesays.com\/es\/wp-json\/wp\/v2\/categories?post=332187"},{"taxonomy":"post_tag","embeddable":true,"href":"https:\/\/www.europesays.com\/es\/wp-json\/wp\/v2\/tags?post=332187"}],"curies":[{"name":"wp","href":"https:\/\/api.w.org\/{rel}","templated":true}]}}