{"id":332197,"date":"2026-01-09T23:00:08","date_gmt":"2026-01-09T23:00:08","guid":{"rendered":"https:\/\/www.europesays.com\/es\/332197\/"},"modified":"2026-01-09T23:00:08","modified_gmt":"2026-01-09T23:00:08","slug":"joan-garcia-y-unai-como-iker-y-de-gea","status":"publish","type":"post","link":"https:\/\/www.europesays.com\/es\/332197\/","title":{"rendered":"Joan Garc\u00eda y Unai, como Iker y De Gea"},"content":{"rendered":"<p class=\"\"><b>Luis de la Fuente no ha pasado por alto el espectacular crecimiento de Joan Garc\u00eda y estudia convocarlo para la \u2018Finalissima\u2019<\/b> que Espa\u00f1a disputar\u00e1 en Qatar contra Argentina el pr\u00f3ximo 27 de marzo. En el cuerpo t\u00e9cnico de la Selecci\u00f3n todos coinciden en que el meta del Bar\u00e7a es el que est\u00e1 en el mejor momento de toda Europa, junto con Courtois. En caso de mantener su actual nivelazo, <b>nadie duda de los m\u00e9ritos de Joan Garc\u00eda para entrar en la lista de la Copa del Mundo<\/b>. Pero al mismo tiempo surge la gran duda: \u00bfEs portero para ir como tercero o como primero? De momento, tiene por delante a Unai Sim\u00f3n y a David Raya, y a\u00fan debe consumarse el \u2018sorpasso\u2019 sobre Remiro.<\/p>\n<p class=\"\">La cuesti\u00f3n de la porter\u00eda no es f\u00e1cil. A cualquier buen jugador de campo se le puede buscar acomodo incluso si en su posici\u00f3n juega un intocable. Pero al portero, no. Ah\u00ed juega uno solo. Elegir al titular es una gran responsabilidad para el t\u00e9cnico, ya que si se equivoca queda mucho m\u00e1s expuesto que si lo hace con el lateral derecho o el extremo izquierdo. <b>El fallo de un futbolista se puede justificar de mil maneras. El del portero, no.<\/b> Adem\u00e1s, y en contra de lo que tantas veces se dice, en la porter\u00eda no hay equipo ni gaitas. No hay mayor ni m\u00e1s fraternal competencia que la que tienen los porteros. En su gremio hay muy pocos amigos, poqu\u00edsimos.<\/p>\n<p class=\"\">En la Selecci\u00f3n tenemos ejemplos recientes de esa rivalidad extrema. La \u00faltima la que mantuvieron<b> Iker Casillas y David De Gea<\/b> en la Eurocopa de Francia. S\u00f3lo unas horas antes del primer partido, el 13 de junio de 2016, el entonces capit\u00e1n de la Selecci\u00f3n supo que no iba a jugar ante la Rep\u00fablica Checa en beneficio de De Gea, que se hac\u00eda con la porter\u00eda tras a\u00f1os de dura competencia. <b>Iker Casillas, que hab\u00eda dejado en el banquillo a otros grandes porteros, como V\u00edctor Vald\u00e9s, encaj\u00f3 mal la decisi\u00f3n del seleccionador y le retir\u00f3 la palabra a Del Bosque<\/b>, de quien estuvo distanciado varios a\u00f1os y cuya relaci\u00f3n nunca ha vuelto a ser la misma. Con los porteros pasan cosas as\u00ed. Es consecuencia de esa pugna que mantienen y que no se da en ninguna otra posici\u00f3n del campo.<\/p>\n<p class=\"\">Pero, volviendo a Joan Garc\u00eda, todo esto tampoco quiere decir que se haya ganado ya una plaza para el Mundial, ni como primero ni como tercero. Es seguro, salvo lesi\u00f3n del vasco, que <b>abrir\u00e1 el Mundial el 15 de junio en Atlanta contra Cabo Verde con Unai Sim\u00f3n en la porter\u00eda<\/b>. Tambi\u00e9n lo es que David Raya, que est\u00e1 a un nivel superior en el Arsenal, es el primer recambio para Luis de la Fuente, que<b> s\u00f3lo le har\u00eda el hueco a Joan Garc\u00eda como tercer meta <\/b>y exclusivamente en el caso de que se dieran dos supuestos: que el portero del Bar\u00e7a mantenga su actual nivel para que desplazar a Remiro sea una cuesti\u00f3n indiscutible y que acepte su rol como tercero de la lista. <\/p>\n<p>Noticias relacionadas<\/p>\n<p class=\"\">A partir de ah\u00ed, en cada entrenamiento, en cada ocasi\u00f3n que tenga de jugar (que ser\u00e1n pocas salvo errores groseros y recurrentes tanto de Unai como de Raya) deber\u00e1 ganarse subir en el escalaf\u00f3n. Y adem\u00e1s, <b>todo esto deber\u00e1 hacerlo sin levantar la voz, sin pol\u00e9micas.<\/b> Si De la Fuente detecta en Qatar que Joan Garc\u00eda, pese a ser un gran portero, puede romper el ecosistema que tanto le ha costado crear en la Selecci\u00f3n, apostar\u00e1 por mantener a Remiro. <b>Para ir de primer portero hay que ser el mejor, pero si te toca ir de tercero no basta con tener el nivel, tambi\u00e9n es necesario tener la paciencia para resistir hasta que llegue el momento. Como De Gea.<\/b><\/p>\n<p class=\"\"><b>\u00a1Tus opiniones importan!<\/b> Comenta en los art\u00edculos y suscr\u00edbete gratis a nuestra <a href=\"https:\/\/asfan.as.com\/newsletters\/\" target=\"_blank\" rel=\"nofollow noopener\" title=\"https:\/\/asfan.as.com\/newsletters\/\">newsletter<\/a> y a las alertas informativas en la <a href=\"https:\/\/as.com\/aplicacion-de-as-n\/\" target=\"_blank\" rel=\"nofollow noopener\" title=\"https:\/\/as.com\/aplicacion-de-as-n\/\">App<\/a> o el canal de <a href=\"https:\/\/www.whatsapp.com\/channel\/0029VaAasdA7j6g745nz9M10\" target=\"_blank\" rel=\"nofollow noopener\" title=\"https:\/\/www.whatsapp.com\/channel\/0029VaAasdA7j6g745nz9M10\">WhatsApp<\/a>. \u00bfBuscas licenciar contenido? Haz clic <a href=\"https:\/\/profesional.elpais.com\/soluciones-sindicacion?utm_medium=interno&amp;utm_source=crosslinking&amp;utm_campaign=sindicacion_as_pie_articulos\" target=\"_blank\" rel=\"nofollow noopener\" title=\"https:\/\/profesional.elpais.com\/soluciones-sindicacion?utm_medium=interno&amp;utm_source=crosslinking&amp;utm_campaign=sindicacion_as_pie_articulos\">aqu\u00ed<\/a><\/p>\n","protected":false},"excerpt":{"rendered":"Luis de la Fuente no ha pasado por alto el espectacular crecimiento de Joan Garc\u00eda y estudia convocarlo&hellip;\n","protected":false},"author":2,"featured_media":332198,"comment_status":"","ping_status":"","sticky":false,"template":"","format":"standard","meta":{"footnotes":""},"categories":[268],"tags":[168,25,24,280,282,281,23,167],"class_list":{"0":"post-332197","1":"post","2":"type-post","3":"status-publish","4":"format-standard","5":"has-post-thumbnail","7":"category-futbol","8":"tag-deportes","9":"tag-es","10":"tag-espana","11":"tag-football","12":"tag-futbol","13":"tag-soccer","14":"tag-spain","15":"tag-sports"},"share_on_mastodon":{"url":"https:\/\/pubeurope.com\/@es\/115867630003245115","error":""},"_links":{"self":[{"href":"https:\/\/www.europesays.com\/es\/wp-json\/wp\/v2\/posts\/332197","targetHints":{"allow":["GET"]}}],"collection":[{"href":"https:\/\/www.europesays.com\/es\/wp-json\/wp\/v2\/posts"}],"about":[{"href":"https:\/\/www.europesays.com\/es\/wp-json\/wp\/v2\/types\/post"}],"author":[{"embeddable":true,"href":"https:\/\/www.europesays.com\/es\/wp-json\/wp\/v2\/users\/2"}],"replies":[{"embeddable":true,"href":"https:\/\/www.europesays.com\/es\/wp-json\/wp\/v2\/comments?post=332197"}],"version-history":[{"count":0,"href":"https:\/\/www.europesays.com\/es\/wp-json\/wp\/v2\/posts\/332197\/revisions"}],"wp:featuredmedia":[{"embeddable":true,"href":"https:\/\/www.europesays.com\/es\/wp-json\/wp\/v2\/media\/332198"}],"wp:attachment":[{"href":"https:\/\/www.europesays.com\/es\/wp-json\/wp\/v2\/media?parent=332197"}],"wp:term":[{"taxonomy":"category","embeddable":true,"href":"https:\/\/www.europesays.com\/es\/wp-json\/wp\/v2\/categories?post=332197"},{"taxonomy":"post_tag","embeddable":true,"href":"https:\/\/www.europesays.com\/es\/wp-json\/wp\/v2\/tags?post=332197"}],"curies":[{"name":"wp","href":"https:\/\/api.w.org\/{rel}","templated":true}]}}