{"id":332206,"date":"2026-01-09T23:06:08","date_gmt":"2026-01-09T23:06:08","guid":{"rendered":"https:\/\/www.europesays.com\/es\/332206\/"},"modified":"2026-01-09T23:06:08","modified_gmt":"2026-01-09T23:06:08","slug":"a24-lanza-el-trailer-de-undertone-la-escalofriante-pelicula-de-terror-que-nace-de-unas-grabaciones-malditas","status":"publish","type":"post","link":"https:\/\/www.europesays.com\/es\/332206\/","title":{"rendered":"A24 lanza el tr\u00e1iler de Undertone, la escalofriante pel\u00edcula de terror que nace de unas grabaciones malditas"},"content":{"rendered":"<p class=\"c-paragraph\">Ya vamos contando con algunas interesantes citas de terror para este principio de 2026: pel\u00edculas como <a href=\"https:\/\/www.hobbyconsolas.com\/hobbycine\/terror-arranca-fuerte-2026-con-primate-que-rinde-critica-rotten-tomatoes-con-una-premisa-stephen-king_6918563_0.html\" title=\"El terror arranca fuerte en 2026 con Primate, que rinde a la cr\u00edtica en Rotten Tomatoes con una premisa a lo Stephen King\" rel=\"nofollow noopener\" target=\"_blank\">Primate <\/a>o <a href=\"https:\/\/www.hobbyconsolas.com\/hobbycine\/scream-7-revela-cual-iba-ser-destino-ghostface-antes-polemico-despido-melissa-barrera_6907925_0.html\" title=\"Scream 7 revela cu\u00e1l iba ser el destino de Ghostface antes del pol\u00e9mico despido de Melissa Barrera\" rel=\"nofollow noopener\" target=\"_blank\">Scream 7<\/a> marcar\u00e1n el inicio del a\u00f1o para los fans de los sustos. <a href=\"https:\/\/www.hobbyconsolas.com\/listas\/mejores-peliculas-a24-minimajor-conquistando-hollywood-1398029\" rel=\"nofollow noopener\" target=\"_blank\">A24 <\/a>no quiere faltar a la fiesta, y antes de que llegue la primavera estrenar\u00e1 en cines <b>Undertone<\/b>, una pel\u00edcula donde el sonido solo es un anticipo del verdadero miedo.<\/p>\n<p class=\"c-paragraph\">Dirigida por\u00a0<b>Ian Tuason<\/b>, quien debuta como director de largometrajes tras triunfar con sus cortos en RA en YouTube, como hicieran\u00a0<b>Danny y Michael Philippou<\/b> (<a href=\"https:\/\/www.hobbyconsolas.com\/reviews\/critica-hablame-talk-me-pelicula-terror-eficiente-actual-arriesgada-1286662\" rel=\"nofollow noopener\" target=\"_blank\">H\u00e1blame<\/a>), la pel\u00edcula nace de los p\u00f3dcast de cazadores de mitos paranormales. Tuason tambi\u00e9n escribe el guion.<\/p>\n<p>Un a\u00f1o de Filmin por solo 70\u20ac<\/p>\n<p><img decoding=\"async\" loading=\"lazy\" alt=\"Filmin\" width=\"640\" height=\"780\" src=\"https:\/\/www.europesays.com\/es\/wp-content\/uploads\/2025\/11\/691acebb6a386.png\"\/><\/p>\n<p class=\"c-passport__description\">Esta plataforma de streaming espa\u00f1ola tiene un gran cat\u00e1logo de cine de todo tipo, tambi\u00e9n de producciones independientes.<\/p>\n<p class=\"c-paragraph\">Evy, interpretada por\u00a0<b>Nina Kiri<\/b> (<a href=\"https:\/\/www.hobbyconsolas.com\/reviews\/critica-cuento-criada-temporada-6-llega-desenlace-estreno-testimonios-1454685\" rel=\"nofollow noopener\" target=\"_blank\">El cuento de la criada<\/a>) una esc\u00e9ptica presentadora de p\u00f3dcast que se dispone a desentra\u00f1ar la presunta maldici\u00f3n de unas grabaciones que han recibido en el programa. \u00bfEl problema? Que de \u00abpresunta\u00bb no tiene nada.<\/p>\n<p class=\"c-paragraph\">Completan el elenco de Undertone <b>Kristen Holden-Ried, Michelle Duquet, Keana Bastidas,\u00a0 Sarah Beaudin, Seled Calderon, Adam DiMarco y Jeff Yung.<\/b><\/p>\n<p>Los sonidos son solo el principio del terror<\/p>\n<p class=\"c-paragraph\"><b>A24 <\/b>ha lanzado el tr\u00e1iler oficial de Undertone para que vayas prepar\u00e1ndote para el estreno de la pel\u00edcula. Como puedes comprobar, el apartado sonoro es crucial, algo que vimos no hace mucho en <a href=\"https:\/\/www.hobbyconsolas.com\/reviews\/critica-good-boy-pelicula-terror-perruna-mucho-merito-algo-repetitiva-dejad-paz-ya-indy-me-1486583\" rel=\"nofollow noopener\" target=\"_blank\">Good Boy<\/a>, por ejemplo, pero esta vez a un nivel mayor. Te dejamos el tr\u00e1iler a continuaci\u00f3n, junto con la sinopsis oficial:<\/p>\n<p class=\"c-paragraph\">\u00abLa presentadora de un podcast sobre cosas espeluznantes se muda a casa de su madre moribunda para cuidar de ella. Cuando recibe grabaciones de audio de una joven pareja embarazada que experimenta ruidos paranormales, se da cuenta de que la historia de la mujer refleja la suya propia. Cada nueva grabaci\u00f3n va minando su cordura, arrastr\u00e1ndola a un destino del que no puede escapar\u00bb.<\/p>\n<p class=\"c-paragraph\">Tambi\u00e9n hay que decir que ya es masoquismo lo de seguir escuchando grabaciones cuando sabes que se va a liar, pero probablemente Undertone establezca un motivo que lleve a Evy a someterse a semejante tortura.<\/p>\n<p class=\"c-paragraph\"><b>A24 estrenar\u00e1 Undertone en Estados Unidos el 13 de marzo de 2026<\/b>, aunque en Espa\u00f1a todav\u00eda no se ha fijado una fecha de estreno para este debut como director de largos de Ian Tuason y&#8230; \u00bfqu\u00e9 ha sido ese ruido detr\u00e1s de ti?<\/p>\n","protected":false},"excerpt":{"rendered":"Ya vamos contando con algunas interesantes citas de terror para este principio de 2026: pel\u00edculas como Primate o&hellip;\n","protected":false},"author":2,"featured_media":332207,"comment_status":"","ping_status":"","sticky":false,"template":"","format":"standard","meta":{"footnotes":""},"categories":[169],"tags":[10438,177,146,147,25,42668,24,176,2629,175,23,183,76453],"class_list":{"0":"post-332206","1":"post","2":"type-post","3":"status-publish","4":"format-standard","5":"has-post-thumbnail","7":"category-cine","8":"tag-a24","9":"tag-cine","10":"tag-entertainment","11":"tag-entretenimiento","12":"tag-es","13":"tag-escalofriante","14":"tag-espana","15":"tag-film","16":"tag-lanza","17":"tag-movies","18":"tag-spain","19":"tag-trailer","20":"tag-undertone"},"share_on_mastodon":{"url":"https:\/\/pubeurope.com\/@es\/115867653486991567","error":""},"_links":{"self":[{"href":"https:\/\/www.europesays.com\/es\/wp-json\/wp\/v2\/posts\/332206","targetHints":{"allow":["GET"]}}],"collection":[{"href":"https:\/\/www.europesays.com\/es\/wp-json\/wp\/v2\/posts"}],"about":[{"href":"https:\/\/www.europesays.com\/es\/wp-json\/wp\/v2\/types\/post"}],"author":[{"embeddable":true,"href":"https:\/\/www.europesays.com\/es\/wp-json\/wp\/v2\/users\/2"}],"replies":[{"embeddable":true,"href":"https:\/\/www.europesays.com\/es\/wp-json\/wp\/v2\/comments?post=332206"}],"version-history":[{"count":0,"href":"https:\/\/www.europesays.com\/es\/wp-json\/wp\/v2\/posts\/332206\/revisions"}],"wp:featuredmedia":[{"embeddable":true,"href":"https:\/\/www.europesays.com\/es\/wp-json\/wp\/v2\/media\/332207"}],"wp:attachment":[{"href":"https:\/\/www.europesays.com\/es\/wp-json\/wp\/v2\/media?parent=332206"}],"wp:term":[{"taxonomy":"category","embeddable":true,"href":"https:\/\/www.europesays.com\/es\/wp-json\/wp\/v2\/categories?post=332206"},{"taxonomy":"post_tag","embeddable":true,"href":"https:\/\/www.europesays.com\/es\/wp-json\/wp\/v2\/tags?post=332206"}],"curies":[{"name":"wp","href":"https:\/\/api.w.org\/{rel}","templated":true}]}}