{"id":332241,"date":"2026-01-09T23:29:08","date_gmt":"2026-01-09T23:29:08","guid":{"rendered":"https:\/\/www.europesays.com\/es\/332241\/"},"modified":"2026-01-09T23:29:08","modified_gmt":"2026-01-09T23:29:08","slug":"la-pelicula-pasada-por-nieve-inspirada-en-una-historia-real-que-es-de-las-mas-vistas-en-espana","status":"publish","type":"post","link":"https:\/\/www.europesays.com\/es\/332241\/","title":{"rendered":"la pel\u00edcula pasada por nieve inspirada en una historia real que es de las m\u00e1s vistas en Espa\u00f1a"},"content":{"rendered":"<p>Hay un tipo de pel\u00edculas que nos gusta ver especialmente en estas fechas en las que los term\u00f3metros se desploman y son las cintas con paisajes nevados o sucesos que ocurren en ambientes fr\u00edos y g\u00e9lidos. En plena ola de fr\u00edo queremos disfrutar de este ambiente, pero desde el calorcito de nuestra casa, y para ello <strong>una buena historia pasada por nieve es todo lo que necesitamos<\/strong>. Quiz\u00e1s de ah\u00ed la fama de &#8216;<a rel=\"noopener, noreferrer nofollow\" href=\"https:\/\/www.netflix.com\/title\/81696510\" target=\"_blank\">\u00c1ngeles cotidianos<\/a>&#8216; el nuevo film de Netflix que ya est\u00e1 entre los m\u00e1s vistos de la plataforma.<\/p>\n<p>La obra del director Jon Gunn <strong>se ha colado en el top 1 y no nos extra\u00f1a<\/strong>. Este drama helado es ideal para desconectar por fin una noche de viernes. Eso no es todo, hemos de decir que la pel\u00edcula est\u00e1 inspirada en una historia real y eso es algo que siempre nos anima a pulsar el play. En ella nos adentramos en la trama a trav\u00e9s de Sharon (Hilary Swank), una peluquera que vive en un peque\u00f1o pueblo de Kentucky y cuya vida da un giro de 180 grados cuando conoce a Ed (Alan Ritchson), un viudo con dos hijas a su cargo.<\/p>\n<p>                  <img class=\"centro_sinmarco\" height=\"533\" width=\"800\" loading=\"lazy\" decoding=\"async\"  fetchpriority=\"high\"  src=\"https:\/\/www.europesays.com\/es\/wp-content\/uploads\/2026\/01\/1768001348_495_450_1000.jpeg\" alt=\"Ordinary Angels 48290 E1\"\/><\/p>\n<p>Desde que aquel hombre se cruza en el camino de nuestra protagonista, ella parece tener una especia de revelaci\u00f3n y est\u00e1 dispuesta a dejarlo todo por poder ayudar a su familia, en concreto a una de las hijas de Ed, la peque\u00f1a de la casa, que padece una enfermedad muy grave. Sin duda<strong> es una de esas pel\u00edculas que te reconcilia con la bondad desinteresada de las personas<\/strong>, de esas que te hace creer en el fort\u00edsimo poder de la empat\u00eda y la necesidad de ayudar y ser ayudado en esta vida.\u00a0<\/p>\n<p>Te avisamos, los paisajes son fr\u00edos, pero la trama es de lo m\u00e1s enternecedora y puede que se te salten las l\u00e1grimas en alguna que otra ocasi\u00f3n, especialmente por culpa del personaje que interpreta de forma sublime Michelle Smith. Coge la manta y alg\u00fan que otro pa\u00f1uelo, porque <strong>hay una buena dosis de drama asegurado<\/strong>.\u00a0<\/p>\n<p>Fotos | Netflix<\/p>\n<p>En Trendencias |\u00a0<a class=\"text-outboundlink\" href=\"https:\/\/www.trendencias.com\/propuestas-y-consejos\/100-peliculas-que-ver-vez-vida\" data-vars-post-title=\"111 pel\u00edculas que ver una vez en la vida\" data-vars-post-url=\"https:\/\/www.trendencias.com\/propuestas-y-consejos\/100-peliculas-que-ver-vez-vida\" rel=\"nofollow noopener\" target=\"_blank\">111 pel\u00edculas que ver una vez en la vida<\/a><\/p>\n","protected":false},"excerpt":{"rendered":"Hay un tipo de pel\u00edculas que nos gusta ver especialmente en estas fechas en las que los term\u00f3metros&hellip;\n","protected":false},"author":2,"featured_media":332242,"comment_status":"","ping_status":"","sticky":false,"template":"","format":"standard","meta":{"footnotes":""},"categories":[169],"tags":[177,146,147,25,24,176,175,23],"class_list":{"0":"post-332241","1":"post","2":"type-post","3":"status-publish","4":"format-standard","5":"has-post-thumbnail","7":"category-cine","8":"tag-cine","9":"tag-entertainment","10":"tag-entretenimiento","11":"tag-es","12":"tag-espana","13":"tag-film","14":"tag-movies","15":"tag-spain"},"share_on_mastodon":{"url":"https:\/\/pubeurope.com\/@es\/115867743913777228","error":""},"_links":{"self":[{"href":"https:\/\/www.europesays.com\/es\/wp-json\/wp\/v2\/posts\/332241","targetHints":{"allow":["GET"]}}],"collection":[{"href":"https:\/\/www.europesays.com\/es\/wp-json\/wp\/v2\/posts"}],"about":[{"href":"https:\/\/www.europesays.com\/es\/wp-json\/wp\/v2\/types\/post"}],"author":[{"embeddable":true,"href":"https:\/\/www.europesays.com\/es\/wp-json\/wp\/v2\/users\/2"}],"replies":[{"embeddable":true,"href":"https:\/\/www.europesays.com\/es\/wp-json\/wp\/v2\/comments?post=332241"}],"version-history":[{"count":0,"href":"https:\/\/www.europesays.com\/es\/wp-json\/wp\/v2\/posts\/332241\/revisions"}],"wp:featuredmedia":[{"embeddable":true,"href":"https:\/\/www.europesays.com\/es\/wp-json\/wp\/v2\/media\/332242"}],"wp:attachment":[{"href":"https:\/\/www.europesays.com\/es\/wp-json\/wp\/v2\/media?parent=332241"}],"wp:term":[{"taxonomy":"category","embeddable":true,"href":"https:\/\/www.europesays.com\/es\/wp-json\/wp\/v2\/categories?post=332241"},{"taxonomy":"post_tag","embeddable":true,"href":"https:\/\/www.europesays.com\/es\/wp-json\/wp\/v2\/tags?post=332241"}],"curies":[{"name":"wp","href":"https:\/\/api.w.org\/{rel}","templated":true}]}}