{"id":332247,"date":"2026-01-09T23:32:51","date_gmt":"2026-01-09T23:32:51","guid":{"rendered":"https:\/\/www.europesays.com\/es\/332247\/"},"modified":"2026-01-09T23:32:51","modified_gmt":"2026-01-09T23:32:51","slug":"asi-fue-el-estreno-de-gh-duo-un-regalo-para-los-que-crecimos-con-telecinco-television","status":"publish","type":"post","link":"https:\/\/www.europesays.com\/es\/332247\/","title":{"rendered":"As\u00ed fue el estreno de \u2018GH D\u00fao\u2019: un regalo para los que crecimos con Telecinco | Televisi\u00f3n"},"content":{"rendered":"<p class=\"\">Lo de anoche en la gala de arranque de GH D\u00fao fue un regalo para los que crecimos con los programas de Telecinco y hemos descubierto HBO pr\u00e1cticamente hace un cuarto de hora. Qu\u00e9 viaje, qu\u00e9 risa y qu\u00e9 bien sienta ver a participantes de los que no hay que buscar en Google qui\u00e9n demonios son porque sabemos casi todo de ellos. Fue un programa hecho a la medida para m\u00ed, lo cual no s\u00e9 muy bien en qu\u00e9 lugar queda la productora Zeppelin y quedo yo, pero a ver si me explico. <\/p>\n<p class=\"\">En el plat\u00f3 entr\u00f3 desfilando Cristina Piaget, a <a href=\"https:\/\/elpais.com\/television\/2024-03-08\/jorge-javier-vazquez-no-ha-vuelto-a-la-tele-es-la-tele.html\" target=\"_self\" rel=\"nofollow noopener\" title=\"https:\/\/elpais.com\/television\/2024-03-08\/jorge-javier-vazquez-no-ha-vuelto-a-la-tele-es-la-tele.html\">Jorge Javier V\u00e1zquez<\/a> se le cay\u00f3 la baba mientras pisaba como solo pisan suelo este tipo de personas y se trab\u00f3 al decir de ella que fue una de nuestras \u201ctop model internacional\u201d. La modelo y ahora actriz habl\u00f3 de mujeres como Claudia Schiffer y Linda Evangelista mientras de fondo sonaba la canci\u00f3n Here comes de Hotstepper, de Ini Kamoze, banda sonora de la pel\u00edcula <a href=\"https:\/\/elpais.com\/smoda\/moda\/pret-a-porter-pelicula-maldita-moda-lagerfeld.html\" target=\"_blank\" rel=\"nofollow noopener\" title=\"https:\/\/elpais.com\/smoda\/moda\/pret-a-porter-pelicula-maldita-moda-lagerfeld.html\">Pr\u00eat \u00e0 porter<\/a> (1994) de Robert Altman. A los que crecimos en esa d\u00e9cada del siglo pasado con las fotos de las supermodelos en las carpetas nos dio un primer vuelquecito el coraz\u00f3n. Habr\u00eda m\u00e1s. <\/p>\n<p class=\"\">Piaget fue la encargada de abrir la caja que conten\u00eda al gran protagonista de la noche, que llevaba siendo cebo desde hace horas y que se supone que iba a ser un antes y un despu\u00e9s en nuestras vidas. Se le escap\u00f3 el nombre al presentador en un spoiler algo antol\u00f3gico, aunque ya se hablaba de que ser\u00eda <a href=\"https:\/\/elpais.com\/noticias\/carlos-lozano\/\" target=\"_self\" rel=\"nofollow noopener\" title=\"https:\/\/elpais.com\/noticias\/carlos-lozano\/\">Carlos Lozano<\/a> uno de los concursantes estrella de esta edici\u00f3n. Bueno. Digamos que hemos vivido emociones m\u00e1s fuertes en televisi\u00f3n. <\/p>\n<p class=\"\">El tambi\u00e9n modelo, actor y presentador entr\u00f3 en la casa de Tres Cantos diciendo que lleva varios a\u00f1os sin tener relaciones sexuales \u2014\u201cmi hija me ha pedido que no haga el amor en la casa\u2014 y en cuanto vio a su compa\u00f1era empez\u00f3 a llamarla \u201cmi ni\u00f1a\u201d, que es una cosa que a la que escribe le irrita de Lozano y de cualquier otra persona del planeta en general a no ser que seas ciudadano de las afortunadas Islas Canarias. Lozano ahora es pastor de ovejas, vive alejado del mundanal ruido y en El Berrueco, un municipio de la Comunidad de Madrid donde es muy feliz. En el plat\u00f3 estaba para defenderle Jaime Sanz, alcalde de la localidad del Partido Popular que se marc\u00f3 un leve bailecito cuando <a href=\"https:\/\/elpais.com\/cultura\/2025-11-28\/sonia-y-selena-se-separan-por-decision-unilateral-de-la-primera-y-debido-a-varias-divergencias.html\" target=\"_self\" rel=\"nofollow noopener\" title=\"https:\/\/elpais.com\/cultura\/2025-11-28\/sonia-y-selena-se-separan-por-decision-unilateral-de-la-primera-y-debido-a-varias-divergencias.html\">Sonia Madoc<\/a> \u2014la rubia de Sonia y Selena\u2014 se puso a cantar eso de \u201cen Gran Hermano alguien te dar\u00e1 la mano\u201d. Otro temazo. <\/p>\n<p class=\"\">Carmen Borrego y Bel\u00e9n Rodr\u00edguez han entrado como compa\u00f1eras en la casa. Si yo le hablara a mi madre de ellas le dir\u00eda que son \u201cla hija de la Campos que no sale en c\u00e1mara y la hija de Do\u00f1a Adelaida\u201d, por ejemplo. Son de ese tipo de amigas que brotan a los cinco minutos de estar juntas y conf\u00edo mucho en que abran el caj\u00f3n de mierda antes de la gala de los domingos, presentada por Ion Aramendi. La vidente Esperanza Gracia, que estar\u00e1 en el plat\u00f3 para defender a Rodr\u00edguez, dijo que \u201ces el a\u00f1o de los Leo\u201d, por si acaso interesa a algunos de nuestros lectores. Carmen, pasada la medianoche, dijo que estaba muerta de sue\u00f1o, que como se descuidara se dorm\u00eda. Contigo siempre, Campos. En el plat\u00f3 estaban para defenderla su hijo Jos\u00e9 Mar\u00eda y la novia de este, Mar\u00eda La Jerezana, que nos cont\u00f3 que los Reyes Magos en la casa de su suegra le han tra\u00eddo un ajuar. Los de la generaci\u00f3n Z imagino que a esas alturas de la noche ya estaban en otros menesteres. <\/p>\n<p class=\"\">Hay concursantes que a m\u00ed me interesan lo justo, no as\u00ed sus presentaciones. Hay un se\u00f1or muy fuertote llamado John Guts, mexicano, que es famoso en su pa\u00eds por ser un villano de los realities. Nos cont\u00f3 qui\u00e9n es (sus debilidades son \u201clas mujeres, las motos y el dinero\u201d y afirm\u00f3 que le interesa mucho \u201cla educaci\u00f3n financiera\u201d) mientras de fondo Antonio Banderas canta eso de \u201cay ay ay ay, ay ay mi amor, ay mi morena de mi coraz\u00f3n\u201d de la banda sonora de la pel\u00edcula Desperado, otro gui\u00f1o a los noventa. Cuando entr\u00f3 Raquel Salazar, una de las protagonistas de otro reality, el de Los Gipsy Kings, su hija Noem\u00ed afirm\u00f3 que ahora su madre est\u00e1 m\u00e1s tranquila de car\u00e1cter \u201cporque se ha bautizado\u201d. Mientras, Pastora Soler cantaba eso otro que tantas veces hemos tarareado que dice \u201ccosas buenas tiene Hassan en los jardines de palacio\u201d. Desde aqu\u00ed, un abrazo infinito a los que escogieron este hilo musical de la noche del jueves. <\/p>\n<p class=\"\">Pero el mejor momento y tambi\u00e9n el m\u00e1s preocupante lo protagonizaron tres personas. Se llaman Manuel Gonz\u00e1lez, Anita Williams y Jorge Javier V\u00e1zquez. Los dos primeros son concursantes de <a href=\"https:\/\/elpais.com\/television\/2025-12-27\/el-responsable-de-supervivientes-y-la-isla-de-las-tentaciones-hace-balance-de-2025-no-queremos-la-sobreexplotacion.html\" target=\"_self\" rel=\"nofollow noopener\" title=\"https:\/\/elpais.com\/television\/2025-12-27\/el-responsable-de-supervivientes-y-la-isla-de-las-tentaciones-hace-balance-de-2025-no-queremos-la-sobreexplotacion.html\">La isla de las tentaciones<\/a>, \u00e9l es el que no ten\u00eda nunca \u201cla manita relaj\u00e1\u201d y ella es la expareja de Montoya. Entre ellos pasaron cosas. Cosas t\u00f3xicas, claro. El tercero no necesita presentaci\u00f3n. Intentemos reproducir lo que ocurri\u00f3. <\/p>\n<p class=\"\">Jorge Javier V\u00e1zquez: \u201cManuel, \u00bfqu\u00e9 opinas de lo de Groenlandia?\u201d. <\/p>\n<p class=\"\">Manuel Gonz\u00e1lez: \u201c\u00bfGroenlandia?\u201d. <\/p>\n<p class=\"\">Anita Williams: \u201cMe he perdido\u201d. <\/p>\n<p class=\"\">Manuel Gonz\u00e1lez: \u201c\u00bfGroenlandia qu\u00e9 es, cojones? No tengo ni idea, pisha\u201d. <\/p>\n<p class=\"\">Jorge Javier V\u00e1zquez: \u201cO sea, que no est\u00e1s preocupado\u201d. <\/p>\n<p class=\"\">Manuel Gonz\u00e1lez: \u201cNo\u201d. <\/p>\n<p class=\"\">Anita Williams: \u201cNo s\u00e9 qu\u00e9 ha pasado porque las noticias no las veo\u2026 \u00faltimamente\u201d. <\/p>\n<p class=\"\">Manuel Gonz\u00e1lez: \u201cYo es que de C\u00e1diz he salido poco\u201d. <\/p>\n<p class=\"\">Si Mar\u00eda Jes\u00fas Ruiz, que fue miss Espa\u00f1a y estaba presente en plat\u00f3, quedar\u00e1 en nuestra memoria porque dijo una vez que se le iba la salud por el ano, a m\u00ed me vino toda gracias a estos detalles de la noche. Tantas cosas que me gustan, tan la Espa\u00f1a con la que he crecido, tan la Espa\u00f1a de ahora. <\/p>\n","protected":false},"excerpt":{"rendered":"Lo de anoche en la gala de arranque de GH D\u00fao fue un regalo para los que crecimos&hellip;\n","protected":false},"author":2,"featured_media":332248,"comment_status":"","ping_status":"","sticky":false,"template":"","format":"standard","meta":{"footnotes":""},"categories":[91],"tags":[76463,76461,76462,146,147,25,24,3057,6063,955,18070,23,692,807],"class_list":{"0":"post-332247","1":"post","2":"type-post","3":"status-publish","4":"format-standard","5":"has-post-thumbnail","7":"category-entretenimiento","8":"tag-antonio-canales","9":"tag-carlos-lozano","10":"tag-cristina-piaget","11":"tag-entertainment","12":"tag-entretenimiento","13":"tag-es","14":"tag-espana","15":"tag-gran-hermano","16":"tag-jorge-javier-vazquez","17":"tag-mediaset","18":"tag-reality-show","19":"tag-spain","20":"tag-telecinco","21":"tag-television"},"share_on_mastodon":{"url":"https:\/\/pubeurope.com\/@es\/115867759653302051","error":""},"_links":{"self":[{"href":"https:\/\/www.europesays.com\/es\/wp-json\/wp\/v2\/posts\/332247","targetHints":{"allow":["GET"]}}],"collection":[{"href":"https:\/\/www.europesays.com\/es\/wp-json\/wp\/v2\/posts"}],"about":[{"href":"https:\/\/www.europesays.com\/es\/wp-json\/wp\/v2\/types\/post"}],"author":[{"embeddable":true,"href":"https:\/\/www.europesays.com\/es\/wp-json\/wp\/v2\/users\/2"}],"replies":[{"embeddable":true,"href":"https:\/\/www.europesays.com\/es\/wp-json\/wp\/v2\/comments?post=332247"}],"version-history":[{"count":0,"href":"https:\/\/www.europesays.com\/es\/wp-json\/wp\/v2\/posts\/332247\/revisions"}],"wp:featuredmedia":[{"embeddable":true,"href":"https:\/\/www.europesays.com\/es\/wp-json\/wp\/v2\/media\/332248"}],"wp:attachment":[{"href":"https:\/\/www.europesays.com\/es\/wp-json\/wp\/v2\/media?parent=332247"}],"wp:term":[{"taxonomy":"category","embeddable":true,"href":"https:\/\/www.europesays.com\/es\/wp-json\/wp\/v2\/categories?post=332247"},{"taxonomy":"post_tag","embeddable":true,"href":"https:\/\/www.europesays.com\/es\/wp-json\/wp\/v2\/tags?post=332247"}],"curies":[{"name":"wp","href":"https:\/\/api.w.org\/{rel}","templated":true}]}}