{"id":332259,"date":"2026-01-09T23:42:18","date_gmt":"2026-01-09T23:42:18","guid":{"rendered":"https:\/\/www.europesays.com\/es\/332259\/"},"modified":"2026-01-09T23:42:18","modified_gmt":"2026-01-09T23:42:18","slug":"zizou-bergs-y-los-motivos-de-su-gran-tenis-cuando-juega-con-belgica","status":"publish","type":"post","link":"https:\/\/www.europesays.com\/es\/332259\/","title":{"rendered":"Zizou Bergs y los motivos de su gran tenis cuando juega con B\u00e9lgica"},"content":{"rendered":"<p class=\"quota-display text-align-center\">\n        <a href=\"https:\/\/www.puntodebreak.com\/MDBA-B3-PDB-QUOTA-25\" rel=\"sponsored nofollow noopener\" title=\"Apuesta en bet365\" target=\"_blank\"><\/p>\n<p>            <img decoding=\"async\" alt=\"Bet365\" class=\"bet-logo lazyload\" loading=\"lazy\" src=\"https:\/\/www.europesays.com\/es\/wp-content\/uploads\/2026\/01\/b365.jpg\"\/>Streaming United Cup XD en directo<\/p>\n<p> \ud83c\udfbe Bencic\/Wawrinka vs Mertens\/Bergs<\/p>\n<ol class=\"stream-card__steps\">\n<li>Entra aqu\u00ed y reg\u00edstrate en Bet365<\/li>\n<li>Haz tu primer dep\u00f3sito de m\u00ednimo 5\u00a0\u20ac<\/li>\n<li>Entra en la secci\u00f3n \u00abDirecto\u00bb y ve todos los partidos<\/li>\n<\/ol>\n<p>\n                                Ver partido en Bet365\n                            <\/p>\n<p>        <\/a>\n      <\/p>\n<p class=\"text-align-justify\"><a href=\"https:\/\/www.puntodebreak.com\/tenis\/zizou-berg\" rel=\"nofollow noopener\" target=\"_blank\"><strong>Zizou Bergs<\/strong><\/a> se transforma cuando escucha el himno de B\u00e9lgica. El n\u00famero 43 del<strong> ranking ATP<\/strong> parece otro jugador completamente distinto cuando representa a su pa\u00eds, ya sea en la <strong>Copa Davis<\/strong> o en la <strong>United Cup<\/strong>.<\/p>\n<p class=\"text-align-justify\">El \u00faltimo ejemplo se ha visto en la <strong>United Cup 2026<\/strong>, donde cuenta con dos victorias y una derrota, siendo sus dos \u00e9xitos contra dos tenistas que se encuentran dentro de los 20 mejores del mundo. Primero fue contra un Top 10 como <a href=\"https:\/\/www.puntodebreak.com\/tenis\/felix-auger-aliassime\" rel=\"nofollow noopener\" target=\"_blank\"><strong>F\u00e9lix Auger-Aliassime<\/strong><\/a>, al que no dio ning\u00fan tipo de opci\u00f3n <strong>(6-3, 6-2) <\/strong>y despu\u00e9s le ha acompa\u00f1ado otra gran victoria ante el n\u00famero 18 del mundo, <a href=\"https:\/\/www.puntodebreak.com\/tenis\/jakub-mensik\" rel=\"nofollow noopener\" target=\"_blank\"><strong>Jakub Mensik<\/strong><\/a>, por <strong>6-2, 7-6(4)<\/strong>.<\/p>\n<p class=\"text-align-justify\">Pero dos meses antes tambi\u00e9n defendi\u00f3 los colores de su pa\u00eds con una destacable actuaci\u00f3n en las finales de la <strong>Copa Davis 2025<\/strong>, cuando meti\u00f3 a B\u00e9lgica en las semifinales tras vencer a <strong>Arthur Rinderknech<\/strong> y, a pesar de la derrota, cuando dispuso de siete bolas de partido ante <strong>Flavio Cobolli <\/strong>para mandar el duelo ante Italia al dobles decisivo.<\/p>\n<p class=\"text-align-justify\">Ahora ha conseguido meter a B\u00e9lgica en las semifinales de la United Cup 2026 y antes de luchar por un puesto en la final ante la <strong>Suiza de Stan Wawrinka y Belinda Bencic<\/strong>, Bergs se pas\u00f3 por rueda de prensa donde habl\u00f3 sobre su gran sentimiento patri\u00f3tico, as\u00ed como sus mejoras en su juego para este 2026.<\/p>\n<p class=\"text-align-justify\"><img decoding=\"async\" alt=\".\" data-entity-type=\"file\" data-entity-uuid=\"9b1caea0-d270-47ac-951b-1e329ba8e5db\" width=\"612\" height=\"408\" loading=\"lazy\" class=\"lazyload\" src=\"https:\/\/www.europesays.com\/es\/wp-content\/uploads\/2026\/01\/Bergs-United-Cup-2026.jpg\"\/><\/p>\n<p><strong>Avisa del gran futuro que puede tener el tenis belga<\/strong><\/p>\n<p class=\"text-align-justify\">\u00abMe acabo de dar cuenta de que estamos entre los cuatro primeros, lo cual es una locura. Lo conseguimos en la Copa Davis entre los cuatro primeros, y ahora con el formato mixto de nuevo. B\u00e9lgica se est\u00e1 convirtiendo poco a poco en un gran pa\u00eds. Somos peque\u00f1os, pero estamos empezando a rendir a lo grande\u00bb.<\/p>\n<p><strong>Zizou Bergs explica los motivos de su gran tenis cuando representa a B\u00e9lgica<\/strong><\/p>\n<p class=\"text-align-justify\">\u00abSiento que estos formatos, la Copa Davis y la United Cup, sacan lo mejor de m\u00ed. Es algo que haces con un equipo, donde todo el mundo te anima. Este papel de responsabilidad tambi\u00e9n me resulta bastante natural. Lo estoy disfrutando mucho\u00bb.<\/p>\n<p class=\"text-align-justify\">\u00abSoy muy patriota e intento trasladar eso a la pista. Tengo la sensaci\u00f3n de que no solo el banquillo vive con nosotros, sino que tambi\u00e9n la gente que est\u00e1 en casa nos da ese empuj\u00f3n extra. Hasta ahora siempre lo hemos aprovechado muy bien\u00bb.<\/p>\n<p><strong>Contento con su preparaci\u00f3n para 2026 y su mejor\u00eda en su tenis<\/strong><\/p>\n<p class=\"text-align-justify\">\u00abHice un muy buen trabajo durante la pretemporada. Adem\u00e1s, si nos fijamos, por ejemplo, en la velocidad del servicio o en los servicios en general, creo que el a\u00f1o pasado mejoramos mucho. Todav\u00eda queda mucho trabajo por hacer en el servicio\u00bb.<\/p>\n<p class=\"text-align-justify\">\u00abSi nos fijamos en el golpe de derecha, ha mejorado mucho desde el a\u00f1o pasado. Simplemente jugando con las intenciones adecuadas, con un tenis m\u00e1s inteligente. Creo que tambi\u00e9n ayuda tener un gran equipo a mi alrededor que me gu\u00eda bien. Siempre intentamos mejorar, aunque solo sea un 1 %, pero muchas veces conseguimos m\u00e1s de un 1 %\u00bb,\u00a0asegura un <strong>Zizou Bergs <\/strong>al que habr\u00e1 que seguir muy de cerca en este 2026.<br \/>\u00a0<\/p>\n","protected":false},"excerpt":{"rendered":"Streaming United Cup XD en directo \ud83c\udfbe Bencic\/Wawrinka vs Mertens\/Bergs Entra aqu\u00ed y reg\u00edstrate en Bet365 Haz tu&hellip;\n","protected":false},"author":2,"featured_media":332260,"comment_status":"","ping_status":"","sticky":false,"template":"","format":"standard","meta":{"footnotes":""},"categories":[274],"tags":[168,25,24,23,167,327,326],"class_list":{"0":"post-332259","1":"post","2":"type-post","3":"status-publish","4":"format-standard","5":"has-post-thumbnail","7":"category-tenis","8":"tag-deportes","9":"tag-es","10":"tag-espana","11":"tag-spain","12":"tag-sports","13":"tag-tenis","14":"tag-tennis"},"share_on_mastodon":{"url":"https:\/\/pubeurope.com\/@es\/115867795206400548","error":""},"_links":{"self":[{"href":"https:\/\/www.europesays.com\/es\/wp-json\/wp\/v2\/posts\/332259","targetHints":{"allow":["GET"]}}],"collection":[{"href":"https:\/\/www.europesays.com\/es\/wp-json\/wp\/v2\/posts"}],"about":[{"href":"https:\/\/www.europesays.com\/es\/wp-json\/wp\/v2\/types\/post"}],"author":[{"embeddable":true,"href":"https:\/\/www.europesays.com\/es\/wp-json\/wp\/v2\/users\/2"}],"replies":[{"embeddable":true,"href":"https:\/\/www.europesays.com\/es\/wp-json\/wp\/v2\/comments?post=332259"}],"version-history":[{"count":0,"href":"https:\/\/www.europesays.com\/es\/wp-json\/wp\/v2\/posts\/332259\/revisions"}],"wp:featuredmedia":[{"embeddable":true,"href":"https:\/\/www.europesays.com\/es\/wp-json\/wp\/v2\/media\/332260"}],"wp:attachment":[{"href":"https:\/\/www.europesays.com\/es\/wp-json\/wp\/v2\/media?parent=332259"}],"wp:term":[{"taxonomy":"category","embeddable":true,"href":"https:\/\/www.europesays.com\/es\/wp-json\/wp\/v2\/categories?post=332259"},{"taxonomy":"post_tag","embeddable":true,"href":"https:\/\/www.europesays.com\/es\/wp-json\/wp\/v2\/tags?post=332259"}],"curies":[{"name":"wp","href":"https:\/\/api.w.org\/{rel}","templated":true}]}}