{"id":332288,"date":"2026-01-09T23:59:07","date_gmt":"2026-01-09T23:59:07","guid":{"rendered":"https:\/\/www.europesays.com\/es\/332288\/"},"modified":"2026-01-09T23:59:07","modified_gmt":"2026-01-09T23:59:07","slug":"activada-la-alerta-por-fuertes-vientos-guardia-urbana-de-barcelona","status":"publish","type":"post","link":"https:\/\/www.europesays.com\/es\/332288\/","title":{"rendered":"Activada la alerta por fuertes vientos | Guardia Urbana de Barcelona"},"content":{"rendered":"<p><strong>Seguridad y prevenci\u00f3n.<\/strong> Se recomienda alejarse de los lugares expuestos al viento y evitar acceder a las playas.<\/p>\n<p><strong>Ante los fuertes vientos en la ciudad, este viernes, 9 de enero, se ha activado el Plan de actuaci\u00f3n municipal por fuertes vientos, en fase de alerta. Se recomienda a la ciudadan\u00eda que aumente la precauci\u00f3n y que evite los lugares expuestos al viento. Asimismo, se recuerda la prohibici\u00f3n de acceder a los espigones de la playa y de entrar en el agua mientras ondee la bandera roja, izada en todas las playas. Se ha procedido a cerrar todos los parques de la ciudad.<\/strong><\/p>\n<p>Las <strong>recomendaciones<\/strong> en episodios de fuertes vientos son las siguientes:<\/p>\n<p><strong>En casa<\/strong><\/p>\n<ul>\n<li><strong>No subas a lugares altos y expuestos al viento,<\/strong> como terrados, andamios o similares.<\/li>\n<li><strong>Retira los tiestos y objetos de las ventanas y los balcones<\/strong> que puedan caer a la calle.<\/li>\n<li><strong>Revisa las antenas o los aparatos de aire acondicionado situados<\/strong> en el exterior del hogar.<\/li>\n<li><strong>Cierra y asegura las puertas y ventanas.<\/strong><\/li>\n<li>Baja las persianas y <strong>recoge los toldos<\/strong>.<\/li>\n<\/ul>\n<p><strong>En la calle<\/strong><\/p>\n<ul>\n<li>Es conveniente <strong>alejarse de las cornisas, muros y \u00e1rboles<\/strong> que se puedan desprender.<\/li>\n<li>Circula con cuidado cerca de edificios en obras.<\/li>\n<li>Extrema las <strong>precauciones si realizas actividades al aire libre<\/strong>.<\/li>\n<li>Ten cuidado con los veh\u00edculos que est\u00e9n aparcados en la calle. El viento puede hacer caer motos u otros elementos del mobiliario urbano.<\/li>\n<li>Procura alejarte del litoral. Los fuertes vientos a menudo van acompa\u00f1ados de mareas y oleaje.<\/li>\n<\/ul>\n<p>Encontrar\u00e1s todas las <strong>recomendaciones de seguridad<\/strong> en la web de los <a href=\"https:\/\/ajuntament.barcelona.cat\/bombers\/ca\/noticia\/lajuntament-de-barcelona-activa-el-pla-basic-demergencia-per-ventades-en-fase-dalerta_892589\" rel=\"nofollow noopener\" target=\"_blank\">Bomberos de Barcelona<\/a>.<\/p>\n","protected":false},"excerpt":{"rendered":"Seguridad y prevenci\u00f3n. Se recomienda alejarse de los lugares expuestos al viento y evitar acceder a las playas.&hellip;\n","protected":false},"author":2,"featured_media":332289,"comment_status":"","ping_status":"","sticky":false,"template":"","format":"standard","meta":{"footnotes":""},"categories":[8],"tags":[17,18,25,24,13,14,11,19,20,9,10,15,16,23,12,21,22],"class_list":{"0":"post-332288","1":"post","2":"type-post","3":"status-publish","4":"format-standard","5":"has-post-thumbnail","7":"category-espana","8":"tag-breaking-news","9":"tag-breakingnews","10":"tag-es","11":"tag-espana","12":"tag-featured-news","13":"tag-featurednews","14":"tag-headlines","15":"tag-latest-news","16":"tag-latestnews","17":"tag-news","18":"tag-noticias","19":"tag-noticias-destacadas","20":"tag-noticiasdestacadas","21":"tag-spain","22":"tag-titulares","23":"tag-ultimas-noticias","24":"tag-ultimasnoticias"},"share_on_mastodon":{"url":"https:\/\/pubeurope.com\/@es\/115867861952107446","error":""},"_links":{"self":[{"href":"https:\/\/www.europesays.com\/es\/wp-json\/wp\/v2\/posts\/332288","targetHints":{"allow":["GET"]}}],"collection":[{"href":"https:\/\/www.europesays.com\/es\/wp-json\/wp\/v2\/posts"}],"about":[{"href":"https:\/\/www.europesays.com\/es\/wp-json\/wp\/v2\/types\/post"}],"author":[{"embeddable":true,"href":"https:\/\/www.europesays.com\/es\/wp-json\/wp\/v2\/users\/2"}],"replies":[{"embeddable":true,"href":"https:\/\/www.europesays.com\/es\/wp-json\/wp\/v2\/comments?post=332288"}],"version-history":[{"count":0,"href":"https:\/\/www.europesays.com\/es\/wp-json\/wp\/v2\/posts\/332288\/revisions"}],"wp:featuredmedia":[{"embeddable":true,"href":"https:\/\/www.europesays.com\/es\/wp-json\/wp\/v2\/media\/332289"}],"wp:attachment":[{"href":"https:\/\/www.europesays.com\/es\/wp-json\/wp\/v2\/media?parent=332288"}],"wp:term":[{"taxonomy":"category","embeddable":true,"href":"https:\/\/www.europesays.com\/es\/wp-json\/wp\/v2\/categories?post=332288"},{"taxonomy":"post_tag","embeddable":true,"href":"https:\/\/www.europesays.com\/es\/wp-json\/wp\/v2\/tags?post=332288"}],"curies":[{"name":"wp","href":"https:\/\/api.w.org\/{rel}","templated":true}]}}