{"id":332358,"date":"2026-01-10T00:57:22","date_gmt":"2026-01-10T00:57:22","guid":{"rendered":"https:\/\/www.europesays.com\/es\/332358\/"},"modified":"2026-01-10T00:57:22","modified_gmt":"2026-01-10T00:57:22","slug":"estilo-maximalista-una-casa-elegante-y-eclectica-llena-de-personalidad","status":"publish","type":"post","link":"https:\/\/www.europesays.com\/es\/332358\/","title":{"rendered":"Estilo maximalista, una casa elegante y ecl\u00e9ctica llena de personalidad"},"content":{"rendered":"<p>\u201cNunca hablamos de ambiente. Para nosotros, las casas hay que vivirlas con naturalidad\u201d, dice Mafalda Mu\u00f1oz. <strong>El tono del estilo maximalista est\u00e1 marcado<\/strong>. Casa Mu\u00f1oz, el d\u00fao que forma con su marido Gonzalo Machado, ve la arquitectura de interiores a trav\u00e9s del prisma de la historia. La de sus ocupantes y la del propio edificio, sin caer nunca en el historicismo f\u00e1cil. La pareja madrile\u00f1a presenta su interior como \u201cun resumen de todo lo que aman, con la sensaci\u00f3n de que el tiempo ha pasado\u201d. El tiempo es la palabra clave en este lugar, habitado por varias historias entrelazadas que vamos descubriendo poco a poco durante la visita.<\/p>\n<p><img decoding=\"async\" alt=\"sala estilo maximalista\" loading=\"lazy\" class=\"ResponsiveImageContainer-eNxvmU cfBbTk responsive-image__image\"   src=\"https:\/\/www.europesays.com\/es\/wp-content\/uploads\/2026\/01\/Casa_Munoz_madrid9768.jpeg\"\/><\/p>\n<p>En la sala se exponen obras adquiridas por la pareja a lo largo de los a\u00f1os. Una l\u00e1mpara colgante de Aur\u00e8lia Mu\u00f1oz se alza junto a cuadros de \u00c1ngel Alonso (izquierda) y Miguel Marina (derecha), una cabeza egipcia de piedra y un librero de Claudio Salocchi.<\/p>\n<p>Giulio Ghirardi<\/p>\n<p>\u00abNunca hablamos de ambiente. Para nosotros, las casas deben vivirse con naturalidad\u00bb.<\/p>\n<p>La interiorista Mafalda Mu\u00f1oz<\/p>\n<p>Situada en el barrio de Justicia de Madrid, <strong>esta <a href=\"https:\/\/www.admagazine.com\/articulos\/estilo-maximalista-el-truco-decorativo-para-renovar-un-departamento\" rel=\"nofollow noopener\" target=\"_blank\">casa estilo maximalista<\/a><\/strong>, construida en 1900, envuelve un patio interior a modo de galer\u00eda, y el departamento ocupa una de las plantas de esta luminosa isla. \u201cCon cuatro metros de altura de techo, hab\u00eda un marco para crear algo de verdad\u201d, confiesan, igualmente contentos de haber encontrado molduras, un elemento decorativo bastante raro en la capital espa\u00f1ola. Cuando llegaron, el departamento albergaba las oficinas de un bufete de abogados, sin cocina ni ba\u00f1o, \u201cpero te da la impresi\u00f3n de que siempre ha sido una casa, conservando la esencia de lo que era cuando se construy\u00f3\u201d, explica Mafalda Mu\u00f1oz. \u201cDada su estructura, no es un lugar que hubi\u00e9ramos podido demoler y rehacer por completo\u201d, a\u00f1ade Gonzalo Machado, \u201cas\u00ed que nuestro principal reto fue adaptar nuestra forma de vivir en familia a este espacio singular\u201d.<\/p>\n<p><img decoding=\"async\" alt=\"sala estilo maximalista\" loading=\"lazy\" class=\"ResponsiveImageContainer-eNxvmU cfBbTk responsive-image__image\"   src=\"https:\/\/www.europesays.com\/es\/wp-content\/uploads\/2026\/01\/Casa_Munoz_madrid9656.jpeg\"\/><\/p>\n<p>En la sala, bajo un lienzo de Alex Marco, un sill\u00f3n Directoire y una mesa auxiliar de Bernard Vuarnesson. La l\u00e1mpara de cer\u00e1mica es obra del estudio de dise\u00f1o de Casa Mu\u00f1oz, CM Editions.<\/p>\n<p>Giulio Ghirardi<img decoding=\"async\" alt=\"sala estilo maximalista\" loading=\"lazy\" class=\"ResponsiveImageContainer-eNxvmU cfBbTk responsive-image__image\"   src=\"https:\/\/www.europesays.com\/es\/wp-content\/uploads\/2026\/01\/Casa_Munoz_madrid9713.jpeg\"\/><\/p>\n<p>La sala de TV se concibi\u00f3 como un set de cine, con un sof\u00e1 tapizado en tela (Dedar) y cubos met\u00e1licos (todo de CM Editions) sobre los que se coloca un candelabro (Fredrikson Stallard). En las paredes, de izquierda a derecha, una fotograf\u00eda de Grillo Demo, una instant\u00e1nea de Bastiaan Woudt, un cuadro de Nacho Torra (arriba) y otro de Robert Malherbe (abajo).<\/p>\n<p>Giulio GhirardiDos salas, dos ambientes<\/p>\n<p>\u201cNo intentamos desarrollar un estilo\u201d, contin\u00faan, \u201csino conservar la p\u00e1tina original para evitar la impresi\u00f3n de que el espacio se hab\u00eda transformado demasiado\u201d. <strong>Los detalles arquitect\u00f3nicos del pasado de la <a href=\"https:\/\/www.admagazine.com\/galerias\/estilo-maximalista-como-unir-antiguedad-y-actualidad-en-el-diseno\" rel=\"nofollow noopener\" target=\"_blank\">casa estilo maximalista<\/a><\/strong> se conservaron e incluso se realzaron, como las molduras doradas de la sala, que se dejaron tal cual \u201cpara aportar informaci\u00f3n sobre la historia del departamento\u201d. Aunque quisieron aprovechar lo que ya exist\u00eda, Mafalda Mu\u00f1oz y Gonzalo Machado no dejaron de hacer que sus interiores vivan al ritmo de sus deseos. \u201cBuscamos y dise\u00f1amos muchos muebles, as\u00ed que cambiamos regularmente el color de las telas, los sof\u00e1s\u2026 Esta sala ya ha visto tres sof\u00e1s y cuatro alfombras\u201d, bromean. El blanco de las paredes tambi\u00e9n se tuvo muy en cuenta para abarcar todas las posibilidades. En contraste con el gran sal\u00f3n soleado, la peque\u00f1a sala contigua tiene un ambiente oscuro y silencioso. \u201cEsta habitaci\u00f3n, donde vemos la televisi\u00f3n, se dise\u00f1\u00f3 especialmente para la noche\u201d, apunta Gonzalo Machado. \u201cEl techo negro, las paredes naranjas y los cuadros le dan un aire cinematogr\u00e1fico\u201d.<\/p>\n<p><img decoding=\"async\" alt=\"comedor y biblioteca\" loading=\"lazy\" class=\"ResponsiveImageContainer-eNxvmU cfBbTk responsive-image__image\"   src=\"https:\/\/www.europesays.com\/es\/wp-content\/uploads\/2026\/01\/Casa_Munoz_madrid9740.jpeg\"\/><\/p>\n<p>El comedor es, ante todo, un espacio de trabajo para la pareja que dise\u00f1\u00f3 los libreros, la chimenea, las l\u00e1mparas de alabastro y el tablero de la mesa de pergamino, con base de Luigi Saccardo.<\/p>\n<p>Giulio Ghirardi<img decoding=\"async\" alt=\"dormitorio maximalista\" loading=\"lazy\" class=\"ResponsiveImageContainer-eNxvmU cfBbTk responsive-image__image\"   src=\"https:\/\/www.europesays.com\/es\/wp-content\/uploads\/2026\/01\/Casa_Munoz_madrid9851.jpeg\"\/><\/p>\n<p>En la habitaci\u00f3n de invitados, una cama con las iniciales de M\u00e1xima, la hija de la pareja, circa 1940. A ambos lados, mesitas de noche (CM Editions). En la pared, un espejo de Audoux Minet. Colcha (Dedar).<\/p>\n<p>Giulio GhirardiUn interior rico e \u00edntimo<\/p>\n<p>\u201cNos gusta acumular objetos y superponer capas por todas partes\u201d, contin\u00faa Mafalda Mu\u00f1oz. El departamento rebosa de obras de arte, vajillas refinadas y libros, acumulados a lo largo del tiempo o heredados del pasado. \u201cMe encanta todo lo que tengo en casa. Puede que sea un poco ca\u00f3tico, pero el resultado est\u00e1 lleno de recuerdos, es muy personal y c\u00e1lido\u201d. En cuanto al mobiliario, fue dise\u00f1ado por el estudio para dar la ilusi\u00f3n de que simplemente hab\u00eda sido colocado all\u00ed. \u201cCuando se construy\u00f3 la casa en 1900, no exist\u00edan los muebles a medida. As\u00ed que dise\u00f1amos estructuras que no tocaban las paredes\u201d. <strong>Este tipo de mobiliario se puede ver en todas las habitaciones,<\/strong> sobre todo en la cocina, dise\u00f1ada como un bistr\u00f3 con suelo de mosaico.<\/p>\n<p><img decoding=\"async\" alt=\"dormitorio en tonos beige\" loading=\"lazy\" class=\"ResponsiveImageContainer-eNxvmU cfBbTk responsive-image__image\"   src=\"https:\/\/www.europesays.com\/es\/wp-content\/uploads\/2026\/01\/Casa_Munoz_madrid0202.jpeg\"\/><\/p>\n<p>Giulio Ghirardi<\/p>\n<p><img decoding=\"async\" alt=\"ba\u00f1era en interior de dormitorio\" loading=\"lazy\" class=\"ResponsiveImageContainer-eNxvmU cfBbTk responsive-image__image\"   src=\"https:\/\/www.europesays.com\/es\/wp-content\/uploads\/2026\/01\/Casa_Munoz_madrid0215.jpeg\"\/><\/p>\n<p>Giulio Ghirardi<\/p>\n<p>Nos gusta acumular objetos y superponer capas por todas partes.<\/p>\n<p>La interiorista Mafalda Mu\u00f1oz<\/p>\n<p><strong>El dormitorio principal tambi\u00e9n refleja la historia del lugar,<\/strong> revelando el entramado y los ladrillos originales a trav\u00e9s de la cal blanca enlucida en las paredes. Para contrastar con estos materiales naturales, la pareja a\u00f1adi\u00f3 una larga y frugal chimenea de acero y una cama quimera con patas de le\u00f3n pero de tela de piel de oveja. La iluminaci\u00f3n del techo est\u00e1 pensada para ser \u201ccerrada y teatral\u201d, para realzar los objetos queridos por la pareja, como los bustos de obispos pertenecientes a los padres de Mafalda Mu\u00f1oz. Muy apegada a su herencia familiar, la interiorista quiso utilizar el modelo de estanter\u00eda creado por su padre, dise\u00f1ador antes que ella, para albergar estas reliquias. \u201cEl dormitorio es el \u00faltimo paso antes de dormir, es un templo\u201d, subraya.<\/p>\n<p><img decoding=\"async\" alt=\"estancia con obras de arte\" loading=\"lazy\" class=\"ResponsiveImageContainer-eNxvmU cfBbTk responsive-image__image\"   src=\"https:\/\/www.europesays.com\/es\/wp-content\/uploads\/2026\/01\/Casa_Munoz_madrid0080.jpeg\"\/><\/p>\n<p>Delante del escritorio art d\u00e9co, adquirido en los Pa\u00edses Bajos, una silla de Andr\u00e9 Sornay. A la derecha, un armario dise\u00f1ado por la pareja. En la pared, dos grabados de Bastiaan Woudt (Galer\u00eda Machado-Mu\u00f1oz) y, sobre el pilar, una l\u00e1mpara de Paul Dupr\u00e9-Lafon. Alfombra (David Hicks). Altavoz (Bang &amp; Olufsen).<\/p>\n<p>Giulio Ghirardi<img decoding=\"async\" alt=\"repisas con perfumes\" loading=\"lazy\" class=\"ResponsiveImageContainer-eNxvmU cfBbTk responsive-image__image\"   src=\"https:\/\/www.europesays.com\/es\/wp-content\/uploads\/2026\/01\/Casa_Munoz_madrid0061.jpeg\"\/><\/p>\n<p>En el despacho-vestidor de Gonzalo Machado, el ambiente es oscuro y misterioso. Aqu\u00ed, una estanter\u00eda para perfumes dise\u00f1ada por Casa Mu\u00f1oz parece responder a un espejo Brot de los a\u00f1os 30.<\/p>\n<p>Giulio Ghirardi<\/p>\n<p>Como prolongaci\u00f3n de este santuario, <strong>el espacio de cada persona se dise\u00f1\u00f3 para que sea lo m\u00e1s \u00edntimo posible,<\/strong> como los departamentos privados de los regentes de anta\u00f1o. Mientras que el ba\u00f1o-vestidor de Mafalda Mu\u00f1oz se dise\u00f1\u00f3 como una prolongaci\u00f3n del dormitorio, con un esp\u00edritu sereno, el despacho-vestidor, donde Gonzalo Machado trabaja de madrugada, desprende un aura m\u00e1s oscura. \u201cEs como una cueva\u201d, explica. \u201cPara nosotros, es importante que los espacios sin luz natural sean realmente oscuros\u201d. Autenticidad, siempre. Al revelarnos su interior, Casa Mu\u00f1oz parece proclamar su b\u00fasqueda de la verdad.<\/p>\n<p><img decoding=\"async\" alt=\"recibidor estilo clsico\" loading=\"lazy\" class=\"ResponsiveImageContainer-eNxvmU cfBbTk responsive-image__image\"   src=\"https:\/\/www.europesays.com\/es\/wp-content\/uploads\/2026\/01\/Casa_Munoz_madrid0017.jpeg\"\/><\/p>\n<p>La entrada con suelo de mosaico est\u00e1 ba\u00f1ada por la luz natural. En el centro, la mesa redonda es obra de Allan Jones y los sillones son de Raymond Subes. En la pared, los apliques de hierro forjado (CM Editions) estructuran el espacio.<\/p>\n<p>Giulio Ghirardi<img decoding=\"async\" alt=\"arte de habitaci\u00f3n\" loading=\"lazy\" class=\"ResponsiveImageContainer-eNxvmU cfBbTk responsive-image__image\"   src=\"https:\/\/www.europesays.com\/es\/wp-content\/uploads\/2026\/01\/Casa_Munoz_madrid9703.jpeg\"\/><\/p>\n<p>En un rinc\u00f3n del sal\u00f3n, sobre una mesa francesa de roble de los a\u00f1os cuarenta, una l\u00e1mpara de Jean Besnard y un cuadro de Stine Regilf. En la vitrina, una obra de \u00c1lvaro Catal\u00e1n de Ocon. En las paredes, obras de Teo Soriano, arriba, y de Grillo Demo, abajo. A la derecha, una obra de Antonio Ballester Moreno.<\/p>\n<p>Giulio Ghirardi<img decoding=\"async\" alt=\"retrato de hombre y mujer\" loading=\"lazy\" class=\"ResponsiveImageContainer-eNxvmU cfBbTk responsive-image__image\"   src=\"https:\/\/www.europesays.com\/es\/wp-content\/uploads\/2026\/01\/Casa_Munoz_madrid0181.jpeg\"\/><\/p>\n<p>Los arquitectos de interiores Mafalda Mu\u00f1oz y Gonzalo Machado, el d\u00fao de Casa Mu\u00f1oz.<\/p>\n<p>Giulio Ghirardi<\/p>\n<p>Art\u00edculo publicado originalmente en <strong>AD Francia<\/strong>.<\/p>\n","protected":false},"excerpt":{"rendered":"\u201cNunca hablamos de ambiente. Para nosotros, las casas hay que vivirlas con naturalidad\u201d, dice Mafalda Mu\u00f1oz. El tono&hellip;\n","protected":false},"author":2,"featured_media":332359,"comment_status":"","ping_status":"","sticky":false,"template":"","format":"standard","meta":{"footnotes":""},"categories":[173],"tags":[229,233,231,230,232,234,146,147,25,24,12234,23],"class_list":{"0":"post-332358","1":"post","2":"type-post","3":"status-publish","4":"format-standard","5":"has-post-thumbnail","7":"category-arte-y-diseno","8":"tag-arte","9":"tag-arte-y-diseno","10":"tag-arts","11":"tag-arts-and-design","12":"tag-design","13":"tag-diseno","14":"tag-entertainment","15":"tag-entretenimiento","16":"tag-es","17":"tag-espana","18":"tag-interiorismo","19":"tag-spain"},"share_on_mastodon":{"url":"https:\/\/pubeurope.com\/@es\/115868090132872395","error":""},"_links":{"self":[{"href":"https:\/\/www.europesays.com\/es\/wp-json\/wp\/v2\/posts\/332358","targetHints":{"allow":["GET"]}}],"collection":[{"href":"https:\/\/www.europesays.com\/es\/wp-json\/wp\/v2\/posts"}],"about":[{"href":"https:\/\/www.europesays.com\/es\/wp-json\/wp\/v2\/types\/post"}],"author":[{"embeddable":true,"href":"https:\/\/www.europesays.com\/es\/wp-json\/wp\/v2\/users\/2"}],"replies":[{"embeddable":true,"href":"https:\/\/www.europesays.com\/es\/wp-json\/wp\/v2\/comments?post=332358"}],"version-history":[{"count":0,"href":"https:\/\/www.europesays.com\/es\/wp-json\/wp\/v2\/posts\/332358\/revisions"}],"wp:featuredmedia":[{"embeddable":true,"href":"https:\/\/www.europesays.com\/es\/wp-json\/wp\/v2\/media\/332359"}],"wp:attachment":[{"href":"https:\/\/www.europesays.com\/es\/wp-json\/wp\/v2\/media?parent=332358"}],"wp:term":[{"taxonomy":"category","embeddable":true,"href":"https:\/\/www.europesays.com\/es\/wp-json\/wp\/v2\/categories?post=332358"},{"taxonomy":"post_tag","embeddable":true,"href":"https:\/\/www.europesays.com\/es\/wp-json\/wp\/v2\/tags?post=332358"}],"curies":[{"name":"wp","href":"https:\/\/api.w.org\/{rel}","templated":true}]}}