{"id":332360,"date":"2026-01-10T00:59:08","date_gmt":"2026-01-10T00:59:08","guid":{"rendered":"https:\/\/www.europesays.com\/es\/332360\/"},"modified":"2026-01-10T00:59:08","modified_gmt":"2026-01-10T00:59:08","slug":"quien-es-jessica-goicoechea-concursante-de-el-desafio-6-en-antena-3-de-su-pasado-en-victorias-secret-a-su-propia-marca-de-moda","status":"publish","type":"post","link":"https:\/\/www.europesays.com\/es\/332360\/","title":{"rendered":"\u00bfQui\u00e9n es Jessica Goicoechea, concursante de &#8216;El desaf\u00edo 6&#8217; en Antena 3? De su pasado en Victoria&#8217;s Secret a su propia marca de moda"},"content":{"rendered":"\n<p> Antena 3 estrena este viernes, 9 de enero, la sexta temporada de El desaf\u00edo y, entre sus concursantes, hay un nombre que despierta tanta curiosidad como expectaci\u00f3n: Jessica Goicoechea. Para parte del p\u00fablico general puede ser una inc\u00f3gnita, pero<strong> para millones de usuarios en redes sociales \u2014y para la industria de la moda\u2014 es una figura m\u00e1s que conocida. <\/strong>Su salto al prime time supone un nuevo paso en la evoluci\u00f3n televisiva de una de las influencers m\u00e1s potentes del panorama espa\u00f1ol. <\/p>\n<p> <strong>Nacida en Barcelona en noviembre de 1996, Jessica Goicoechea comenz\u00f3 muy pronto en el mundo del modelaje. Con apenas 13 a\u00f1os ya hac\u00eda castings y trabajos,<\/strong> aunque su carrera en las pasarelas tradicionales estuvo marcada por los rechazos debido a su estatura, un obst\u00e1culo habitual en una industria poco flexible. Lejos de rendirse, supo leer antes que muchos el potencial de Instagram, una plataforma que acabar\u00eda convirti\u00e9ndose en el eje de su proyecci\u00f3n profesional y en su principal herramienta de trabajo. <\/p>\n<p> Hoy, <strong>con casi dos millones de seguidores, Goicoechea es mucho m\u00e1s que una creadora de contenido. Ha trabajado con firmas internacionales como Calvin Klein, Puma, Calzedonia o Victoria\u2019s Secret,<\/strong> ha protagonizado editoriales en revistas como Vogue o Glamour y ha construido una imagen muy reconocible basada en una est\u00e9tica sensual, directa y sin complejos. Esa exposici\u00f3n constante la ha convertido en una figura habitual del ecosistema medi\u00e1tico, aunque hasta ahora su presencia en televisi\u00f3n hab\u00eda sido puntual. <\/p>\n<p> Uno de los pilares de su \u00e9xito es su faceta empresarial.<strong> En 2019 lanz\u00f3 GOI, su propia marca de moda y cosm\u00e9tica, especializada en bikinis, ba\u00f1adores y productos de belleza con una clara inspiraci\u00f3n estadounidense.<\/strong> La firma se ha convertido en una de las m\u00e1s visibles del sector influencer en Espa\u00f1a y ha consolidado a Jessica como empresaria, un perfil que encaja especialmente bien con el tipo de concursantes que busca El desaf\u00edo: rostros populares, con car\u00e1cter y acostumbrados a salir de su zona de confort. <\/p>\n<p>                Jessica Goicoechea, en &#8216;El desaf\u00edo&#8217;. (Antena 3)            <\/p>\n<p> Pero la historia de Jessica Goicoechea tambi\u00e9n est\u00e1 marcada por la superaci\u00f3n personal.<strong> En 2020 denunci\u00f3 haber sido v\u00edctima de maltrato f\u00edsico y psicol\u00f3gico por parte de su entonces pareja<\/strong>. A\u00f1os despu\u00e9s, decidi\u00f3 romper el silencio y contar su experiencia p\u00fablicamente, un testimonio duro que gener\u00f3 una gran ola de apoyo y que reforz\u00f3 su imagen como una mujer resiliente, capaz de reconstruirse tras una etapa muy oscura de su vida. <\/p>\n<p> En el plano sentimental, su nombre ha estado ligado a figuras medi\u00e1ticas como Ar\u00f3n Piper o Marc Bartra, pero su \u00faltima pareja conocida ha sido el <strong>jugador de rugby\u00a0Manu Moreno<\/strong>, con quien no ha ocultado su complicidad. Aun as\u00ed, Jessica siempre ha intentado separar su vida privada de su faceta profesional, centrando su discurso p\u00fablico en el trabajo, la moda y su crecimiento personal. <\/p>\n<p> Con su fichaje por El desaf\u00edo, Jessica<strong> Goicoechea se enfrenta ahora a un reto distinto: mostrarse m\u00e1s all\u00e1 de la imagen cuidadosamente construida en redes<\/strong> y demostrar de qu\u00e9 es capaz en pruebas f\u00edsicas y mentales extremas. Para los espectadores que esta noche se pregunten qui\u00e9n es, la respuesta es clara: una influencer de \u00e9xito, empresaria consolidada y protagonista de una historia personal compleja que ahora busca conquistar tambi\u00e9n al p\u00fablico del prime time en un formato en el que han brillado muchas de sus compa\u00f1eras, como Lola Lolita, Mar\u00eda Pombo o Marta D\u00edaz. <\/p>\n<p> Antena 3 estrena este viernes, 9 de enero, la sexta temporada de El desaf\u00edo y, entre sus concursantes, hay un nombre que despierta tanta curiosidad como expectaci\u00f3n: Jessica Goicoechea. Para parte del p\u00fablico general puede ser una inc\u00f3gnita, pero<strong> para millones de usuarios en redes sociales \u2014y para la industria de la moda\u2014 es una figura m\u00e1s que conocida. <\/strong>Su salto al prime time supone un nuevo paso en la evoluci\u00f3n televisiva de una de las influencers m\u00e1s potentes del panorama espa\u00f1ol. <\/p>\n","protected":false},"excerpt":{"rendered":"Antena 3 estrena este viernes, 9 de enero, la sexta temporada de El desaf\u00edo y, entre sus concursantes,&hellip;\n","protected":false},"author":2,"featured_media":332361,"comment_status":"","ping_status":"","sticky":false,"template":"","format":"standard","meta":{"footnotes":""},"categories":[171],"tags":[146,147,25,24,23,214],"class_list":{"0":"post-332360","1":"post","2":"type-post","3":"status-publish","4":"format-standard","5":"has-post-thumbnail","7":"category-tv","8":"tag-entertainment","9":"tag-entretenimiento","10":"tag-es","11":"tag-espana","12":"tag-spain","13":"tag-tv"},"share_on_mastodon":{"url":"https:\/\/pubeurope.com\/@es\/115868098125297559","error":""},"_links":{"self":[{"href":"https:\/\/www.europesays.com\/es\/wp-json\/wp\/v2\/posts\/332360","targetHints":{"allow":["GET"]}}],"collection":[{"href":"https:\/\/www.europesays.com\/es\/wp-json\/wp\/v2\/posts"}],"about":[{"href":"https:\/\/www.europesays.com\/es\/wp-json\/wp\/v2\/types\/post"}],"author":[{"embeddable":true,"href":"https:\/\/www.europesays.com\/es\/wp-json\/wp\/v2\/users\/2"}],"replies":[{"embeddable":true,"href":"https:\/\/www.europesays.com\/es\/wp-json\/wp\/v2\/comments?post=332360"}],"version-history":[{"count":0,"href":"https:\/\/www.europesays.com\/es\/wp-json\/wp\/v2\/posts\/332360\/revisions"}],"wp:featuredmedia":[{"embeddable":true,"href":"https:\/\/www.europesays.com\/es\/wp-json\/wp\/v2\/media\/332361"}],"wp:attachment":[{"href":"https:\/\/www.europesays.com\/es\/wp-json\/wp\/v2\/media?parent=332360"}],"wp:term":[{"taxonomy":"category","embeddable":true,"href":"https:\/\/www.europesays.com\/es\/wp-json\/wp\/v2\/categories?post=332360"},{"taxonomy":"post_tag","embeddable":true,"href":"https:\/\/www.europesays.com\/es\/wp-json\/wp\/v2\/tags?post=332360"}],"curies":[{"name":"wp","href":"https:\/\/api.w.org\/{rel}","templated":true}]}}