{"id":332411,"date":"2026-01-10T01:41:09","date_gmt":"2026-01-10T01:41:09","guid":{"rendered":"https:\/\/www.europesays.com\/es\/332411\/"},"modified":"2026-01-10T01:41:09","modified_gmt":"2026-01-10T01:41:09","slug":"el-cd-tenerife-logra-un-triunfo-gracias-a-su-fe-ante-el-talavera-1-0","status":"publish","type":"post","link":"https:\/\/www.europesays.com\/es\/332411\/","title":{"rendered":"El CD Tenerife logra un triunfo gracias a su fe ante el Talavera (1-0)"},"content":{"rendered":"<p>Al <a href=\"https:\/\/diariodeavisos.elespanol.com\/deportes\/cd-tenerife\/\" rel=\"nofollow noopener\" target=\"_blank\">CD Tenerife<\/a> se le suelen atragantar partidos como el que le plante\u00f3 el <a href=\"https:\/\/xn--clubdeftboltalavera-68b.es\/\" rel=\"nofollow noopener\" target=\"_blank\">Talavera de la Reina<\/a>, sin embargo ayer tir\u00f3 de fe y de constancia para llevarse tres puntos de oro en el minuto 91. Cuando ya el primer empate de la temporada sobrevolaba el Heliodoro, C\u00e9sar se empe\u00f1\u00f3 en darle a su equipo tres nuevos puntos en el \u00faltimo partido de la primera vuelta. Los blanquiazules llegan a los 44 puntos y son m\u00e1s l\u00edderes en el Grupo 1 de Primera RFEF.<\/p>\n<p>Cervera \u00fanicamente realiz\u00f3 un cambio en la alineaci\u00f3n. Dio entrada a Maikel Mesa por Jes\u00fas de Miguel. El \u201911\u2019 blanquiazul volvi\u00f3 a salir de inicio tres encuentros despu\u00e9s, desde el choque de Avil\u00e9s. De resto, sin novedades. Con Dani Mart\u00edn en la porter\u00eda, la defensa est\u00e1 compuesta por C\u00e9sar, Land\u00e1zuri, Le\u00f3n y David Rodr\u00edguez. Juanjo S\u00e1nchez y Fabricio siguen en el doble pivote, con Nacho Gil y Alassan en las bandas. Arriba Enric Gallego y el citado Maikel Mesa.<\/p>\n<p>El Talavera salt\u00f3 al terreno de juego con una propuesta atrevida que meti\u00f3 en su campo al CD Tenerife. No obstante la primera aproximaci\u00f3n de peligro fue para los locales con un centro de Alassan al que no lleg\u00f3 Gallego.<\/p>\n<p>Las dos acciones destacadas posteriores fueron dos cartulinas amarillas, una para cada bando.<\/p>\n<p>La vio Capo en el 6 tras una falta sobre Maikel Mesa y luego Gallego le regal\u00f3 al \u00e1rbitro la posibilidad de compensar con una falta innecesaria. Una amonestaci\u00f3n que, adem\u00e1s, acarrea sanci\u00f3n. El punta no podr\u00e1 jugar en Zamora el pr\u00f3ximo fin de semana.<\/p>\n<p>La fe del CD Tenerife<\/p>\n<p>El CD Tenerife se apoder\u00f3 del esf\u00e9rico y en el 17 cre\u00f3 la primera ocasi\u00f3n clara de gol. Buen desmarque de ruptura de David que aprecia Juanjo, quien se hab\u00eda incorporado al ataque rompiendo l\u00edneas defensivas talaveranas. El bal\u00f3n fue para el canterano, quien no aprovech\u00f3 la primera posibilidad de disparar sobre la meta rival. Lo hizo tras un buen recorte, pero el bal\u00f3n se fue fuera cruzado. Buena ocasi\u00f3n para que los tinerfe\u00f1os se adelantasen en el marcador.<\/p>\n<p>Los siguientes minutos fueron de claro dominio local, pero dominio est\u00e9ril al fin y al cabo. A los de Cervera les faltaba profundidad, tanto por dentro como por fuera, y, sobretodo, mejorar el \u00faltimo pase. Superada la media hora de juego, el meta visitante apenas se hab\u00eda manchado los guantes.<\/p>\n<p>Mientras tanto, el Talavera hab\u00eda renunciado al ataque y se limitaba a defenderse con un entramado bien pertrechado. Llegaban a defender hasta con nueve efectivos.<\/p>\n<p>En la segunda parte el CD Tenerife salt\u00f3 al terreno de juego con una marcha m\u00e1s, algo que se not\u00f3 desde las primeras llegadas. Los blanquiazules apretaban y mord\u00edan, por lo que el Talavera qued\u00f3 embotellado en su \u00e1rea. A\u00fan as\u00ed, no se terminaba de fabricar ocasiones claras de gol.<\/p>\n<p>A\u00fan as\u00ed, la tuvo Alassan tras un pase de Maikel Mesa. Rechaz\u00f3 el guardameta Jaime Gonz\u00e1lez. A todas esas, el cuadro toledano repel\u00eda como pod\u00eda los cont\u00ednuos ataques canarios y perd\u00eda tiempo desesperadamente para calmar los \u00e1nimos.<\/p>\n<p>Cervera se empez\u00f3 a desesperar en el banquillo y decidi\u00f3 intervenir en el minuto 63. En ese momento dio entrada a De Miguel, por Maikel Mesa, y a Marc Mateu, por David. Mas adelante, en el 66, Aitor Sanz relev\u00f3 a Fabricio en la medular.<\/p>\n<p>Con el paso de los minutos, el evidente dominio local segu\u00eda sin convertirse en ocasiones de gol. Es m\u00e1s, al CD Tenerife le costaba cada vez m\u00e1s originarle problemas a Jaime Gonz\u00e1lez.<br \/>Es por eso que Cervera sigui\u00f3 moviendo su banquillo a ver si tocaba la tecla adecuada. Balde y Noel entraron al terreno de juego en el 77. Se fueron al banquillo Enric Gallego y Alassan.<\/p>\n<p>El Talavera termin\u00f3 de enfriar el partido solicitando una revisi\u00f3n del FVS por unas supuestas manos de Jos\u00e9 Le\u00f3n en un despeje. El colegiado fue al monitor y se tom\u00f3 todo el tiempo del mundo para decidir que la jugada de ataque del \u2018Tala\u2019 estaba invalidada previamente por un claro fuera de juego.<\/p>\n<p>Pero para el final quedaba lo mejor. En uno de los \u00faltimos intentos locales del encuentro, atac\u00f3 Balde por la izquierda poniendo un buen centro a la espalda de los defensores talaveranos. La dej\u00f3 muerta de cabeza De Miguel para que la rematara o bien Nacho o bien C\u00e9sar. Los dos llegaron listos para el remate, pero fue el lateral canterano el que finalmente remat\u00f3 el gol de la victoria local.<\/p>\n","protected":false},"excerpt":{"rendered":"Al CD Tenerife se le suelen atragantar partidos como el que le plante\u00f3 el Talavera de la Reina,&hellip;\n","protected":false},"author":2,"featured_media":332412,"comment_status":"","ping_status":"","sticky":false,"template":"","format":"standard","meta":{"footnotes":""},"categories":[268],"tags":[168,25,24,280,282,281,23,167],"class_list":{"0":"post-332411","1":"post","2":"type-post","3":"status-publish","4":"format-standard","5":"has-post-thumbnail","7":"category-futbol","8":"tag-deportes","9":"tag-es","10":"tag-espana","11":"tag-football","12":"tag-futbol","13":"tag-soccer","14":"tag-spain","15":"tag-sports"},"share_on_mastodon":{"url":"https:\/\/pubeurope.com\/@es\/115868263185739530","error":""},"_links":{"self":[{"href":"https:\/\/www.europesays.com\/es\/wp-json\/wp\/v2\/posts\/332411","targetHints":{"allow":["GET"]}}],"collection":[{"href":"https:\/\/www.europesays.com\/es\/wp-json\/wp\/v2\/posts"}],"about":[{"href":"https:\/\/www.europesays.com\/es\/wp-json\/wp\/v2\/types\/post"}],"author":[{"embeddable":true,"href":"https:\/\/www.europesays.com\/es\/wp-json\/wp\/v2\/users\/2"}],"replies":[{"embeddable":true,"href":"https:\/\/www.europesays.com\/es\/wp-json\/wp\/v2\/comments?post=332411"}],"version-history":[{"count":0,"href":"https:\/\/www.europesays.com\/es\/wp-json\/wp\/v2\/posts\/332411\/revisions"}],"wp:featuredmedia":[{"embeddable":true,"href":"https:\/\/www.europesays.com\/es\/wp-json\/wp\/v2\/media\/332412"}],"wp:attachment":[{"href":"https:\/\/www.europesays.com\/es\/wp-json\/wp\/v2\/media?parent=332411"}],"wp:term":[{"taxonomy":"category","embeddable":true,"href":"https:\/\/www.europesays.com\/es\/wp-json\/wp\/v2\/categories?post=332411"},{"taxonomy":"post_tag","embeddable":true,"href":"https:\/\/www.europesays.com\/es\/wp-json\/wp\/v2\/tags?post=332411"}],"curies":[{"name":"wp","href":"https:\/\/api.w.org\/{rel}","templated":true}]}}