{"id":332433,"date":"2026-01-10T01:54:08","date_gmt":"2026-01-10T01:54:08","guid":{"rendered":"https:\/\/www.europesays.com\/es\/332433\/"},"modified":"2026-01-10T01:54:08","modified_gmt":"2026-01-10T01:54:08","slug":"una-mujer-muere-y-nueve-personas-resultan-heridas-en-una-explosion-de-gas-en-carabanchel-madrid","status":"publish","type":"post","link":"https:\/\/www.europesays.com\/es\/332433\/","title":{"rendered":"Una mujer muere y nueve personas resultan heridas en una explosi\u00f3n de gas en Carabanchel (Madrid)"},"content":{"rendered":"<p> MADRID, 9 Ene. (EUROPA PRESS) &#8211;<\/p>\n<p>\u00a0 \u00a0Una mujer de avanzada edad ha fallecido este viernes y otras nueve m\u00e1s han resultado heridas, todas ellas de car\u00e1cter leve, tras una explosi\u00f3n de gas registrada en una vivienda situada en la calle Azcoitia, en el distrito madrile\u00f1o de Carabanchel.<\/p>\n<p>\u00a0 \u00a0La deflagraci\u00f3n se ha producido poco despu\u00e9s de las 16.00 horas por causas que ahora est\u00e1n siendo investigadas, seg\u00fan han informado a Europa Press fuentes policiales. Los servicios de emergencias han desalojado unas 30 viviendas de los bloques 36 y 38 debido al riesgo de colapso.<\/p>\n<p>\u00a0 \u00a0Como consecuencia de la explosi\u00f3n, una mujer de unos 80 a\u00f1os ha fallecido tras quedar semienterrada y con heridas en los brazos, el cuerpo y el rostro, seg\u00fan ha informado el supervisor de guardia de Samur-Protecci\u00f3n Civil, Emilio Benito, en declaraciones a los medios desde el lugar de los hechos.<\/p>\n<p>\u00a0 \u00a0Otra de las v\u00edctimas ha sido la pareja de la fallecida, un hombre de unos 84 a\u00f1os que ha sido trasladado al Hospital 12 de Octubre como potencialmente grave, aunque m\u00e1s tarde el propio Benito ha confirmado que est\u00e1 herido leve.<\/p>\n<p>\u00a0 \u00a0Adem\u00e1s de este matrimonio, el suceso ha dejado otras ocho personas heridas, todas ellas leves, que han sido atendidas por efectivos del SUMMA 112. Todos los heridos son mayores de edad y por el momento no se tiene constancia de desaparecidos.<\/p>\n<p>\u00a0 \u00a0Los Bomberos del Ayuntamiento de la capital han acudido al lugar y han logrado extinguir el incendio, con llamas en una zona muy localizada. Los efectivos de las 13 dotaciones que han acudido al lugar se han encontrado con cinco personas atrapadas, entre las que se encuentra la v\u00edctima mortal.<\/p>\n<blockquote class=\"twitter-tweet\" data-width=\"300\">\n<p lang=\"qme\" dir=\"ltr\"><a href=\"https:\/\/twitter.com\/hashtag\/Explosi%C3%B3n?src=hash&amp;ref_src=twsrc%5Etfw\" rel=\"nofollow noopener\" target=\"_blank\">#Explosi\u00f3n<\/a><a href=\"https:\/\/twitter.com\/BomberosMad?ref_src=twsrc%5Etfw\" rel=\"nofollow noopener\" target=\"_blank\">@BomberosMad<\/a> <a href=\"https:\/\/twitter.com\/SAMUR_PC?ref_src=twsrc%5Etfw\" rel=\"nofollow noopener\" target=\"_blank\">@SAMUR_PC<\/a> <a href=\"https:\/\/twitter.com\/hashtag\/SUMMA12?src=hash&amp;ref_src=twsrc%5Etfw\" rel=\"nofollow noopener\" target=\"_blank\">#SUMMA12<\/a><a href=\"https:\/\/twitter.com\/policiademadrid?ref_src=twsrc%5Etfw\" rel=\"nofollow noopener\" target=\"_blank\">@policiademadrid<\/a> <a href=\"https:\/\/twitter.com\/policia?ref_src=twsrc%5Etfw\" rel=\"nofollow noopener\" target=\"_blank\">@policia<\/a> <a href=\"https:\/\/t.co\/9dvGlKBemX\" rel=\"nofollow\">pic.twitter.com\/9dvGlKBemX<\/a><\/p>\n<p>\u2014 Emergencias Madrid (@EmergenciasMad) <a href=\"https:\/\/twitter.com\/EmergenciasMad\/status\/2009665599824150639?ref_src=twsrc%5Etfw\" rel=\"nofollow noopener\" target=\"_blank\">January 9, 2026<\/a><\/p><\/blockquote>\n<p>\u00a0\u00a0Seg\u00fan ha relatado el jefe de Bomberos de Madrid, Carlos Mar\u00edn, por el momento se descarta que pueda haber desaparecidos. \u00abNo hay indicios de ninguna desaparici\u00f3n. Policia ha hecho su trabajo, bomberos han hecho sus b\u00fasquedas, y ahora mismo no es previsible que encontremos (a nadie m\u00e1s)\u00bb, ha dicho.<\/p>\n<p>\u00a0 \u00a0 Asimismo, el Samur Social del Ayuntamiento se han personado en el lugar por si alguna de las personas que viven en el edificio precisa de una soluci\u00f3n habitacional. Al lugar tambi\u00e9n han acudido agentes de la Polic\u00eda Municipal y de la Polic\u00eda Nacional, que han acordonado la zona para garantizar la seguridad.<\/p>\n<p>FACHADA EN OBRAS<\/p>\n<p>\u00a0 \u00a0El edificio donde se ha producido la explosi\u00f3n es un bloque de cuatro plantas, con cuatro pisos por planta y construido en 1962, en el que se estaban acometiendo obras en la fachada, aunque en el momento de los hechos no hab\u00eda ning\u00fan trabajador en la zona.<\/p>\n<p>\u00a0 \u00a0 A la zona se ha trasladado la vicealcaldesa y delegada de Seguridad y Emergencias, Inma Sanz, que ha hablado de \u00abuna afectaci\u00f3n muy importante\u00bb en el edificio y ha recalcado que no consta ninguna persona desaparecida.<\/p>\n<p>\u00a0 \u00a0 La explosi\u00f3n se ha producido en la \u00faltima planta y ha provocado importantes da\u00f1os materiales en los pisos ubicados en la cuarta planta, tras el colapso del forjado de la cubierta que ha ca\u00eddo sobre la misma y que ha provocado la ca\u00edda del andamiaje de la fachada.<\/p>\n<p>\u00a0 \u00a0Seg\u00fan figura en el Registro de Edificaciones y Construcciones del Ayuntamiento de Madrid, el edificio cuenta con un Informe de Evaluaci\u00f3n de Edificios (IEE) desfavorable de 2019 por el estado general de fachadas, exteriores y medianeras, estado general de conservaci\u00f3n de cubiertas y azoteas, estado general de la fontaner\u00eda y la red de saneamiento. Las \u00f3rdenes de ejecuci\u00f3n y seguimiento de las obras a realizar estaban en tramitaci\u00f3n, seg\u00fan la documentaci\u00f3n consultada por Europa Press. \u00a0 \u00a0<\/p>\n<p>R\u00c1PIDA INTERVENCI\u00d3N DE LOS BOMBEROS<\/p>\n<p>\u00a0 \u00a0Poco despu\u00e9s, el delegado del Gobierno, Francisco Mart\u00edn, tambi\u00e9n se ha trasladado hasta la zona y, en declaraciones a la prensa, ha trasladado su p\u00e9same a los familiares de la v\u00edctima y ha expresado su gratitud a los servicios de emergencia por su r\u00e1pida actuaci\u00f3n.<\/p>\n<p>\u00a0 \u00a0Consultado sobre la rapidez de la intervenci\u00f3n, el jefe de Bomberos de Madrid ha se\u00f1alado que los cerca de 40 efectivos que han atendido el suceso proven\u00edan del Parque 12, situado en la avenida de los Poblados, a escasos cuatro kil\u00f3metros del lugar del suceso.<\/p>\n<p>\u00a0 \u00a0De hecho, testigos presenciales de lo ocurrido han coincidido en destacar la rapidez de la intervenci\u00f3n, apuntando que algunos efectivos de emergencias han acudido al lugar escasos minutos despu\u00e9s del incidente.<\/p>\n<p>\u00a0 \u00a0Se trata de Pedro y M\u00f3nica, vecinos de la calle Redentor, que han destacado que esta r\u00e1pida intervenci\u00f3n ha evitado una desgracia mayor, aunque a pesar de todo han relatado que el suceso \u00abha sido brutal\u00bb.<\/p>\n<p>\u00a0 \u00a0\u00abDe repente hemos o\u00eddo como una explosi\u00f3n s\u00faper grande, las puertas que estaban cerradas se han removido otra vez, las ventanas se estaban moviendo, las persianas, todo\u00bb, ha explicado Pedro. \u00abHa reventado los cristales, las ventanas&#8230; Ha llegado al parque\u00bb, ha relatado M\u00f3nica.<\/p>\n<p>\u00a0 \u00a0Ambos hablan de una explosi\u00f3n \u00abbrutal\u00bb tras la cual se han encontrado con personas atrapadas. \u00abEs una sensaci\u00f3n de desespero, porque ya hablabas con la persona y le dec\u00edas por favor, estate tranquilo, huele mucho a gas, pero el hombre llorando, asomando con la mano, pidiendo ayuda\u00bb, ha relatado Pedro, que ha destacado que los servicios de emergencias han llegado muy r\u00e1pido, en \u00abcosa de 4 o 5 minutos\u00bb.<\/p>\n<p>\u00a0 \u00a0Navidad, otra vecina que vive en el n\u00famero 34 de esa calle, ha explicado que han escuchado \u00abun golpe tremendo\u00bb y al mirar por la ventana ha visto que estaba \u00abel andamio ca\u00eddo del edificio de al lado, y la pared\u00bb. \u00abY ya, gritos y gente llorando\u00bb, ha relatado.\u00a0<\/p>\n<p><img decoding=\"async\" class=\"cssW100\" src=\"https:\/\/www.europesays.com\/es\/wp-content\/uploads\/2026\/01\/fotoarchivovideo_1041321_1_1_wd260.jpg\" alt=\"V\u00eddeo de la noticia\" width=\"100%\" height=\"auto\"\/><\/p>\n<p>1041352.1.260.149.20260109171048<\/p>\n<p> <img decoding=\"async\" alt=\"V\u00eddeo de la noticia\" width=\"100%\" height=\"auto\" class=\"cssW100\" src=\"https:\/\/www.europesays.com\/es\/wp-content\/uploads\/2026\/01\/fotoarchivovideo_1041352_1_1_wd260.jpg\"\/><\/p>\n<p><script async src=\"https:\/\/platform.twitter.com\/widgets.js\" charset=\"utf-8\"><\/script><\/p>\n","protected":false},"excerpt":{"rendered":"MADRID, 9 Ene. (EUROPA PRESS) &#8211; \u00a0 \u00a0Una mujer de avanzada edad ha fallecido este viernes y otras&hellip;\n","protected":false},"author":2,"featured_media":332434,"comment_status":"","ping_status":"","sticky":false,"template":"","format":"standard","meta":{"footnotes":""},"categories":[8],"tags":[17,18,25,24,13,14,11,19,20,9,10,15,16,23,12,21,22],"class_list":{"0":"post-332433","1":"post","2":"type-post","3":"status-publish","4":"format-standard","5":"has-post-thumbnail","7":"category-espana","8":"tag-breaking-news","9":"tag-breakingnews","10":"tag-es","11":"tag-espana","12":"tag-featured-news","13":"tag-featurednews","14":"tag-headlines","15":"tag-latest-news","16":"tag-latestnews","17":"tag-news","18":"tag-noticias","19":"tag-noticias-destacadas","20":"tag-noticiasdestacadas","21":"tag-spain","22":"tag-titulares","23":"tag-ultimas-noticias","24":"tag-ultimasnoticias"},"share_on_mastodon":{"url":"https:\/\/pubeurope.com\/@es\/115868314200413891","error":""},"_links":{"self":[{"href":"https:\/\/www.europesays.com\/es\/wp-json\/wp\/v2\/posts\/332433","targetHints":{"allow":["GET"]}}],"collection":[{"href":"https:\/\/www.europesays.com\/es\/wp-json\/wp\/v2\/posts"}],"about":[{"href":"https:\/\/www.europesays.com\/es\/wp-json\/wp\/v2\/types\/post"}],"author":[{"embeddable":true,"href":"https:\/\/www.europesays.com\/es\/wp-json\/wp\/v2\/users\/2"}],"replies":[{"embeddable":true,"href":"https:\/\/www.europesays.com\/es\/wp-json\/wp\/v2\/comments?post=332433"}],"version-history":[{"count":0,"href":"https:\/\/www.europesays.com\/es\/wp-json\/wp\/v2\/posts\/332433\/revisions"}],"wp:featuredmedia":[{"embeddable":true,"href":"https:\/\/www.europesays.com\/es\/wp-json\/wp\/v2\/media\/332434"}],"wp:attachment":[{"href":"https:\/\/www.europesays.com\/es\/wp-json\/wp\/v2\/media?parent=332433"}],"wp:term":[{"taxonomy":"category","embeddable":true,"href":"https:\/\/www.europesays.com\/es\/wp-json\/wp\/v2\/categories?post=332433"},{"taxonomy":"post_tag","embeddable":true,"href":"https:\/\/www.europesays.com\/es\/wp-json\/wp\/v2\/tags?post=332433"}],"curies":[{"name":"wp","href":"https:\/\/api.w.org\/{rel}","templated":true}]}}