{"id":332464,"date":"2026-01-10T02:17:06","date_gmt":"2026-01-10T02:17:06","guid":{"rendered":"https:\/\/www.europesays.com\/es\/332464\/"},"modified":"2026-01-10T02:17:06","modified_gmt":"2026-01-10T02:17:06","slug":"feijoo-declara-que-fue-un-error-decir-que-mazon-le-informaba-en-tiempo-real-desde-el-dia-de-antes-de-la-dana-valencia-plaza","status":"publish","type":"post","link":"https:\/\/www.europesays.com\/es\/332464\/","title":{"rendered":"Feij\u00f3o declara que fue un &quot;error&quot; decir que Maz\u00f3n le informaba &quot;en tiempo real&quot; desde el d\u00eda de antes de la Dana &#8211; Valencia Plaza"},"content":{"rendered":"<ol>\n<li><a href=\"https:\/\/news.google.com\/rss\/articles\/CBMi_wFBVV95cUxPc3RZbURvV2h0OFBrcDJvU3g1NjhqbkEyZUtzdTdaaHJtSWQ5aWdBcjZKdTAxQkluZFZEN2Y2M3g0czBzMWN1WHBNR1RVQUZYUGNSVkhkcFFacUpDVy04SUVKaWZKWHg3VTV0MHZ0ZzBZY1pLZE9OTFdyY1R6OHJ2SmNWaTRBbElwRWZLaWJBVWRpdC10TXlrYk1yRUZSRG9yNXlobmFrdlVDdTlyODZRTkQ4TUlraE5KWjVNT29HSkNmNldXck9nMjN0cnd5eFd0UEwyUUNkNHJldS02QXVtX2tmR0NYY21XM1MzZnA2U21TcS0waTQycnVnczR2NlU?oc=5\" target=\"_blank\" rel=\"nofollow noopener\">Feij\u00f3o declara que fue un \u00aberror\u00bb decir que Maz\u00f3n le informaba \u00aben tiempo real\u00bb desde el d\u00eda de antes de la Dana<\/a>&nbsp;&nbsp;Valencia Plaza<\/li>\n<li><a href=\"https:\/\/news.google.com\/rss\/articles\/CBMi_AFBVV95cUxQS3lTcjYxYWt4QXdDcjFLQVNYX1h0bHZmbFZJSlZLMGlRRGUzTHhUUXlUUzRxaDdTY05xMURjZkJWOXNXYXplT1d2WFFMcWhiRHJ4SERSbVNtcXhkcUlmOG93WXA5SEwyZ3o1ODhjbktvNFdZdWpVa0RfZWhEN3MzR2NRWVhQOEdQd293N2hXSWtTRWtaTHNEOTQ4RFVyeUIyMDhNbThYaVQyZWdqRWZndjZmVmdXQlVPbE1rZ3hiRFZVQVdadUhmQXVNa1M1X0UtLXBVazRyYWZmSkctcFNsMENaU1AwSGt5SUR6dkRrTEVhZXJfc1ZVZE1NVkY?oc=5\" target=\"_blank\" rel=\"nofollow noopener\">Feij\u00f3o admite ante la jueza de la dana que no recibi\u00f3 informaci\u00f3n de Maz\u00f3n de la desgracia<\/a>&nbsp;&nbsp;EL PA\u00cdS<\/li>\n<li><a href=\"https:\/\/news.google.com\/rss\/articles\/CBMigwJBVV95cUxNeWRaWkdtVHJxRUFOYVFSaVozZFFmaGplVjBmR0RZTk1BUk9aRmlBdUd6UXFPaVEyRGxPUFZ4ZXR6OS1kMHFBTHVicnpZQTRxbFFMb3BrN1p4U3lMdWJLNjZZNUVVWUxFSDdaMzV1RjRNcE1jMnVSQTB4TUNfY2QwbXE4WGJqNEtsV2tuX0hxaEx4dVJJTWtSZ2FNaGpZRHVuU2gzdXNuWXA0QVBqMlBZNUFPeDFMSWxQcjBzeTZSMkdla2hReUNES0d3dTlfRkM1cWtoWjNPMUFZbUs2QV9GM3ltTkVpa3BXZkRqWFJnQ2NTTElYTXNJRHlhU0hFM3IwRDY40gGDAkFVX3lxTE9lajR5d2dBTHpKQUkwTXJVWVFydGRMdGtqZzFxWWR3UGhYc285SkY4NUVLV3dPS2pDN1dfUVZXY25oRl9aczN3MmJVaDBwNVh1U0h1Rjk4bFVYSVhHQlhUOGNXV3ZSdHRTVjRCaW5xRDRoS0hqYURBaEUzekVLNzhCRWRzZWNrbC1JNUxjYW9iaU1qMUlYQl9mMVJqVDZTOWRuWmZTZ2tqajl1VTdJWmFSTDUyS0NoU294dWtrTmN1Sm5lRFp5REVTUG5PTUVNWGk1LVlOcUpQTmxsRDRXOG1Sa3JhUVJpd3Y5Vl9kT0RMMGNMcWtsYnFqcU4tQUo4QmowbU0?oc=5\" target=\"_blank\" rel=\"nofollow noopener\">Ferreras, sobre los mensajes de Maz\u00f3n a Feij\u00f3o el d\u00eda de la DANA: \u00abQueda en evidencia, una vez m\u00e1s, que es un<\/a>&nbsp;&nbsp;LaSexta<\/li>\n<li><a href=\"https:\/\/news.google.com\/rss\/articles\/CBMisgFBVV95cUxPQXhON0lHMFJ0RWJFdFJJRHhXOHhuQzRzaEZZRmN2UjA2MDJlcjRBWUpvai1YcDh6SF85M2J5akhzSlNjaEpXZmJXUUR5UEd4Vi0xV3p1QzlvdGpscTdZZVZzUllpa0RBMHdFaFFpeGpOUldFelo3VU5Gb2NFa1RZM0xZNHlfVEUwd0tSREFhRG5INDlOaEdQR2tzRDlaR2tpWDcxaHAtQnNLMWpPTERFR2RR0gG3AUFVX3lxTE5Qd1FDZVV0UjkwLUcwVWhrYld4ZUQwVGtjLWNsTnplWFA2WkNRM0x4bjdJZDRfRG0tZTFYOXNRUDhFWkZTT0FheDNYNWFnTVByWFphNHB5Z2xEN1pjbDMxTktTZ2l3eWk3SUdBMndTXzd0aFJReWNpMV96UmhKai0weVA3UmdWMUxfd2lHRnhyX2tWWlBMTjJvbkd4dFlOTWUwckk1NUpYVktDR2t4YzZLNnpFa1ZVOA?oc=5\" target=\"_blank\" rel=\"nofollow noopener\">Ponte al d\u00eda: Feij\u00f3o da marcha atr\u00e1s en su declaraci\u00f3n ante la jueza de la DANA y otras cuatro noticias de hoy<\/a>&nbsp;&nbsp;Diario P\u00fablico<\/li>\n<li><a href=\"https:\/\/news.google.com\/rss\/articles\/CBMitAFBVV95cUxOQ25pRjNCbmtjeThVakhfRjYtOG1zMFRjZ181cEw2QXltYUl6LUkxcllwb29oQ0ZhRmlEd2txdS1DZUttT0l3ZlJXc0dPX0VUdWpNdEh5NDJ1bmJ1ekhvdTl4VGpQb3JmRWd5ay0xem5OYVdkSnhJTHlZSEZ2YjRud1lCQnp6MEpEWWFLVzZRMHRfOHhVSklTcF9OLVlrU1pOZC01V3cxQzEwNlJGc0dNVFNKREQ?oc=5\" target=\"_blank\" rel=\"nofollow noopener\">Diana Morant acusa a Feij\u00f3o de mentir sobre la DANA y exige su dimisi\u00f3n<\/a>&nbsp;&nbsp;RTVE.es<\/li>\n<\/ol>\n","protected":false},"excerpt":{"rendered":"Feij\u00f3o declara que fue un \u00aberror\u00bb decir que Maz\u00f3n le informaba \u00aben tiempo real\u00bb desde el d\u00eda de&hellip;\n","protected":false},"author":2,"featured_media":330182,"comment_status":"","ping_status":"","sticky":false,"template":"","format":"standard","meta":{"footnotes":""},"categories":[8],"tags":[17,18,25,24,13,14,11,19,20,9,10,15,16,23,12,21,22],"class_list":{"0":"post-332464","1":"post","2":"type-post","3":"status-publish","4":"format-standard","5":"has-post-thumbnail","7":"category-espana","8":"tag-breaking-news","9":"tag-breakingnews","10":"tag-es","11":"tag-espana","12":"tag-featured-news","13":"tag-featurednews","14":"tag-headlines","15":"tag-latest-news","16":"tag-latestnews","17":"tag-news","18":"tag-noticias","19":"tag-noticias-destacadas","20":"tag-noticiasdestacadas","21":"tag-spain","22":"tag-titulares","23":"tag-ultimas-noticias","24":"tag-ultimasnoticias"},"share_on_mastodon":{"url":"https:\/\/pubeurope.com\/@es\/115868404508587106","error":""},"_links":{"self":[{"href":"https:\/\/www.europesays.com\/es\/wp-json\/wp\/v2\/posts\/332464","targetHints":{"allow":["GET"]}}],"collection":[{"href":"https:\/\/www.europesays.com\/es\/wp-json\/wp\/v2\/posts"}],"about":[{"href":"https:\/\/www.europesays.com\/es\/wp-json\/wp\/v2\/types\/post"}],"author":[{"embeddable":true,"href":"https:\/\/www.europesays.com\/es\/wp-json\/wp\/v2\/users\/2"}],"replies":[{"embeddable":true,"href":"https:\/\/www.europesays.com\/es\/wp-json\/wp\/v2\/comments?post=332464"}],"version-history":[{"count":0,"href":"https:\/\/www.europesays.com\/es\/wp-json\/wp\/v2\/posts\/332464\/revisions"}],"wp:featuredmedia":[{"embeddable":true,"href":"https:\/\/www.europesays.com\/es\/wp-json\/wp\/v2\/media\/330182"}],"wp:attachment":[{"href":"https:\/\/www.europesays.com\/es\/wp-json\/wp\/v2\/media?parent=332464"}],"wp:term":[{"taxonomy":"category","embeddable":true,"href":"https:\/\/www.europesays.com\/es\/wp-json\/wp\/v2\/categories?post=332464"},{"taxonomy":"post_tag","embeddable":true,"href":"https:\/\/www.europesays.com\/es\/wp-json\/wp\/v2\/tags?post=332464"}],"curies":[{"name":"wp","href":"https:\/\/api.w.org\/{rel}","templated":true}]}}