{"id":332512,"date":"2026-01-10T02:59:51","date_gmt":"2026-01-10T02:59:51","guid":{"rendered":"https:\/\/www.europesays.com\/es\/332512\/"},"modified":"2026-01-10T02:59:51","modified_gmt":"2026-01-10T02:59:51","slug":"la-1-apuesta-por-el-analisis-de-la-actualidad-con-directo-a-la-gente","status":"publish","type":"post","link":"https:\/\/www.europesays.com\/es\/332512\/","title":{"rendered":"La 1 apuesta por el an\u00e1lisis de la actualidad con Directo a la Gente"},"content":{"rendered":"<p>La 1 vuelve a apostar por la actualidad en este convulso inicio de a\u00f1o. \u2018<strong>Directo a la Gente<\/strong>\u2019 ser\u00e1 un especial en directo que ma\u00f1ana trasladar\u00e1 al prime time a <strong>Marta Flich, Jes\u00fas Cintora y Gonzalo Mir\u00f3<\/strong> para explicar con rigor, contexto y pluralidad las noticias que est\u00e1n marcando la agenda nacional e internacional.<\/p>\n<p>Marta Flich y Gonzalo Mir\u00f3 presentar\u00e1n los principales bloques, coordinar\u00e1n las conexiones en directo con reporteros e invitados, llevar\u00e1n a cabo entrevistas exclusivas y dar\u00e1n la \u00faltima hora. Jes\u00fas Cintora moderar\u00e1 la mesa de opini\u00f3n y debate, integrada por voces diversas y equilibradas del \u00e1mbito pol\u00edtico, period\u00edstico y social. Se completar\u00e1 con conexiones en directo con reporteros en la frontera de Venezuela y en Groenlandia. El especial incorporar\u00e1, adem\u00e1s, los principales asuntos de la actualidad pol\u00edtica y social en Espa\u00f1a.<\/p>\n<p>El plat\u00f3 de \u2018Directo al grano\u2019 acoger\u00e1 este \u2018Directo a la Gente\u2019, con una l\u00ednea gr\u00e1fica y una escenograf\u00eda adaptadas para la ocasi\u00f3n.<\/p>\n<p>&#8216;Directo a la Gente&#8217;, especial en prime time con Marta Flich, Gonzalo Mir\u00f3 y Jes\u00fas Cintora<\/p>\n<p>Referentes de la tarde en televisi\u00f3n<\/p>\n<p>\u2018Directo a la Gente\u2019 se emitir\u00e1 en la misma semana en la que los dos espacios de actualidad de las tardes de La 1 y de La 2 han batido r\u00e9cords de audiencia, consolidados como referentes de las tardes en televisi\u00f3n, con una acogida creciente del p\u00fablico. <\/p>\n<p>\u2018<a href=\"https:\/\/www.rtve.es\/play\/videos\/directo-al-grano\/\" rel=\"nofollow noopener\" target=\"_blank\">Directo al Grano<\/a>\u2019, que es cada tarde la oferta m\u00e1s contactada en su franja y l\u00edder a partir de las 17:00 horas, registr\u00f3 el lunes 5 de enero su m\u00e1ximo hist\u00f3rico de audiencia, 13,6% y 1.247.000 espectadores, y fue l\u00edder absoluto en su franja. Y ayer logr\u00f3 su tercera entrega m\u00e1s vista, con una media de 1.037.000 espectadores y un 11,7% de cuota.<\/p>\n<p>Por su parte, \u2018<a href=\"https:\/\/www.rtve.es\/play\/videos\/malas-lenguas\/\" rel=\"nofollow noopener\" target=\"_blank\">Malas lenguas<\/a>\u2019 firm\u00f3 ayer r\u00e9cord de espectadores en La 2, con 644.000, un 7,5% de cuota y casi 2 millones de contactos. Su segundo tramo, en La 1, se elev\u00f3 hasta 1.134.000, 11,4% y cerca de 2,2 millones de espectadores \u00fanicos, y alcanz\u00f3 la segunda posici\u00f3n en su franja.<\/p>\n","protected":false},"excerpt":{"rendered":"La 1 vuelve a apostar por la actualidad en este convulso inicio de a\u00f1o. \u2018Directo a la Gente\u2019&hellip;\n","protected":false},"author":2,"featured_media":332513,"comment_status":"","ping_status":"","sticky":false,"template":"","format":"standard","meta":{"footnotes":""},"categories":[91],"tags":[146,147,25,24,23],"class_list":{"0":"post-332512","1":"post","2":"type-post","3":"status-publish","4":"format-standard","5":"has-post-thumbnail","7":"category-entretenimiento","8":"tag-entertainment","9":"tag-entretenimiento","10":"tag-es","11":"tag-espana","12":"tag-spain"},"share_on_mastodon":{"url":"https:\/\/pubeurope.com\/@es\/115868573576949679","error":""},"_links":{"self":[{"href":"https:\/\/www.europesays.com\/es\/wp-json\/wp\/v2\/posts\/332512","targetHints":{"allow":["GET"]}}],"collection":[{"href":"https:\/\/www.europesays.com\/es\/wp-json\/wp\/v2\/posts"}],"about":[{"href":"https:\/\/www.europesays.com\/es\/wp-json\/wp\/v2\/types\/post"}],"author":[{"embeddable":true,"href":"https:\/\/www.europesays.com\/es\/wp-json\/wp\/v2\/users\/2"}],"replies":[{"embeddable":true,"href":"https:\/\/www.europesays.com\/es\/wp-json\/wp\/v2\/comments?post=332512"}],"version-history":[{"count":0,"href":"https:\/\/www.europesays.com\/es\/wp-json\/wp\/v2\/posts\/332512\/revisions"}],"wp:featuredmedia":[{"embeddable":true,"href":"https:\/\/www.europesays.com\/es\/wp-json\/wp\/v2\/media\/332513"}],"wp:attachment":[{"href":"https:\/\/www.europesays.com\/es\/wp-json\/wp\/v2\/media?parent=332512"}],"wp:term":[{"taxonomy":"category","embeddable":true,"href":"https:\/\/www.europesays.com\/es\/wp-json\/wp\/v2\/categories?post=332512"},{"taxonomy":"post_tag","embeddable":true,"href":"https:\/\/www.europesays.com\/es\/wp-json\/wp\/v2\/tags?post=332512"}],"curies":[{"name":"wp","href":"https:\/\/api.w.org\/{rel}","templated":true}]}}