{"id":332521,"date":"2026-01-10T03:04:42","date_gmt":"2026-01-10T03:04:42","guid":{"rendered":"https:\/\/www.europesays.com\/es\/332521\/"},"modified":"2026-01-10T03:04:42","modified_gmt":"2026-01-10T03:04:42","slug":"convocatoria-de-las-subvenciones-que-se-concederan-a-grupos-penas-y-otras-asociaciones-para-su-participacion-en-el-desfile-de-carnaval-2026-ayuntamiento-de-tudela","status":"publish","type":"post","link":"https:\/\/www.europesays.com\/es\/332521\/","title":{"rendered":"Convocatoria de las subvenciones que se conceder\u00e1n a grupos, pe\u00f1as y otras asociaciones para su participaci\u00f3n en el desfile de carnaval 2026 &#8211; Ayuntamiento de Tudela"},"content":{"rendered":"<ol>\n<li><a href=\"https:\/\/news.google.com\/rss\/articles\/CBMi_gFBVV95cUxNN25SMk1ob2lrNnZCWUhFQ0FrN2UwSFQ0YS1qeHN1ZnZLZThyTjJKSnNYeDU2V0gwR25IQ2kwTkUzSzhwek5OWXp1U09vcUJlVk9wZGV6Sktib2I5WmViVmxlMFBlNFpJOWhGdG16WmNVMnowLURfbHZxdEVheF9RTVlfNWZ5REJtMWg0dENrVEhMV05MSVJqdk13aHFiSVB4RTBQR251NHhNdVVpYmdpNUEwMlVucVVCelljQlFNYlBVcEJLMkFEczRFQ3d5cW8wVWVLaEw3TjdYd29kWm1GX2xFOXNfclYyNEdBejFxeFE5R0d1c1JwM3RlOUF0dw?oc=5\" target=\"_blank\" rel=\"nofollow noopener\">Convocatoria de las subvenciones que se conceder\u00e1n a grupos, pe\u00f1as y otras asociaciones para su participaci\u00f3n en el desfile de carnaval 2026<\/a>&nbsp;&nbsp;Ayuntamiento de Tudela<\/li>\n<li><a href=\"https:\/\/news.google.com\/rss\/articles\/CBMilwFBVV95cUxNUE9Fa0VRc2lLQkltX3ZOdFZGaG0yTHNURjlKQUY2cmJMZFd3UENSQS05Z2hxUDR1UHRIb0pzZ210RXd6STdWSzJtcUY1TldRUG5CX1N6XzBuN0ZxUEVyaG5Na1JMQ3F4QVo1YTl2M1d1YWdFVk43WGt5ZHA4RHBaTVhyRDBvSkE0T2dWXzB5UFE5TlJNMFhj?oc=5\" target=\"_blank\" rel=\"nofollow noopener\">Las comparsas optar\u00e1n a premio en Ribadavia<\/a>&nbsp;&nbsp;La Regi\u00f3n<\/li>\n<li><a href=\"https:\/\/news.google.com\/rss\/articles\/CBMiuAFBVV95cUxPa19BQmtMck10Zk9PeHYxeWdaTnhTUldWWXV4YlNFejlBQXlvc0xYbVN5QVVacDJLNTFjUzhLYlZqSTJ4MkwyYzN6X1ZZVEF0U1Fid1doT0VMQmxwb1VFcnZzNkdvNkV6QmhjbUJqVW9fR0JtVkJobEliZjZmOXlQb09KdVB3d2VLNF9Xc0lPQVVJeDVjYmh1SjNQcXJRUUdoQXNmckxVc0tfOTFEa3VRa2JUaUFENmlX?oc=5\" target=\"_blank\" rel=\"nofollow noopener\">El Desfile de Carnaval de Riotorto 2026 repartir\u00e1 m\u00e1s de 5.000 euros en premios<\/a>&nbsp;&nbsp;AMari\u00f1aXa<\/li>\n<li><a href=\"https:\/\/news.google.com\/rss\/articles\/CBMiywFBVV95cUxNX29PN3J3aDdIdC04eFRuUzZXUmdDZ0R0NFRza0YxUk9rbFJGV0xwczZ3M3I2aHo2TzV3XzFuc3NEd1pieVdEUFc2aU9PQjM3TEhzbjVBTUNTaURZV2E4VDM0NVJoUmhndm44cVBCRFc1TjZmamNZY3NCZGFSTDZ1WHo5QmMxZk9oM2c0TUl0OWhISVBGQ2psX2JSMFJGZUdoRDN0eklzYVZnSGJWTmwtR2ZGY0RVdkpPZVQ0OWQ2b0ZLd0M4N1BibmJoMA?oc=5\" target=\"_blank\" rel=\"nofollow noopener\">Ribadavia hace p\u00fablicas las bases para la participaci\u00f3n de las comparsas en desfile de Entroido 2026<\/a>&nbsp;&nbsp;Ourense.com<\/li>\n<\/ol>\n","protected":false},"excerpt":{"rendered":"Convocatoria de las subvenciones que se conceder\u00e1n a grupos, pe\u00f1as y otras asociaciones para su participaci\u00f3n en el&hellip;\n","protected":false},"author":2,"featured_media":330182,"comment_status":"","ping_status":"","sticky":false,"template":"","format":"standard","meta":{"footnotes":""},"categories":[5],"tags":[17,18,25,24,13,14,11,19,20,9,10,15,16,23,12,21,22],"class_list":{"0":"post-332521","1":"post","2":"type-post","3":"status-publish","4":"format-standard","5":"has-post-thumbnail","7":"category-titulares","8":"tag-breaking-news","9":"tag-breakingnews","10":"tag-es","11":"tag-espana","12":"tag-featured-news","13":"tag-featurednews","14":"tag-headlines","15":"tag-latest-news","16":"tag-latestnews","17":"tag-news","18":"tag-noticias","19":"tag-noticias-destacadas","20":"tag-noticiasdestacadas","21":"tag-spain","22":"tag-titulares","23":"tag-ultimas-noticias","24":"tag-ultimasnoticias"},"share_on_mastodon":{"url":"https:\/\/pubeurope.com\/@es\/115868589287841442","error":""},"_links":{"self":[{"href":"https:\/\/www.europesays.com\/es\/wp-json\/wp\/v2\/posts\/332521","targetHints":{"allow":["GET"]}}],"collection":[{"href":"https:\/\/www.europesays.com\/es\/wp-json\/wp\/v2\/posts"}],"about":[{"href":"https:\/\/www.europesays.com\/es\/wp-json\/wp\/v2\/types\/post"}],"author":[{"embeddable":true,"href":"https:\/\/www.europesays.com\/es\/wp-json\/wp\/v2\/users\/2"}],"replies":[{"embeddable":true,"href":"https:\/\/www.europesays.com\/es\/wp-json\/wp\/v2\/comments?post=332521"}],"version-history":[{"count":0,"href":"https:\/\/www.europesays.com\/es\/wp-json\/wp\/v2\/posts\/332521\/revisions"}],"wp:featuredmedia":[{"embeddable":true,"href":"https:\/\/www.europesays.com\/es\/wp-json\/wp\/v2\/media\/330182"}],"wp:attachment":[{"href":"https:\/\/www.europesays.com\/es\/wp-json\/wp\/v2\/media?parent=332521"}],"wp:term":[{"taxonomy":"category","embeddable":true,"href":"https:\/\/www.europesays.com\/es\/wp-json\/wp\/v2\/categories?post=332521"},{"taxonomy":"post_tag","embeddable":true,"href":"https:\/\/www.europesays.com\/es\/wp-json\/wp\/v2\/tags?post=332521"}],"curies":[{"name":"wp","href":"https:\/\/api.w.org\/{rel}","templated":true}]}}