{"id":332522,"date":"2026-01-10T03:10:10","date_gmt":"2026-01-10T03:10:10","guid":{"rendered":"https:\/\/www.europesays.com\/es\/332522\/"},"modified":"2026-01-10T03:10:10","modified_gmt":"2026-01-10T03:10:10","slug":"las-clasicas-de-nuevo-el-objetivo-de-soudal-quick-step","status":"publish","type":"post","link":"https:\/\/www.europesays.com\/es\/332522\/","title":{"rendered":"Las cl\u00e1sicas, de nuevo el objetivo de Soudal-Quick Step"},"content":{"rendered":"<p><img fetchpriority=\"high\" decoding=\"async\" class=\"aligncenter size-full wp-image-67398\" src=\"data:image\/svg+xml,%3Csvg%20xmlns=\" http:=\"\" alt=\"\" width=\"1025\" height=\"400\" data-lazy- data-lazy- data-lazy-src=\"https:\/\/www.europesays.com\/es\/wp-content\/uploads\/2025\/11\/anunci-generic-bla-1-1024x120-px-v3-02.jpg\"\/><\/p>\n<p>El d\u00eda a d\u00eda, las cl\u00e1sicas, de nuevo el objetivo de Soudal-Quick Step<\/p>\n<p>Hubo un tiempo en el que el asfalto de Flandes y el pav\u00e9 de Roubaix ten\u00edan due\u00f1o.<\/p>\n<p>Un tiempo donde <strong>la estructura de Patrick Lefevere no corr\u00eda para defender un maillot, sino para asaltar la carrera<\/strong>.<\/p>\n<p><a class=\"wppaslink\" href=\"https:\/\/joanseguidor.com\/pas\/ccmm-valenciana\/44016\/0\" target=\"_blank\" rel=\"nofollow noopener\"><img decoding=\"async\" src=\"data:image\/svg+xml,%3Csvg%20xmlns=\" http:=\"\" alt=\"CCMM Valenciana\" border=\"0\" data-lazy-src=\"https:\/\/www.europesays.com\/es\/wp-content\/uploads\/2026\/01\/1768014610_615_aralleida-hivern-970x250-crea2-es.jpg\"\/><\/a><\/p>\n<p>Tras el par\u00e9ntesis de Remco Evenepoel \u2014un ciclo marcado por el punto de mira en el Tour y el sacrificio del colectivo en favor de un solo hombre\u2014, <strong>el Soudal Quick-Step de 2026 ha decidido soltar lastre<\/strong>.<\/p>\n<p>Se acab\u00f3 el sue\u00f1o amarillo; vuelve la dictadura de las piedras.<\/p>\n<p>El adi\u00f3s de Remco no es una tragedia en las oficinas de Wevelgem, sino un alivio t\u00e1ctico.<\/p>\n<p>El equipo recupera su \u201cgen\u201d: ese tablero de ajedrez donde cualquier pieza pod\u00eda dar el mate.<\/p>\n<p>Sin embargo, el escenario ha cambiado.<\/p>\n<p><strong>Ya no basta con ser muchos; ahora hay que batir a los \u201cmonstruos\u201d<\/strong>. Tadej Poga\u010dar y Mathieu van der Poel han elevado el list\u00f3n a una altura que roza lo sobrenatural, y el Wolfpack lo sabe. Ya no son los favoritos, son los insurgentes.<\/p>\n<p>En esta nueva era, la esperanza tiene nombre franc\u00e9s y juventud insultante.<\/p>\n<p><strong><a href=\"https:\/\/joanseguidor.com\/paul-magnier-victorias\/\" target=\"_blank\" rel=\"noopener nofollow\">Paul Magnier<\/a> se ha convertido en la gran apuesta de futuro.<\/strong><\/p>\n<p>Con solo 21 a\u00f1os, el chico ya no solo quiere ganar sprints masivos; su mirada est\u00e1 puesta en el arco\u00edris y en las grandes citas de un d\u00eda.<\/p>\n<p>Representa esa transici\u00f3n dulce hacia un corredor total que pueda estar en la pelea cuando la carrera se rompe. Su confianza es el motor de un equipo que necesita creer que se puede ganar sin un l\u00edder absoluto.<\/p>\n<p>La nota discordante, sin embargo, <strong>la pone el presente m\u00e1s inmediato. Tim Merlier<\/strong>, el hombre llamado a asegurar el bot\u00edn de victorias mientras los j\u00f3venes maduran, arranca el 2026 con el pie cambiado.<\/p>\n<p>Una lesi\u00f3n de rodilla ha frenado en seco su debut de temporada.<\/p>\n<p>Sin Merlier al 100%, el plan de dominaci\u00f3n temprana se tambalea.<\/p>\n<p>Con todo, Lefevere ha vuelto a su esencia: un equipo sin ambages, agresivo y hambriento.<\/p>\n<p>Pero la nostalgia es un terreno peligroso en el ciclismo moderno.<\/p>\n<p><strong>Recuperar el ADN del Wolfpack es necesario<\/strong>, pero frente a la tiran\u00eda de los dos grandes dominadores actuales, el equipo belga ya no puede limitarse a \u201cestar ah\u00ed\u201d.<\/p>\n<p>Necesitan que Magnier explote y que la rodilla de Merlier responda, ah y que <a href=\"https:\/\/joanseguidor.com\/mikel-landa-podcast-joanseguidor\/\" target=\"_blank\" rel=\"noopener nofollow\">Mikel Landa<\/a> vuelva a liderar una estructura en una gran vuelta.<\/p>\n<p>Si no, el retorno a las ra\u00edces podr\u00eda acabar siendo, simplemente, un viaje al pasado sin billete de vuelta al podio.<\/p>\n<p>Imagen: Sprint Cycling Agency<\/p>\n<p>\u00a0<\/p>\n","protected":false},"excerpt":{"rendered":"El d\u00eda a d\u00eda, las cl\u00e1sicas, de nuevo el objetivo de Soudal-Quick Step Hubo un tiempo en el&hellip;\n","protected":false},"author":2,"featured_media":332523,"comment_status":"","ping_status":"","sticky":false,"template":"","format":"standard","meta":{"footnotes":""},"categories":[273],"tags":[313,312,168,25,24,2548,13512,23,167],"class_list":{"0":"post-332522","1":"post","2":"type-post","3":"status-publish","4":"format-standard","5":"has-post-thumbnail","7":"category-ciclismo","8":"tag-ciclismo","9":"tag-cycling","10":"tag-deportes","11":"tag-es","12":"tag-espana","13":"tag-featured","14":"tag-soudal-quick-step","15":"tag-spain","16":"tag-sports"},"share_on_mastodon":{"url":"https:\/\/pubeurope.com\/@es\/115868612837419701","error":""},"_links":{"self":[{"href":"https:\/\/www.europesays.com\/es\/wp-json\/wp\/v2\/posts\/332522","targetHints":{"allow":["GET"]}}],"collection":[{"href":"https:\/\/www.europesays.com\/es\/wp-json\/wp\/v2\/posts"}],"about":[{"href":"https:\/\/www.europesays.com\/es\/wp-json\/wp\/v2\/types\/post"}],"author":[{"embeddable":true,"href":"https:\/\/www.europesays.com\/es\/wp-json\/wp\/v2\/users\/2"}],"replies":[{"embeddable":true,"href":"https:\/\/www.europesays.com\/es\/wp-json\/wp\/v2\/comments?post=332522"}],"version-history":[{"count":0,"href":"https:\/\/www.europesays.com\/es\/wp-json\/wp\/v2\/posts\/332522\/revisions"}],"wp:featuredmedia":[{"embeddable":true,"href":"https:\/\/www.europesays.com\/es\/wp-json\/wp\/v2\/media\/332523"}],"wp:attachment":[{"href":"https:\/\/www.europesays.com\/es\/wp-json\/wp\/v2\/media?parent=332522"}],"wp:term":[{"taxonomy":"category","embeddable":true,"href":"https:\/\/www.europesays.com\/es\/wp-json\/wp\/v2\/categories?post=332522"},{"taxonomy":"post_tag","embeddable":true,"href":"https:\/\/www.europesays.com\/es\/wp-json\/wp\/v2\/tags?post=332522"}],"curies":[{"name":"wp","href":"https:\/\/api.w.org\/{rel}","templated":true}]}}