{"id":332524,"date":"2026-01-10T03:12:08","date_gmt":"2026-01-10T03:12:08","guid":{"rendered":"https:\/\/www.europesays.com\/es\/332524\/"},"modified":"2026-01-10T03:12:08","modified_gmt":"2026-01-10T03:12:08","slug":"euroliga-un-barcelona-academico-no-flojea-ante-el-partizan-baloncesto-deportes","status":"publish","type":"post","link":"https:\/\/www.europesays.com\/es\/332524\/","title":{"rendered":"Euroliga: Un Barcelona acad\u00e9mico no flojea ante el Partiz\u00e1n | Baloncesto | Deportes"},"content":{"rendered":"<p class=\"\">\u00bfQu\u00e9 hay de nuevo viejo? Eso pareci\u00f3 decir <a href=\"https:\/\/elpais.com\/noticias\/fc-barcelona-baloncesto\/\" target=\"_blank\" rel=\"noreferrer nofollow noopener\" title=\"https:\/\/elpais.com\/noticias\/fc-barcelona-baloncesto\/\">el Barcelona<\/a> antes de comenzar el duelo ante Partiz\u00e1n, el colista de la Euroliga que contaba con tres amigos que no hace tanto vistieron de azulgrana. Y no hubo rezongue, ensa\u00f1amiento ni pita con el t\u00e9cnico Joan Pe\u00f1arroya, <a href=\"https:\/\/elpais.com\/deportes\/baloncesto\/2025-11-09\/el-barcelona-destituye-a-joan-penarroya-tras-la-caida-libre-del-equipo.html\" target=\"_blank\" rel=\"noreferrer nofollow noopener\" title=\"https:\/\/elpais.com\/deportes\/baloncesto\/2025-11-09\/el-barcelona-destituye-a-joan-penarroya-tras-la-caida-libre-del-equipo.html\">despedido hace tres meses<\/a> porque fue incapaz de hilvanar un juego s\u00f3lido, con m\u00e1s guirigay que orden, con m\u00e1s libertades que cors\u00e9s, ni un solo t\u00edtulo que paladear. Tambi\u00e9n se le pirope\u00f3 a Jabary Parker, que hizo las delicias por dos cursos y que se march\u00f3 por la puerta de atr\u00e1s sin mucho bombo porque as\u00ed lo quiso el \u00e1rea deportiva, que prescindi\u00f3 de \u00e9l para apostar por Punter, pues entend\u00eda que no pod\u00eda haber dos gallos en el gallinero, al menos dos que con la pelota en las manos tiraran antes de pasar. Y m\u00e1s an\u00f3nimo pas\u00f3 Calathes, que no se encontr\u00f3 con Jasikevicius de 2020 a 2022. Pero ah\u00ed se acabaron los elogios y los mimos, focalizado el Barcelona en recuperar el pulso despu\u00e9s de mucho tiempo en coma, impulsado ahora por un Xavi Pascual que aporta vigor y energ\u00eda, tambi\u00e9n la idea de recuperar el orden y el mando, el adn Bar\u00e7a que tan bien conoce. Y con eso y poco m\u00e1s, algo de Vesely y mucho de Shengelia, bast\u00f3 para sumar un nuevo triunfo europeo y definirse como nobleza en Europa.<\/p>\n<p class=\"\">Al equipo azulgrana le cost\u00f3 mucho al inicio, sometido por el poder\u00edo f\u00edsico rival, tambi\u00e9n por una intensidad que no trasluc\u00eda el momento cr\u00edtico del Partiz\u00e1n, en las catacumbas de Europa y con una p\u00e9rdida de comuni\u00f3n entre la afici\u00f3n y los jugadores que en ocasiones hace insoportable el ambiente. Quiz\u00e1 fuera de casa notaban menos presi\u00f3n, como si estuvieran m\u00e1s liberados, como si las piernas les convirtiera en galgos. Parker pon\u00eda su triple, Bonga y Jekiri sumaban desde media distancia y Bruno Fernando se subraya como un jugador de \u00e9lite, todos al comp\u00e1s de Calathes, al que le sobra visi\u00f3n. Lo sufr\u00eda el Barcelona, con Hernang\u00f3mez tan afilado en el aro rival como destemplado en el propio, desafinado de inicio <a href=\"https:\/\/elpais.com\/deportes\/baloncesto\/2025-12-21\/el-barca-de-punter-vence-al-joventut-90-80-en-el-regreso-de-ricky-rubio-al-palau.html\" target=\"_blank\" rel=\"noreferrer nofollow noopener\" title=\"https:\/\/elpais.com\/deportes\/baloncesto\/2025-12-21\/el-barca-de-punter-vence-al-joventut-90-80-en-el-regreso-de-ricky-rubio-al-palau.html\">Punter en el tiro<\/a> y sin encontrar las rampas f\u00e1ciles a canasta. 13-20 para cerrar el primer acto.<\/p>\n<p class=\"\">Se aplic\u00f3 entonces el Bar\u00e7a en defensa, en jugar a lo mismo, en robar y correr, en encontrar a Vesely en el poste bajo y a Laprovittola y Satoransky -excepcional su \u00faltimo rebufo- en el exterior para poner las tablas, para recomenzar un duelo que se hab\u00eda torcido a las primeras de cambio. Pero el Partiz\u00e1n no estaba de paseo, entonado Osetkowski desde la periferia y descomunal Bruno Fernando en la botella. Hasta que <a href=\"https:\/\/elpais.com\/deportes\/baloncesto\/2025-08-28\/el-corazon-de-shengelia-y-el-eterno-shermadini.html\" target=\"_blank\" rel=\"noreferrer nofollow noopener\" title=\"https:\/\/elpais.com\/deportes\/baloncesto\/2025-08-28\/el-corazon-de-shengelia-y-el-eterno-shermadini.html\">Toko Shengelia pidi\u00f3 la pelota naranja y le dio nuevos br\u00edos al Bar\u00e7a<\/a>; ora un pase que nadie ve; ora una canasta que todos quieren, show georgiano para llegar al descanso en ventaja (41-35) y que continu\u00f3 hasta que el Bar\u00e7a encaden\u00f3 17 puntos por ninguno del rival.<\/p>\n<p class=\"\">Los males del Partiz\u00e1n salieron de golpe cuando se vieron por debajo, cabeza gacha y hombros alica\u00eddos, todos an\u00e9micos ante situaciones complejas, agotados en lo mental por los reveses del curso. Lo disfrut\u00f3 el Barcelona, catapultado por los triples de Norris y la hiperactividad de Punter, baloncesto de muchos kilates que explican que este equipo conjuntado <a href=\"https:\/\/elpais.com\/deportes\/baloncesto\/2026-01-04\/el-barca-da-un-golpe-sobre-la-mesa-en-el-clasico-ante-el-madrid.html\" target=\"_blank\" rel=\"noreferrer nofollow noopener\" title=\"https:\/\/elpais.com\/deportes\/baloncesto\/2026-01-04\/el-barca-da-un-golpe-sobre-la-mesa-en-el-clasico-ante-el-madrid.html\">puede competir contra cualquiera y aspirar a mucho<\/a>. Algo que desde hace tiempo no se daba. 62-50 con el \u00faltimo cap\u00edtulo por completar. Ese en el que Washington trat\u00f3 de rebelarse, sofocado finalmente por Vesely, de nuevo letal en los lanzamientos de media distancia, tambi\u00e9n por un Hernang\u00f3mez que se hinch\u00f3 a puntos en el sprint final. Suficiente para cerrar un triunfo de lo m\u00e1s acad\u00e9mico que sit\u00faa al Bar\u00e7a en lo alto de la tabla y enfanga m\u00e1s al Partiz\u00e1n. Tiene trabajo Pe\u00f1arroya,<a href=\"https:\/\/elpais.com\/deportes\/baloncesto\/2026-01-06\/valencia-real-madrid-y-barcelona-se-regalan-el-triunfo-el-dia-de-reyes.html\" target=\"_blank\" rel=\"noreferrer nofollow noopener\" title=\"https:\/\/elpais.com\/deportes\/baloncesto\/2026-01-06\/valencia-real-madrid-y-barcelona-se-regalan-el-triunfo-el-dia-de-reyes.html\"> ese que tan bien resuelve Xavi Pascual.<\/a><\/p>\n","protected":false},"excerpt":{"rendered":"\u00bfQu\u00e9 hay de nuevo viejo? Eso pareci\u00f3 decir el Barcelona antes de comenzar el duelo ante Partiz\u00e1n, el&hellip;\n","protected":false},"author":2,"featured_media":332525,"comment_status":"","ping_status":"","sticky":false,"template":"","format":"standard","meta":{"footnotes":""},"categories":[269],"tags":[299,298,1540,168,25,24,833,45502,8283,76491,23,167],"class_list":{"0":"post-332524","1":"post","2":"type-post","3":"status-publish","4":"format-standard","5":"has-post-thumbnail","7":"category-baloncesto","8":"tag-baloncesto","9":"tag-basketball","10":"tag-competiciones","11":"tag-deportes","12":"tag-es","13":"tag-espana","14":"tag-euroliga","15":"tag-fc-barcelona-baloncesto","16":"tag-jugadores-baloncesto","17":"tag-partizan-de-belgrado-futbol","18":"tag-spain","19":"tag-sports"},"share_on_mastodon":{"url":"https:\/\/pubeurope.com\/@es\/115868620801379223","error":""},"_links":{"self":[{"href":"https:\/\/www.europesays.com\/es\/wp-json\/wp\/v2\/posts\/332524","targetHints":{"allow":["GET"]}}],"collection":[{"href":"https:\/\/www.europesays.com\/es\/wp-json\/wp\/v2\/posts"}],"about":[{"href":"https:\/\/www.europesays.com\/es\/wp-json\/wp\/v2\/types\/post"}],"author":[{"embeddable":true,"href":"https:\/\/www.europesays.com\/es\/wp-json\/wp\/v2\/users\/2"}],"replies":[{"embeddable":true,"href":"https:\/\/www.europesays.com\/es\/wp-json\/wp\/v2\/comments?post=332524"}],"version-history":[{"count":0,"href":"https:\/\/www.europesays.com\/es\/wp-json\/wp\/v2\/posts\/332524\/revisions"}],"wp:featuredmedia":[{"embeddable":true,"href":"https:\/\/www.europesays.com\/es\/wp-json\/wp\/v2\/media\/332525"}],"wp:attachment":[{"href":"https:\/\/www.europesays.com\/es\/wp-json\/wp\/v2\/media?parent=332524"}],"wp:term":[{"taxonomy":"category","embeddable":true,"href":"https:\/\/www.europesays.com\/es\/wp-json\/wp\/v2\/categories?post=332524"},{"taxonomy":"post_tag","embeddable":true,"href":"https:\/\/www.europesays.com\/es\/wp-json\/wp\/v2\/tags?post=332524"}],"curies":[{"name":"wp","href":"https:\/\/api.w.org\/{rel}","templated":true}]}}