{"id":332527,"date":"2026-01-10T03:14:08","date_gmt":"2026-01-10T03:14:08","guid":{"rendered":"https:\/\/www.europesays.com\/es\/332527\/"},"modified":"2026-01-10T03:14:08","modified_gmt":"2026-01-10T03:14:08","slug":"me-vinieron-a-recoger-en-coches-de-alta-gama","status":"publish","type":"post","link":"https:\/\/www.europesays.com\/es\/332527\/","title":{"rendered":"Me vinieron a recoger en coches de alta gama"},"content":{"rendered":"<p class=\"L6-news-detail__text\">Los gemelos Daniel y Carlos <b>consiguen fichar a caras conocidas<\/b> de la televisi\u00f3n para que participen en sus shows, <b>como el periodista deportivo Pipi Estrada<\/b>, quien accede a contar c\u00f3mo fue su experiencia laboral con ellos. \u00abYo no sab\u00eda de la existencia de los gemelos. Para m\u00ed fue una sorpresa cuando un d\u00eda recibo un mensaje de Carlos en el que me dice que ellos tienen un programa de YouTube (\u2026) que se llamar\u00eda &#8216;Tarjeta Roja'\u00bb, relata Estrada.<\/p>\n<p class=\"L6-news-detail__text\">As\u00ed, el periodista muestra mensajes en los que le dec\u00edan que pagaban \u00abel desplazamiento\u00bb el d\u00eda de la grabaci\u00f3n, \u00abalojamiento si es necesario, las<b> dietas y 400 euros por programa<\/b>\u00ab. \u00abTenemos la f\u00f3rmula perfecta para hacer el programa m\u00e1s visto en Espa\u00f1a de deportes\u00bb, aseguraban los gemelos en los mensajes a Estrada.<\/p>\n<p class=\"L6-news-detail__text\">\u00abYo al principio ten\u00eda muchas dudas, de si realmente eso era verdad (&#8230;) Les dije que se me hab\u00eda estropeado el coche, y llegaron los dos puntuales <b>cada uno en un coche de alta gama<\/b>. Me impresion\u00f3 y pens\u00e9 que parec\u00eda que el negocio les iba muy bien\u00bb, expresa el periodista, tras lo que destaca que \u00abellos saben perfectamente lo que hacen en cada momento\u00bb. \u00abNo tienen coraz\u00f3n, pero son listos y pillos\u00bb, a\u00f1ade.<\/p>\n<p class=\"L6-news-detail__text\"><b><a title=\"*Sigue a laSexta en Google. Toda la actualidad y el mejor contenido aqu\u00ed.\" href=\"https:\/\/profile.google.com\/cp\/CgkvbS8wZG5xejA\" target=\"_blank\" rel=\"nofollow noopener\">*Sigue a laSexta en Google. Toda la actualidad y el mejor contenido aqu\u00ed.<\/a><\/b><\/p>\n<p class=\"L6-support-news-video__title\">Fen\u00f3meno viral<\/p>\n<p>            <a href=\"https:\/\/www.lasexta.com\/programas\/equipo-investigacion\/quienes-son-falete-marrash-ruth-empoderada-manolito-protagonistas-casa-gemelos_202601096961734f22f0db7daf0a59dc.html\" class=\"L6-news__link\" rel=\"nofollow noopener\" target=\"_blank\"><br \/>\n                Qui\u00e9nes son La Falete, La Marrash, Ruth Empoderada o Manolito, los protagonistas de &#8216;La Casa de los Gemelos&#8217;<\/p>\n<p class=\"recirculation-video-desc\">Equipo de Investigaci\u00f3n muestra qui\u00e9nes son los protagonistas del fen\u00f3meno viral que triunfa en Internet. La mayor\u00eda son j\u00f3venes creadores de contenido.<\/p>\n<p>            <\/a><\/p>\n","protected":false},"excerpt":{"rendered":"Los gemelos Daniel y Carlos consiguen fichar a caras conocidas de la televisi\u00f3n para que participen en sus&hellip;\n","protected":false},"author":2,"featured_media":332528,"comment_status":"","ping_status":"","sticky":false,"template":"","format":"standard","meta":{"footnotes":""},"categories":[174],"tags":[255,146,147,25,24,256,23],"class_list":{"0":"post-332527","1":"post","2":"type-post","3":"status-publish","4":"format-standard","5":"has-post-thumbnail","7":"category-famosos","8":"tag-celebrities","9":"tag-entertainment","10":"tag-entretenimiento","11":"tag-es","12":"tag-espana","13":"tag-famosos","14":"tag-spain"},"share_on_mastodon":{"url":"https:\/\/pubeurope.com\/@es\/115868628598677199","error":""},"_links":{"self":[{"href":"https:\/\/www.europesays.com\/es\/wp-json\/wp\/v2\/posts\/332527","targetHints":{"allow":["GET"]}}],"collection":[{"href":"https:\/\/www.europesays.com\/es\/wp-json\/wp\/v2\/posts"}],"about":[{"href":"https:\/\/www.europesays.com\/es\/wp-json\/wp\/v2\/types\/post"}],"author":[{"embeddable":true,"href":"https:\/\/www.europesays.com\/es\/wp-json\/wp\/v2\/users\/2"}],"replies":[{"embeddable":true,"href":"https:\/\/www.europesays.com\/es\/wp-json\/wp\/v2\/comments?post=332527"}],"version-history":[{"count":0,"href":"https:\/\/www.europesays.com\/es\/wp-json\/wp\/v2\/posts\/332527\/revisions"}],"wp:featuredmedia":[{"embeddable":true,"href":"https:\/\/www.europesays.com\/es\/wp-json\/wp\/v2\/media\/332528"}],"wp:attachment":[{"href":"https:\/\/www.europesays.com\/es\/wp-json\/wp\/v2\/media?parent=332527"}],"wp:term":[{"taxonomy":"category","embeddable":true,"href":"https:\/\/www.europesays.com\/es\/wp-json\/wp\/v2\/categories?post=332527"},{"taxonomy":"post_tag","embeddable":true,"href":"https:\/\/www.europesays.com\/es\/wp-json\/wp\/v2\/tags?post=332527"}],"curies":[{"name":"wp","href":"https:\/\/api.w.org\/{rel}","templated":true}]}}