{"id":332529,"date":"2026-01-10T03:17:28","date_gmt":"2026-01-10T03:17:28","guid":{"rendered":"https:\/\/www.europesays.com\/es\/332529\/"},"modified":"2026-01-10T03:17:28","modified_gmt":"2026-01-10T03:17:28","slug":"ariadne-diaz-es-clara-al-hablar-de-lo-que-siente-al-ver-a-marcus-ornellas-y-angelique-boyer-en-escenas-de-besos","status":"publish","type":"post","link":"https:\/\/www.europesays.com\/es\/332529\/","title":{"rendered":"Ariadne D\u00edaz es clara al hablar de lo que siente al ver a Marcus Ornellas y Angelique Boyer en escenas de besos"},"content":{"rendered":"<p id=\"e8uvOjPdmv\" data-wc=\"80\"><strong>Ariadne D\u00edaz\u00a0<\/strong>y <strong>Marcus Ornellas\u00a0<\/strong>conforman una de las parejas m\u00e1s s\u00f3lidas del espect\u00e1culo. Gracias a su buena <a class=\"hm-link ho-link\" href=\"https:\/\/www.hola.com\/us-es\/celebrities\/20251224874721\/marcus-ornellas-ariadne-diaz-agradece-apoyo-carrera\/\" data-mrf-recirculation=\"article-body-link\" rel=\"nofollow noopener\" target=\"_blank\">comunicaci\u00f3n y confianza<\/a> han podido hacer de su relaci\u00f3n algo duradero y a prueba de todo, como el hecho de mantenerse ajenos a los celos. Precisamente, Ariadne ha tocado este tema a prop\u00f3sito del estreno de la nueva telenovela en la que participa Marcus, Dom\u00e9nica Montero, y en la que comparte escenas de besos con Angelique Boyer, tambi\u00e9n protagonista de la historia.<\/p>\n<p> <img src=\"https:\/\/www.europesays.com\/es\/wp-content\/uploads\/2026\/01\/99408d2ecb0b-ariadne2785763395030955713038141489378323091624250n.jpg\"   width=\"847\" height=\"1024\" loading=\"lazy\" decoding=\"async\" alt=\"Ariadne D\u00edaz y Marcus Ornellas\" fetchpriority=\"auto\" class=\"image ho-image\"\/>\u00a9 IG: @ariadneAriadne D\u00edaz y Marcus Ornellas<br \/>\n\u00bfQu\u00e9 siente Ariadne al ver a Marcus besando a Angelique?<\/p>\n<p id=\"epKjN4IctKJ\" data-wc=\"76\">Sincera, Ariadne revel\u00f3 c\u00f3mo asume esta situaci\u00f3n, y confes\u00f3 si le genera alg\u00fan sentimiento en especial ver al pap\u00e1 de su hijo en situaciones rom\u00e1nticas de ficci\u00f3n junto a Angelique. \u201cAbsolutamente nada, si no, no estar\u00eda aqu\u00ed sentada. No soy masoquista y me dedico a lo mismo. Entonces tra\u00edamos ac\u00e1 la broma, que tambi\u00e9n est\u00e1 la esposa de Brandon (Peniche), de que cada vez que hab\u00eda un beso grabarnos como conmocionadas\u2026\u201d, dijo, declaraciones retomadas por TVNotas.<\/p>\n<p> <img src=\"https:\/\/www.europesays.com\/es\/wp-content\/uploads\/2026\/01\/4c6ebc1ceea2-gettyimages-2223633815.jpg\"   width=\"682\" height=\"1024\" loading=\"lazy\" decoding=\"async\" alt=\"Marcus Ornellas y Angelique Boyer en 'Dom\u00e9nica Montero'\" fetchpriority=\"auto\" class=\"image ho-image\"\/>\u00a9 Getty ImagesMarcus Ornellas y Angelique Boyer en &#8216;Dom\u00e9nica Montero&#8217;<\/p>\n<p id=\"eCrQrW7Gsf5\" data-wc=\"83\">Cabe destacar que la pregunta surgi\u00f3 minutos despu\u00e9s de que Ariadne presenciara un beso de Marcus con Angelique durante la presentaci\u00f3n de la historia, a la cual acudi\u00f3 como invitada para apoyar a su pareja. \u201cPero no, si no, no vendr\u00eda, le dir\u00eda, \u2018Luego me cuentas\u2019, estar\u00eda medio fuera del lugar que despu\u00e9s de tantos a\u00f1os de yo dedicarme a esto y de estar junto con un actor que se dedica a lo mismo que sinti\u00e9ramos pasos en la azotea\u2026\u201d, dijo visiblemente tranquila.<\/p>\n<p> <img src=\"https:\/\/www.europesays.com\/es\/wp-content\/uploads\/2026\/01\/ff20c8cce3a1-image-9420508.jpg\"   width=\"1024\" height=\"1024\" loading=\"lazy\" decoding=\"async\" alt=\"Marcus Ornellas consinti\u00f3 a Ariadne D\u00edaz por el d\u00eda de su cumplea\u00f1os\" fetchpriority=\"auto\" class=\"image ho-image\"\/>\u00a9 @marcusornellasMarcus Ornellas y Ariadne D\u00edaz<br \/>\nTiene claro que todo es actuaci\u00f3n<\/p>\n<p id=\"eYcJ6hhPFsv\" data-wc=\"134\">Ariadne dijo entender perfectamente a Marcus, pues de igual manera ella ha tenido que vivir romances ficticios cuando debe asumir compromisos de trabajo. Sin embargo, la int\u00e9rprete tiene claro que todo es simplemente actuaci\u00f3n. \u201cTengo 39 a\u00f1os, empec\u00e9 a estudiar actuaci\u00f3n cuando ten\u00eda 18 y desde aquel momento me qued\u00f3 muy claro que por m\u00e1s que uno sienta las vivencias que est\u00e1s actuando como propias, pues siempre hay un lugar en la mente que sabe perfectamente que es ficci\u00f3n, porque si no entonces ya te volver\u00edas loco, no de los besos, de las cosas que a veces nos toca interpretar que son fuert\u00edsimas\u2026\u201d, expres\u00f3. \u201cHabiendo dicho esto la verdad es que todo lo dem\u00e1s es como muy sencillo y yo he estado ah\u00ed, sabes toda esta parte de tecnicismos\u2026 o sea, es nuestra profesi\u00f3n\u2026\u201d.<\/p>\n<p> <img src=\"https:\/\/www.europesays.com\/es\/wp-content\/uploads\/2026\/01\/12147dccddf3-image-6646392.jpg\"   width=\"819\" height=\"1024\" loading=\"lazy\" decoding=\"async\" alt=\"Ariadne D\u00edaz y Marcus Ornellas\" fetchpriority=\"auto\" class=\"image ho-image\"\/>\u00a9 @marcusornellasAriadne D\u00edaz y Marcus Ornellas<br \/>\n\u00bfEs celosa con Marcus?<\/p>\n<p id=\"eHFmNzLQXq6\" data-wc=\"109\">En medio de esta conversaci\u00f3n, Ariadne respondi\u00f3 si ha sido celosa con Marcus, un sentimiento que, seg\u00fan afirma, es totalmente ajeno a lo que sucede en su romance el cual se fundamente en la confianza y la cercan\u00eda, seg\u00fan explica. \u201cJam\u00e1s (he sido celosa), eso es algo que le agradecer\u00e9 mucho a \u00e9l porque \u00e9l me trajo esa confianza a m\u00ed, yo antes de \u00e9l no era as\u00ed, no propiamente con las cosas de besos o de proyectos. Me refiero en relaciones personales, la pasaba yo a veces un poco mal y sin embargo \u00e9l desde el principio me dio una tranquilidad muy grande que yo no conoc\u00eda\u2026\u201d, asegur\u00f3.<\/p>\n","protected":false},"excerpt":{"rendered":"Ariadne D\u00edaz\u00a0y Marcus Ornellas\u00a0conforman una de las parejas m\u00e1s s\u00f3lidas del espect\u00e1culo. Gracias a su buena comunicaci\u00f3n y&hellip;\n","protected":false},"author":2,"featured_media":332530,"comment_status":"","ping_status":"","sticky":false,"template":"","format":"standard","meta":{"footnotes":""},"categories":[171],"tags":[517,76492,146,147,25,24,23,214],"class_list":{"0":"post-332529","1":"post","2":"type-post","3":"status-publish","4":"format-standard","5":"has-post-thumbnail","7":"category-tv","8":"tag-actualidad","9":"tag-ariadne-diaz","10":"tag-entertainment","11":"tag-entretenimiento","12":"tag-es","13":"tag-espana","14":"tag-spain","15":"tag-tv"},"share_on_mastodon":{"url":"https:\/\/pubeurope.com\/@es\/115868640611909814","error":""},"_links":{"self":[{"href":"https:\/\/www.europesays.com\/es\/wp-json\/wp\/v2\/posts\/332529","targetHints":{"allow":["GET"]}}],"collection":[{"href":"https:\/\/www.europesays.com\/es\/wp-json\/wp\/v2\/posts"}],"about":[{"href":"https:\/\/www.europesays.com\/es\/wp-json\/wp\/v2\/types\/post"}],"author":[{"embeddable":true,"href":"https:\/\/www.europesays.com\/es\/wp-json\/wp\/v2\/users\/2"}],"replies":[{"embeddable":true,"href":"https:\/\/www.europesays.com\/es\/wp-json\/wp\/v2\/comments?post=332529"}],"version-history":[{"count":0,"href":"https:\/\/www.europesays.com\/es\/wp-json\/wp\/v2\/posts\/332529\/revisions"}],"wp:featuredmedia":[{"embeddable":true,"href":"https:\/\/www.europesays.com\/es\/wp-json\/wp\/v2\/media\/332530"}],"wp:attachment":[{"href":"https:\/\/www.europesays.com\/es\/wp-json\/wp\/v2\/media?parent=332529"}],"wp:term":[{"taxonomy":"category","embeddable":true,"href":"https:\/\/www.europesays.com\/es\/wp-json\/wp\/v2\/categories?post=332529"},{"taxonomy":"post_tag","embeddable":true,"href":"https:\/\/www.europesays.com\/es\/wp-json\/wp\/v2\/tags?post=332529"}],"curies":[{"name":"wp","href":"https:\/\/api.w.org\/{rel}","templated":true}]}}