{"id":332547,"date":"2026-01-10T03:27:30","date_gmt":"2026-01-10T03:27:30","guid":{"rendered":"https:\/\/www.europesays.com\/es\/332547\/"},"modified":"2026-01-10T03:27:30","modified_gmt":"2026-01-10T03:27:30","slug":"todos-los-vehiculos-podran-circular-por-la-zona-de-bajas-emisiones-en-este-primer-ano-sin-incurrir-en-sancion-alguna-chiclana-es","status":"publish","type":"post","link":"https:\/\/www.europesays.com\/es\/332547\/","title":{"rendered":"\u201cTodos los veh\u00edculos podr\u00e1n circular por la Zona de Bajas Emisiones en este primer a\u00f1o sin incurrir en sanci\u00f3n alguna\u201d &#8211; chiclana.es"},"content":{"rendered":"<ol>\n<li><a href=\"https:\/\/news.google.com\/rss\/articles\/CBMi-AFBVV95cUxQcEdScmhQb3pfMERwMGdFRHdXSHBlczdVNTBValY5b2V6dmo2UXlBeGFZcTlCbDV2T3BGNEZJNHZ0SzRGeWgyQ05KU2xzNkNwNXA4UDlZZVF0MERIc3VBSmxuX1RXRkdlS3p0Q3NJX2VvRUppYjFUZldvTmVVNzFPVnJ5eXVJMzVVd18xUUh5Zl9pSlEzMzdTNlg1QlpVWjRzUktVZ1JOOWE4M1lubXV4T1Z0LUxCZmUtUlZyUHFUZ1pqaVBDQ2VYSkRzTFFmTjhPLUJCRUQzZlVRVWxka2ZxWGFKNHktdEI4aGdSTl95Qk5BYVpPMU4zQg?oc=5\" target=\"_blank\" rel=\"nofollow noopener\">\u201cTodos los veh\u00edculos podr\u00e1n circular por la Zona de Bajas Emisiones en este primer a\u00f1o sin incurrir en sanci\u00f3n alguna\u201d<\/a>&nbsp;&nbsp;chiclana.es<\/li>\n<li><a href=\"https:\/\/news.google.com\/rss\/articles\/CBMilgFBVV95cUxQaDFWNEo1bEwycHNtVmp2dG1tM2FfVGhJaU9NaHlHdE9oTm81bnVEOGROZGlyckYyZUdXLVc5SjZxNW9WS1lvaDEyTGF0aGZqTzVKUnFWUlM2c1BOLS1Xa1dxTDMyZHVGLXctaDZyZ3E4cXhHT3duQ0JLdkdDSnByZVhEYjlVOVIxV0tVb2tObjliNVZKMVHSAZsBQVVfeXFMTklWU1VhX09zOEg3SzE2MUxSZVdwVkJDcjFmVnREUGJyLWI0OG9UYjN4dXlIR3JIUjFPRHVBbUdHRklHcjB4cE93YjlMdnVDVUJQbEdMeHZDaV9EamRUMkpYVmlxUkhqZ040SklzZWt2ZE5rd2t5TDVTaEJXWkdYWkx2b0tnNllRUFhtenhrTXZUb2xvVnRLX0g3UW8?oc=5\" target=\"_blank\" rel=\"nofollow noopener\">Jos\u00e9 Vera: \u201cTodos los veh\u00edculos podr\u00e1n circular por la Zona de Bajas Emisiones de Chiclana este a\u00f1o sin incurrir en sanci\u00f3n alguna\u201d<\/a>&nbsp;&nbsp;Diario de C\u00e1diz<\/li>\n<li><a href=\"https:\/\/news.google.com\/rss\/articles\/CBMigwFBVV95cUxOSl9jVGlzQWtTbTcxamdyNkVnVWEyTWpZaWZhMnlEQVRwR2pRYndfbDZkTEdQc010VEpxcTF4YndiUWJ3ai1VR0Y4RzlueXZuQll6Tlc0R1F3NjZQbzdGR3lWZVJKNThNNmcta1RKUFNwZkNqaEhkTWxYZFlQSzVwOFBBVQ?oc=5\" target=\"_blank\" rel=\"nofollow noopener\">Zona de Bajas Emisiones en Chiclana 2026: normativa, restricciones, multas y qu\u00e9 debes saber<\/a>&nbsp;&nbsp;dechiclana.com<\/li>\n<li><a href=\"https:\/\/news.google.com\/rss\/articles\/CBMiiAJBVV95cUxNMzVxLTBmbUZpdTNPR1d1YVhhXzBmMXlTYmNraE0tckY1ZnVycjdjR0xNQXQwUVFpMEJRNkcwWXlwNEVLdVFIbk9rZ3luMVhjTzJpS0ZSeEVQaGlCZzZCRnAybTdCeFdRbnd3Uk83TXNKTlBfUWdiQXpldHZ2TUg5UkVVNEtfLUZrT1daTXhtQUFqcUJfWGVnTU1vNklDbHBRSzlybk5NU0E3a0lOQ1NqV0Z0N3pFbXdRb3UxWjZacVJfcGJzeDctTnlqN0pGVnRSYkRvMFRydUtyV0lXTHVPMjI0MVdTenMwVlltWUNfcldreHRrR1hLanhMSTQ2dGhsRURvdDFUdHjSAY4CQVVfeXFMTzdlUXhXYmhlUUduakg5Q2lBRjFRLUxEMG5hNUR2dGxTUHVnZEJxeVkyQWxtMDdDYmRXN0x4N0t3YTNIdV96TFVRMTV1aXdIZC1TdGpmaVlKTUlBd01wOXo1MUp1NDc5WXBvTGluWEV0cTB6cEJHT0hVaHY1bEhuWFFFa0pWQkZFMTk2UW4zQTNfcVNJSk9uOVpJODhDTU5WVmxFWUt0TEJORGptRnYwMTFqQzg0bjZQd0ZHZ1d1RUZ5UTRSRng1dFctVjlRcGg3VUtMb013WUYxcWdNSmprTmVIS0lOcGVnWXJIOGRUZUtOekkxd1VCSlo5UHROZE9ucHFYdkxtZzZyVEJ2OElB?oc=5\" target=\"_blank\" rel=\"nofollow noopener\">Chiclana insiste en que no multar\u00e1 a nadie en la Zona de Bajas Emisiones durante un a\u00f1o: \u00abSe est\u00e1n contando mentiras\u00bb<\/a>&nbsp;&nbsp;lavozdelsur.es<\/li>\n<\/ol>\n","protected":false},"excerpt":{"rendered":"\u201cTodos los veh\u00edculos podr\u00e1n circular por la Zona de Bajas Emisiones en este primer a\u00f1o sin incurrir en&hellip;\n","protected":false},"author":2,"featured_media":330182,"comment_status":"","ping_status":"","sticky":false,"template":"","format":"standard","meta":{"footnotes":""},"categories":[8],"tags":[17,18,25,24,13,14,11,19,20,9,10,15,16,23,12,21,22],"class_list":{"0":"post-332547","1":"post","2":"type-post","3":"status-publish","4":"format-standard","5":"has-post-thumbnail","7":"category-espana","8":"tag-breaking-news","9":"tag-breakingnews","10":"tag-es","11":"tag-espana","12":"tag-featured-news","13":"tag-featurednews","14":"tag-headlines","15":"tag-latest-news","16":"tag-latestnews","17":"tag-news","18":"tag-noticias","19":"tag-noticias-destacadas","20":"tag-noticiasdestacadas","21":"tag-spain","22":"tag-titulares","23":"tag-ultimas-noticias","24":"tag-ultimasnoticias"},"share_on_mastodon":{"url":"https:\/\/pubeurope.com\/@es\/115868679746664986","error":""},"_links":{"self":[{"href":"https:\/\/www.europesays.com\/es\/wp-json\/wp\/v2\/posts\/332547","targetHints":{"allow":["GET"]}}],"collection":[{"href":"https:\/\/www.europesays.com\/es\/wp-json\/wp\/v2\/posts"}],"about":[{"href":"https:\/\/www.europesays.com\/es\/wp-json\/wp\/v2\/types\/post"}],"author":[{"embeddable":true,"href":"https:\/\/www.europesays.com\/es\/wp-json\/wp\/v2\/users\/2"}],"replies":[{"embeddable":true,"href":"https:\/\/www.europesays.com\/es\/wp-json\/wp\/v2\/comments?post=332547"}],"version-history":[{"count":0,"href":"https:\/\/www.europesays.com\/es\/wp-json\/wp\/v2\/posts\/332547\/revisions"}],"wp:featuredmedia":[{"embeddable":true,"href":"https:\/\/www.europesays.com\/es\/wp-json\/wp\/v2\/media\/330182"}],"wp:attachment":[{"href":"https:\/\/www.europesays.com\/es\/wp-json\/wp\/v2\/media?parent=332547"}],"wp:term":[{"taxonomy":"category","embeddable":true,"href":"https:\/\/www.europesays.com\/es\/wp-json\/wp\/v2\/categories?post=332547"},{"taxonomy":"post_tag","embeddable":true,"href":"https:\/\/www.europesays.com\/es\/wp-json\/wp\/v2\/tags?post=332547"}],"curies":[{"name":"wp","href":"https:\/\/api.w.org\/{rel}","templated":true}]}}