{"id":332548,"date":"2026-01-10T03:28:27","date_gmt":"2026-01-10T03:28:27","guid":{"rendered":"https:\/\/www.europesays.com\/es\/332548\/"},"modified":"2026-01-10T03:28:27","modified_gmt":"2026-01-10T03:28:27","slug":"indonesia-anuncia-el-fin-del-operativo-para-buscar-a-quique-el-nino-aun-desaparecido-tras-el-naufragio-de-una-familia-espanola-20minutos","status":"publish","type":"post","link":"https:\/\/www.europesays.com\/es\/332548\/","title":{"rendered":"Indonesia anuncia el fin del operativo para buscar a Quique, el ni\u00f1o a\u00fan desaparecido tras el naufragio de una familia espa\u00f1ola &#8211; 20Minutos"},"content":{"rendered":"<ol>\n<li><a href=\"https:\/\/news.google.com\/rss\/articles\/CBMi_gFBVV95cUxNSEprbnBJMzhtSTdrUGNiWTQzSVRKMlB0c21MYVY4TzdwMTFWeXFtQnV3TEtlWFJXbVdnSF9lVVlZemxrRUktdTJwUmJGeXhUdUxYbWZLdzFGQWZXejhmaDdNb0x4OFlkanE5dXQ3QVoweGZCLXpwN19NZldFdHVGTzVURDRqSjUzVXBNOFhUU1RkMjdmMjJwZmlhelBrTDlnUzhaNUtPWU9pLVo1VUtyWjAzU2xncEEtekpBMFREd1VkNUN0YWZObDBIRHQySHZwRWlXQnk3YnIydFVEazdycjE5LVpXMVgybGVHcGVVNGhRVnNPcGJRemJ2UHFCd9IBgwJBVV95cUxOYlg1U052UVoyalBRMjdoQVJfMk9TRzAzYkxxdHdFZFl0amlINGFhUkJ3Mm5ndW9wc0ROdUhwRVB4QW5vUG82d2RZdVVocDV6eXJycVMwNjFfSkE1QWg0dlVqT19SYkdwZGY5aTNncmpYZUFSN0dhTHRjVi1uWXdLYnl0OERSSFZLSGRvMVMwTFlJRURra21naGx6QUZSSEVGNm9CSjdCTDhIcWxTMFFqMDlfemhwcGVHTlk2MDdTOGV2VFFhaDRXS3A4dzlpQ1lXMnJ3Z0dEXzBNSmQxYjlfOENFRk91SmNmV0xHdzhrekxMTDdoVktYdDRlMnJCWUhXdklZ?oc=5\" target=\"_blank\" rel=\"nofollow noopener\">Indonesia anuncia el fin del operativo para buscar a Quique, el ni\u00f1o a\u00fan desaparecido tras el naufragio de una familia espa\u00f1ola<\/a>&nbsp;&nbsp;20Minutos<\/li>\n<li><a href=\"https:\/\/news.google.com\/rss\/articles\/CBMiyAFBVV95cUxOQWFJRGZwclZ5elF4cUgtTXk1d2FVVkJBMERXQ3lUQmRicW0wRzJkM3M5NDM0Uk9nQkRVQjVwTHlTTTNSNjlQSFAtampNWDdrNnJnNTJublhfSGpiSnpreGl5MHB2ai01WW4tMUdNN0o4QWVWeDN1WHVDQmhzQUI4ekpoS0dMYmh2TFd6X0dLUzNZWEMxei1BZnNvNjlJT3NKRWs3dUZwNjBLUXpXby1wT3dHdE1JN0VLcHJ0dHdqS0lubHBRQklFdQ?oc=5\" target=\"_blank\" rel=\"nofollow noopener\">Indonesia anuncia el fin de la b\u00fasqueda del ni\u00f1o espa\u00f1ol desaparecido tras el naufragio<\/a>&nbsp;&nbsp;EL PA\u00cdS<\/li>\n<li><a href=\"https:\/\/news.google.com\/rss\/articles\/CBMijwFBVV95cUxPVWZ3c051MGZfYW5uemZ2cE9KQUVNYmQ2RDlNYW9CSHgtYnVFbEJnUjlGajJfMWxHbVFrQ2FKQUpNdnBsWDVpejdoZ0cwRE5wTzVPTTc0MFotZ1Y3OEtya0hkRWRtck9oSlVaMnE3OGJMUENncGFXMVJpakJMLXpyMzBRcnRULUN1c2UyWFNISdIBowFBVV95cUxOQ2RvdnRtZUxQRFRlN2l0NE9iTl9GQkZ3YWdBVzU2MFBGZTl0MTJzMUM4QmJ3cmVMQ1YwMlpZNHhyckoyT1ZMZGVWem1lMDctRGtwX1piY0x0YlRXaTY5WlozUFE4T0o3RzdIOUxiYTVsYVJleWlNbzg1Wm1UUlVWMXp3c1lkaGtJZzBGQTVQRzRXc1dmYVp1VUROdXhoM2ZTdC00?oc=5\" target=\"_blank\" rel=\"nofollow noopener\">Se guardar\u00e1 un minuto de silencio por Fernando Mart\u00edn<\/a>&nbsp;&nbsp;Diario AS<\/li>\n<li><a href=\"https:\/\/news.google.com\/rss\/articles\/CBMiowFBVV95cUxQY0hfeWJVZURGVi1IcVFlZDc1Zm91Q25kZjF2YVpnbGJVb0xBQTY4a1FHamlmRmpOMlBfUFF3LUx3UU92Z2NRNWpIaHNBaDFJSDRxVWlQWkFXZU9fMlRocjBFcjdWYTZzdmR3SEVTa0gtQW5FSGx3R2Z3QlBxTThJN0JEb3BURHh3WnZjejhwQ3dLMWdZNkRBUW8zTDdUcUJUMGtr?oc=5\" target=\"_blank\" rel=\"nofollow noopener\">Indonesia pone fin al operativo de b\u00fasqueda del ni\u00f1o desaparecido en el naufragio de una familia espa\u00f1ola<\/a>&nbsp;&nbsp;ABC<\/li>\n<li><a href=\"https:\/\/news.google.com\/rss\/articles\/CBMiqgFBVV95cUxPVkFMWFVKZzJxR2w1X2tqdVpCZmpjc2JBaFVaamQxekZ4X3g5OHoyd29pai1feXgyRUJ5bFZNVW8tWTFYd2k1LVppUDV6cFlYYW1mTmxzTzIydGVoS05kZ2FmanFHY2dZQTFocEVfNUxMOVVBNmVaVTdlRnJPT0JDWFZleE5QT3ZiaDdKb3VRTldVem12Y1UxaUFBOVBidDNmUXlDbXI0ZnpvUQ?oc=5\" target=\"_blank\" rel=\"nofollow noopener\">Indonesia da por finalizada la b\u00fasqueda de Quique tras 15 d\u00edas de rastreo en el mar<\/a>&nbsp;&nbsp;Las Provincias<\/li>\n<\/ol>\n","protected":false},"excerpt":{"rendered":"Indonesia anuncia el fin del operativo para buscar a Quique, el ni\u00f1o a\u00fan desaparecido tras el naufragio de&hellip;\n","protected":false},"author":2,"featured_media":330182,"comment_status":"","ping_status":"","sticky":false,"template":"","format":"standard","meta":{"footnotes":""},"categories":[5],"tags":[17,18,25,24,13,14,11,19,20,9,10,15,16,23,12,21,22],"class_list":{"0":"post-332548","1":"post","2":"type-post","3":"status-publish","4":"format-standard","5":"has-post-thumbnail","7":"category-titulares","8":"tag-breaking-news","9":"tag-breakingnews","10":"tag-es","11":"tag-espana","12":"tag-featured-news","13":"tag-featurednews","14":"tag-headlines","15":"tag-latest-news","16":"tag-latestnews","17":"tag-news","18":"tag-noticias","19":"tag-noticias-destacadas","20":"tag-noticiasdestacadas","21":"tag-spain","22":"tag-titulares","23":"tag-ultimas-noticias","24":"tag-ultimasnoticias"},"share_on_mastodon":{"url":"https:\/\/pubeurope.com\/@es\/115868683630007526","error":""},"_links":{"self":[{"href":"https:\/\/www.europesays.com\/es\/wp-json\/wp\/v2\/posts\/332548","targetHints":{"allow":["GET"]}}],"collection":[{"href":"https:\/\/www.europesays.com\/es\/wp-json\/wp\/v2\/posts"}],"about":[{"href":"https:\/\/www.europesays.com\/es\/wp-json\/wp\/v2\/types\/post"}],"author":[{"embeddable":true,"href":"https:\/\/www.europesays.com\/es\/wp-json\/wp\/v2\/users\/2"}],"replies":[{"embeddable":true,"href":"https:\/\/www.europesays.com\/es\/wp-json\/wp\/v2\/comments?post=332548"}],"version-history":[{"count":0,"href":"https:\/\/www.europesays.com\/es\/wp-json\/wp\/v2\/posts\/332548\/revisions"}],"wp:featuredmedia":[{"embeddable":true,"href":"https:\/\/www.europesays.com\/es\/wp-json\/wp\/v2\/media\/330182"}],"wp:attachment":[{"href":"https:\/\/www.europesays.com\/es\/wp-json\/wp\/v2\/media?parent=332548"}],"wp:term":[{"taxonomy":"category","embeddable":true,"href":"https:\/\/www.europesays.com\/es\/wp-json\/wp\/v2\/categories?post=332548"},{"taxonomy":"post_tag","embeddable":true,"href":"https:\/\/www.europesays.com\/es\/wp-json\/wp\/v2\/tags?post=332548"}],"curies":[{"name":"wp","href":"https:\/\/api.w.org\/{rel}","templated":true}]}}