{"id":332549,"date":"2026-01-10T03:32:10","date_gmt":"2026-01-10T03:32:10","guid":{"rendered":"https:\/\/www.europesays.com\/es\/332549\/"},"modified":"2026-01-10T03:32:10","modified_gmt":"2026-01-10T03:32:10","slug":"emily-odwin-y-felipe-garces-siguen-al-frente-en-nordelta-gc","status":"publish","type":"post","link":"https:\/\/www.europesays.com\/es\/332549\/","title":{"rendered":"Emily Odwin y Felipe Garc\u00e9s siguen al frente en Nordelta GC"},"content":{"rendered":"<p><img fetchpriority=\"high\" decoding=\"async\" class=\"alignnone size-full wp-image-118369\" src=\"https:\/\/www.europesays.com\/es\/wp-content\/uploads\/2026\/01\/DSC_0062-garces.jpeg\" alt=\"\" width=\"1901\" height=\"640\"  \/><\/p>\n<p>Felipe Garc\u00e9s (foto) contin\u00faa liderando en Nordelta GC y sue\u00f1a con repetir el triunfo que obtuve en 2024 en Bogot\u00e1. Esta tarde, el ecuatoriano hizo 67 golpes mejorando en dos su score previo para un total de 136, ocho bajo el par de la cancha. Adem\u00e1s, ampli\u00f3 su ventaja en relaci\u00f3n a sus escoltas m\u00e1s cercanos, que en este caso son el argentino Exequiel Rodr\u00edguez Barri (foto de abajo) con 141 y el paraguayo Benjam\u00edn Fern\u00e1ndez con 142.<\/p>\n<p>Garces complet\u00f3 sus segundos dieciocho hoyos con birdies al 1, 3, 4, 10, 11, 13, equivocando solo al 5 y ma\u00f1ana ser\u00e1 parte del grupo m\u00e1s importante que comenzar\u00e1 a jugar su tercera ronda despu\u00e9s del mediod\u00eda por el tee del hoyo 1. Por su parte, Rodr\u00edguez Barri mantuvo su nivel con 70 golpes; baj\u00f3 al 3, 7, 10, 13, en tanto hizo bogeys en el 14 y 18. Este s\u00e1bado buscar\u00e1 alcanzar al puntero, pero teniendo en cuenta la cercan\u00eda de Benjam\u00edn Fern\u00e1ndez que cerr\u00f3 el d\u00eda con 72 golpes. Vicente Quiroga de Bolivia, Herik Machado de Brasil y el gal\u00e9s Tom Bastow tambi\u00e9n lograron sostener sus posiciones de acecho y suman 143 golpes ubicados en el cuarto lugar. Con 70 golpes, Franco Ricciardelli de Argentina gan\u00f3 posiciones y est\u00e1 s\u00e9ptimo con el ingl\u00e9s Lewy Haward, ambos con 144 golpes, par del campo.<\/p>\n<p><img loading=\"lazy\" decoding=\"async\" class=\"alignnone size-full wp-image-118370\" src=\"https:\/\/www.europesays.com\/es\/wp-content\/uploads\/2026\/01\/DSC_0160-rodriguez-barri.jpg\" alt=\"\" width=\"1903\" height=\"640\"  \/><\/p>\n<p>Entre las mujeres, la jugadora de Barbados Emily Odwin se aferra al liderazgo de la competencia con un total de 140 golpes, cuatro bajo el par del campo. La caribe\u00f1a complet\u00f3 sus segundos dieciocho hoyos con 69 y birdies al 2, 4, 8, 10, 12, 18, equivocando en el 14, 16, 17. A m\u00ednima distancia le sigue la norteamericana Emery Schartz, quien con 68 golpes se sum\u00f3 a la pelea mayor; en su recorrido, logr\u00f3 bajar en forma consecutiva al 12, 13, 14, 15, logrando m\u00e1s tarde un nuevo birdie en el 6. Su \u00fanico error fue al 7.<\/p>\n<p>Con 143 golpes, Luisamariana Mesones de Per\u00fa y Regina Jim\u00e9nez de M\u00e9xico comparten la tercera posici\u00f3n con registros de 70 y 71 para la jornada actual. Estas cuatro jugadoras son las \u00fanicas bajo el par del Nordelta GC, que hoy volvi\u00f3 a presentar r\u00e1fagas de viento, aunque no con la intensidad de los d\u00edas previos. Anika Veintemilla ocupa la quinta posici\u00f3n con 145 golpes, seguida por la colombiana Mar\u00eda Erricheto y la representante de Chile Antonia Matte, quien se recuper\u00f3 de gran manera con 66 golpes (la vuelta m\u00e1s baja del d\u00eda) con siete birdies en su haber.<\/p>\n<p>Por su parte, Malena Castro termin\u00f3 la ronda con 71 golpes para un acumulado de 147, +3. La argentina sali\u00f3 por el tee del 1 y logr\u00f3 sus birdies al 3, 6, 8, 10, 18, mientras que subi\u00f3 al 1, 4, 9, 13. Castro ocupa la octava posici\u00f3n igualada a Michelle Xing de Canad\u00e1 y Amelia Wang de Inglaterra. Mercedes Aldana, con 74 golpes para el d\u00eda, suma 151, uno menos que Clementina Casta\u00f1o.<\/p>\n<p>Con respecto a la Harrison Cup, el equipo de Sudamerica contin\u00faa imponi\u00e9ndose sobre el representativo de Gran Breta\u00f1a e Irlanda La suma para los primeros es de -5, contra +22 del equipo europeo. Es la tercera edici\u00f3n de la competencia que lleva el nombre de Charles Harrison, miembro del General Committee y Chairman del Development Committee de The R&amp;A.<\/p>\n","protected":false},"excerpt":{"rendered":"Felipe Garc\u00e9s (foto) contin\u00faa liderando en Nordelta GC y sue\u00f1a con repetir el triunfo que obtuve en 2024&hellip;\n","protected":false},"author":2,"featured_media":332550,"comment_status":"","ping_status":"","sticky":false,"template":"","format":"standard","meta":{"footnotes":""},"categories":[275],"tags":[168,25,24,329,23,167],"class_list":{"0":"post-332549","1":"post","2":"type-post","3":"status-publish","4":"format-standard","5":"has-post-thumbnail","7":"category-golf","8":"tag-deportes","9":"tag-es","10":"tag-espana","11":"tag-golf","12":"tag-spain","13":"tag-sports"},"share_on_mastodon":{"url":"https:\/\/pubeurope.com\/@es\/115868699396289762","error":""},"_links":{"self":[{"href":"https:\/\/www.europesays.com\/es\/wp-json\/wp\/v2\/posts\/332549","targetHints":{"allow":["GET"]}}],"collection":[{"href":"https:\/\/www.europesays.com\/es\/wp-json\/wp\/v2\/posts"}],"about":[{"href":"https:\/\/www.europesays.com\/es\/wp-json\/wp\/v2\/types\/post"}],"author":[{"embeddable":true,"href":"https:\/\/www.europesays.com\/es\/wp-json\/wp\/v2\/users\/2"}],"replies":[{"embeddable":true,"href":"https:\/\/www.europesays.com\/es\/wp-json\/wp\/v2\/comments?post=332549"}],"version-history":[{"count":0,"href":"https:\/\/www.europesays.com\/es\/wp-json\/wp\/v2\/posts\/332549\/revisions"}],"wp:featuredmedia":[{"embeddable":true,"href":"https:\/\/www.europesays.com\/es\/wp-json\/wp\/v2\/media\/332550"}],"wp:attachment":[{"href":"https:\/\/www.europesays.com\/es\/wp-json\/wp\/v2\/media?parent=332549"}],"wp:term":[{"taxonomy":"category","embeddable":true,"href":"https:\/\/www.europesays.com\/es\/wp-json\/wp\/v2\/categories?post=332549"},{"taxonomy":"post_tag","embeddable":true,"href":"https:\/\/www.europesays.com\/es\/wp-json\/wp\/v2\/tags?post=332549"}],"curies":[{"name":"wp","href":"https:\/\/api.w.org\/{rel}","templated":true}]}}