{"id":332551,"date":"2026-01-10T03:34:11","date_gmt":"2026-01-10T03:34:11","guid":{"rendered":"https:\/\/www.europesays.com\/es\/332551\/"},"modified":"2026-01-10T03:34:11","modified_gmt":"2026-01-10T03:34:11","slug":"aaron-gwin-se-une-a-frameworks-racing-para-2026-y-vuelve-a-centrarse-solo-en-competir","status":"publish","type":"post","link":"https:\/\/www.europesays.com\/es\/332551\/","title":{"rendered":"Aaron Gwin se une a Frameworks Racing para 2026 y vuelve a centrarse solo en competir"},"content":{"rendered":"<p>Aaron Gwin ficha por Frameworks Racing para 2026 y pone fin a su etapa al frente de su propio equipo, apostando por un proyecto independiente y estable para centrarse de nuevo en competir al m\u00e1ximo nivel en la Copa del Mundo de DH.<\/p>\n<blockquote class=\"quote-card lateral\">\n<p>Aaron Gwin vuelve a centrarse exclusivamente en competir al m\u00e1ximo nivel<\/p>\n<\/blockquote>\n<p>Frameworks Racing ha confirmado uno de los fichajes m\u00e1s relevantes del DH internacional para la temporada 2026 con la incorporaci\u00f3n de <strong>Aaron Gwin<\/strong>, que competir\u00e1 dentro de la estructura Frameworks Racing \/ TRP tras cerrar una etapa marcada por la autogesti\u00f3n de su propio proyecto deportivo.<\/p>\n<p>\t Contin\u00faa tras los patrocinadores<\/p>\n<blockquote class=\"quote-card lateral\">\n<p>El fichaje responde a una motivaci\u00f3n puramente competitiva<\/p>\n<\/blockquote>\n<p>El movimiento supone un reencuentro con <strong>Neko Mulally<\/strong>, con quien Gwin ha compartido distintas fases de su carrera durante los \u00faltimos quince a\u00f1os en equipos como Trek World Racing, YT Mob o Intense Factory Racing. La diferencia ahora es sustancial. Frameworks no es una estructura tradicional del paddock, sino un proyecto completamente controlado por Mulally, que ha pasado de joven talento competitivo a dise\u00f1ador, constructor y responsable de su propio equipo en la Copa del Mundo.<\/p>\n<p>En lo deportivo, Gwin afronta esta nueva etapa con un objetivo muy definido. Tras dos temporadas al frente de Gwin Racing, donde asumi\u00f3 la gesti\u00f3n total del equipo, el estadounidense deja atr\u00e1s esa carga para centrarse \u00fanicamente en rendir al m\u00e1ximo nivel. \u00c9l mismo lo explica en sus primeras declaraciones como corredor de Frameworks: \u201cMe siento como en familia. Conozco muy bien a todo el equipo y a Neko desde hace much\u00edsimo tiempo. Tenemos mucha historia juntos, probando, entrenando y compitiendo\u201d .<\/p>\n<p><img fetchpriority=\"high\" decoding=\"async\" class=\"size-large wp-image-159235 \" src=\"https:\/\/www.europesays.com\/es\/wp-content\/uploads\/2026\/01\/gwin-02-783x1024.jpg\" alt=\"\" width=\"783\" height=\"1024\"  \/><\/p>\n<p class=\"wp-caption-text\">Aaron Gwin<\/p>\n<blockquote class=\"quote-card lateral\">\n<p>Frameworks ofrece un entorno estable y sin distracciones<\/p>\n<\/blockquote>\n<p>El pentacampe\u00f3n de la general de la Copa del Mundo de DH reconoce que este cambio responde a la necesidad de volver a situarse en un contexto plenamente competitivo. \u201cQuer\u00eda volver a ponerme en una posici\u00f3n realmente competitiva para los pr\u00f3ximos a\u00f1os. Tener otra vez material ganador, un equipo ganador y todo el apoyo marca una gran diferencia. Es algo muy motivador\u201d, se\u00f1ala Gwin, dejando claro que el rendimiento vuelve a ser el eje central de su carrera deportiva .<\/p>\n<p>A lo largo de su trayectoria, Aaron Gwin se ha consolidado como el corredor estadounidense m\u00e1s exitoso de la historia del DH. Su palmar\u00e9s incluye m\u00faltiples t\u00edtulos generales de la Copa del Mundo, victorias en todos los grandes escenarios del calendario y una longevidad competitiva poco habitual en la disciplina. En los \u00faltimos a\u00f1os, adem\u00e1s, ha sido una figura clave en el desarrollo de bicicletas y componentes, compitiendo con prototipos y participando activamente en su evoluci\u00f3n t\u00e9cnica.<\/p>\n<p><img loading=\"lazy\" decoding=\"async\" class=\"size-large wp-image-159236 \" src=\"https:\/\/www.europesays.com\/es\/wp-content\/uploads\/2026\/01\/gwin-03-783x1024.jpg\" alt=\"\" width=\"783\" height=\"1024\"  \/><\/p>\n<p class=\"wp-caption-text\">Aaron Gwin<\/p>\n<blockquote class=\"quote-card lateral\">\n<p>Gwin busca cerrar su carrera deportiva en lo m\u00e1s alto<\/p>\n<\/blockquote>\n<p>Ese conocimiento se integra ahora en un proyecto m\u00e1s estable y centrado. \u201cComo paquete completo, siento que ahora mismo lo tengo todo cubierto. La bici, los componentes, el equipo\u2026 he marcado todas las casillas. No hay excusas, solo queda trabajar duro e ir a correr\u201d, afirma Gwin, subrayando el enfoque directo con el que encara esta nueva fase .<\/p>\n<p>En el apartado t\u00e9cnico, el estadounidense seguir\u00e1 contando con su mec\u00e1nico de confianza <strong>James McAllister<\/strong>, una continuidad clave dentro de una estructura que apuesta por la cohesi\u00f3n interna y la eficiencia. Frameworks Racing mantiene un perfil sobrio en el paddock, lejos de las grandes estructuras hipertecnificadas, pero con una filosof\u00eda clara basada en el control total del proceso y la fiabilidad de su apuesta.<\/p>\n<p>De cara a 2026, la alianza entre Frameworks y Aaron Gwin no se plantea como un paso atr\u00e1s, sino como una \u00faltima etapa plenamente consciente de una carrera hist\u00f3rica. Un proyecto centrado en lo esencial y dise\u00f1ado para que uno de los grandes nombres del DH mundial pueda intentar cerrar su trayectoria deportiva con el foco puesto, una vez m\u00e1s, en los resultados.<\/p>\n","protected":false},"excerpt":{"rendered":"Aaron Gwin ficha por Frameworks Racing para 2026 y pone fin a su etapa al frente de su&hellip;\n","protected":false},"author":2,"featured_media":332552,"comment_status":"","ping_status":"","sticky":false,"template":"","format":"standard","meta":{"footnotes":""},"categories":[273],"tags":[313,312,168,25,24,23,167],"class_list":{"0":"post-332551","1":"post","2":"type-post","3":"status-publish","4":"format-standard","5":"has-post-thumbnail","7":"category-ciclismo","8":"tag-ciclismo","9":"tag-cycling","10":"tag-deportes","11":"tag-es","12":"tag-espana","13":"tag-spain","14":"tag-sports"},"share_on_mastodon":{"url":"https:\/\/pubeurope.com\/@es\/115868707277850235","error":""},"_links":{"self":[{"href":"https:\/\/www.europesays.com\/es\/wp-json\/wp\/v2\/posts\/332551","targetHints":{"allow":["GET"]}}],"collection":[{"href":"https:\/\/www.europesays.com\/es\/wp-json\/wp\/v2\/posts"}],"about":[{"href":"https:\/\/www.europesays.com\/es\/wp-json\/wp\/v2\/types\/post"}],"author":[{"embeddable":true,"href":"https:\/\/www.europesays.com\/es\/wp-json\/wp\/v2\/users\/2"}],"replies":[{"embeddable":true,"href":"https:\/\/www.europesays.com\/es\/wp-json\/wp\/v2\/comments?post=332551"}],"version-history":[{"count":0,"href":"https:\/\/www.europesays.com\/es\/wp-json\/wp\/v2\/posts\/332551\/revisions"}],"wp:featuredmedia":[{"embeddable":true,"href":"https:\/\/www.europesays.com\/es\/wp-json\/wp\/v2\/media\/332552"}],"wp:attachment":[{"href":"https:\/\/www.europesays.com\/es\/wp-json\/wp\/v2\/media?parent=332551"}],"wp:term":[{"taxonomy":"category","embeddable":true,"href":"https:\/\/www.europesays.com\/es\/wp-json\/wp\/v2\/categories?post=332551"},{"taxonomy":"post_tag","embeddable":true,"href":"https:\/\/www.europesays.com\/es\/wp-json\/wp\/v2\/tags?post=332551"}],"curies":[{"name":"wp","href":"https:\/\/api.w.org\/{rel}","templated":true}]}}