{"id":332557,"date":"2026-01-10T03:38:10","date_gmt":"2026-01-10T03:38:10","guid":{"rendered":"https:\/\/www.europesays.com\/es\/332557\/"},"modified":"2026-01-10T03:38:10","modified_gmt":"2026-01-10T03:38:10","slug":"su-hija-lola-orellana-embarazada","status":"publish","type":"post","link":"https:\/\/www.europesays.com\/es\/332557\/","title":{"rendered":"su hija, Lola Orellana, embarazada"},"content":{"rendered":"<p>\u2018De viernes\u2019 este fin de semana viene cargado de actualidad. No solo por las <b>entrevistas bomba que tiene acordadas con Roc\u00edo Flores, Ana Obreg\u00f3n y Raquel Mosquera<\/b>. Tambi\u00e9n porque nada m\u00e1s comenzar el programa Lydia Lozano ha soltado una exclusiva que le llena de emoci\u00f3n, aunque tambi\u00e9n de nerviosismo. Ya la lio a\u00f1os atr\u00e1s cuando dio a conocer que <a title=\"Lolita Flores\" href=\"https:\/\/www.larazon.es\/gente\/famosos\/lolita-flores-dispuesta-tribunales-defender-postura-politica_20251218694459c9ea66eb735317bc13.html\" target=\"_blank\" rel=\"nofollow noopener\">Lolita Flores<\/a> iba a ser abuela, desvelando el embarazo de <a title=\"Elena Furiase\" href=\"https:\/\/www.larazon.es\/gente\/famosos\/sorprendente-desconocido-intento-secuestro-elena-furiase_2025121569400bc522f0db7daff1fe78.html\" target=\"_blank\" rel=\"nofollow noopener\">Elena Furiase<\/a> y enfadando a la familia por romperles una exclusiva. Ahora repite haza\u00f1a y anuncia que <b>la abuela esta vez ser\u00e1 <a title=\"Rosario Flores.\" href=\"https:\/\/www.larazon.es\/lifestyle\/moda\/vestido-glamuroso-que-rosario-flores-hace-guino-raices-andaluzas-marca-estilo-sus-62-anos_20251220694683f622f0db7daff8b1be.html\" target=\"_blank\" rel=\"nofollow noopener\">Rosario Flores.<\/a><\/b><\/p>\n<p>La familia Flores crecer\u00e1 este 2026 con la llegada de un nuevo miembro. Y lo hace con la artista estren\u00e1ndose como abuela, como as\u00ed ha confirmado la periodista en el programa de Telecinco. <a title=\"Lola Orellana\" href=\"https:\/\/www.larazon.es\/lifestyle\/gente\/lola-orellana-la-espectacular-hija-de-rosario-flores-FX7536887\/\" target=\"_blank\" rel=\"nofollow noopener\">Lola Orellana<\/a><b>estar\u00eda embarazada de cinco meses<\/b>, por lo que ya le ser\u00eda complicado disimular su estado y esquivar las miradas de sospecha ante la buena nueva que atesoraba como un secreto. <b>\u201cLola, la hija de Rosario, es una ni\u00f1a que sale poco en prensa, no le gusta y prefiere estar detr\u00e1s. Ha sido ayudante de casting de \u2018Juego de Tronos\u2019 y se dedica a la fotograf\u00eda y la ilustraci\u00f3n\u201d<\/b>, presenta al p\u00fablico a la protagonista de la noticia. <\/p>\n<p>Lola Orellana, embarazada de su primer hijo<\/p>\n<p>Rosario Flores es madre de dos hijos, Lola Orellana y Pedro Antonio Lazaga. <b>Su primog\u00e9nita lleg\u00f3 al mundo en 1996 fruto de su relaci\u00f3n con Carlos Orellana<\/b>. Siempre ha deseado permanecer alejada del foco medi\u00e1tico, a pesar de haber hecho sus propios pinitos en el mundo del arte, la interpretaci\u00f3n y la fotograf\u00eda. Tambi\u00e9n en alg\u00fan que otro photocall acompa\u00f1ando a su familia cuando la ocasi\u00f3n merec\u00eda la pena romper su hermetismo. De ah\u00ed que haya preferido <b>reservarse la buena nueva de su embarazo para los m\u00e1s \u00edntimos.<\/b><\/p>\n<p><b>\u201cElla est\u00e1 perfecta\u201d<\/b>, asegura Lydia Lozano al valorar el estado de Lola Orellana en su embarazo. A sus 29 a\u00f1os, dar\u00e1 el paso de formar su propia familia y hacer abuela a su madre, Rosario Flores, que ya ha visto c\u00f3mo ha disfrutado este papel de la vida gracias a su hermana Lolita. La cantante siempre presume de nietos cuando tiene ocasi\u00f3n y habla maravillas de su condici\u00f3n como abuela. Ahora ser\u00e1 su hermana peque\u00f1a quien se adentre en estos terrenos y descubra el amor que tan solo a un nieto se le puede ofrecer, tras la sabidur\u00eda de haber visto crecer a sus hijos. <\/p>\n","protected":false},"excerpt":{"rendered":"\u2018De viernes\u2019 este fin de semana viene cargado de actualidad. No solo por las entrevistas bomba que tiene&hellip;\n","protected":false},"author":2,"featured_media":332558,"comment_status":"","ping_status":"","sticky":false,"template":"","format":"standard","meta":{"footnotes":""},"categories":[174],"tags":[255,146,147,25,24,256,23],"class_list":{"0":"post-332557","1":"post","2":"type-post","3":"status-publish","4":"format-standard","5":"has-post-thumbnail","7":"category-famosos","8":"tag-celebrities","9":"tag-entertainment","10":"tag-entretenimiento","11":"tag-es","12":"tag-espana","13":"tag-famosos","14":"tag-spain"},"share_on_mastodon":{"url":"https:\/\/pubeurope.com\/@es\/115868722963471720","error":""},"_links":{"self":[{"href":"https:\/\/www.europesays.com\/es\/wp-json\/wp\/v2\/posts\/332557","targetHints":{"allow":["GET"]}}],"collection":[{"href":"https:\/\/www.europesays.com\/es\/wp-json\/wp\/v2\/posts"}],"about":[{"href":"https:\/\/www.europesays.com\/es\/wp-json\/wp\/v2\/types\/post"}],"author":[{"embeddable":true,"href":"https:\/\/www.europesays.com\/es\/wp-json\/wp\/v2\/users\/2"}],"replies":[{"embeddable":true,"href":"https:\/\/www.europesays.com\/es\/wp-json\/wp\/v2\/comments?post=332557"}],"version-history":[{"count":0,"href":"https:\/\/www.europesays.com\/es\/wp-json\/wp\/v2\/posts\/332557\/revisions"}],"wp:featuredmedia":[{"embeddable":true,"href":"https:\/\/www.europesays.com\/es\/wp-json\/wp\/v2\/media\/332558"}],"wp:attachment":[{"href":"https:\/\/www.europesays.com\/es\/wp-json\/wp\/v2\/media?parent=332557"}],"wp:term":[{"taxonomy":"category","embeddable":true,"href":"https:\/\/www.europesays.com\/es\/wp-json\/wp\/v2\/categories?post=332557"},{"taxonomy":"post_tag","embeddable":true,"href":"https:\/\/www.europesays.com\/es\/wp-json\/wp\/v2\/tags?post=332557"}],"curies":[{"name":"wp","href":"https:\/\/api.w.org\/{rel}","templated":true}]}}