{"id":332561,"date":"2026-01-10T03:43:18","date_gmt":"2026-01-10T03:43:18","guid":{"rendered":"https:\/\/www.europesays.com\/es\/332561\/"},"modified":"2026-01-10T03:43:18","modified_gmt":"2026-01-10T03:43:18","slug":"la-hermandad-de-el-senor-de-los-anillos-sigue-intacta-y-ya-comienza-a-festejar-los-25-anos-de-su-estreno","status":"publish","type":"post","link":"https:\/\/www.europesays.com\/es\/332561\/","title":{"rendered":"La hermandad de El Se\u00f1or de los Anillos sigue intacta y ya comienza a festejar los 25 a\u00f1os de su estreno"},"content":{"rendered":"<p>El elenco principal de El Se\u00f1or de los Anillos celebra el 25\u00b0 aniversario con un reencuentro especial publicado en Empire (I Broadcast)<\/p>\n<p class=\"paragraph\">Un cuarto de siglo despu\u00e9s del inicio del rodaje de <a href=\"https:\/\/www.infobae.com\/tag\/el-senor-de-los-anillos\/\" target=\"_blank\" rel=\"noreferrer nofollow noopener\" title=\"https:\/\/www.infobae.com\/tag\/el-senor-de-los-anillos\/\"><b>El Se\u00f1or de los Anillos<\/b><\/a>, el elenco principal se reuni\u00f3 para una entrevista exclusiva publicada en el n\u00famero de aniversario de Empire. <\/p>\n<p class=\"paragraph\">Los actores que interpretaron a los Hobbits y <a href=\"https:\/\/www.infobae.com\/tag\/ian-mckellen\/\" target=\"_blank\" rel=\"noreferrer nofollow noopener\" title=\"https:\/\/www.infobae.com\/tag\/ian-mckellen\/\"><b>Ian McKellen<\/b><\/a>, quien dio vida a Gandalf, protagonizan este reencuentro, que celebra los 25 a\u00f1os de una trilog\u00eda fundamental para el cine y la cultura popular. <\/p>\n<p><img alt=\"El elenco principal de El\" class=\"global-image\" decoding=\"async\" fetchpriority=\"low\" height=\"1080\" loading=\"lazy\" src=\"https:\/\/www.europesays.com\/es\/wp-content\/uploads\/2026\/01\/GKQA64EUG5DB7POBPJU4N5WMGI.jpg\" width=\"1920\"\/>El elenco principal de El Se\u00f1or de los Anillos se reuni\u00f3 para una entrevista exclusiva por el aniversario de la trilog\u00eda<\/p>\n<p class=\"paragraph\">En la conversaci\u00f3n, los int\u00e9rpretes comparten impresiones personales, evocan experiencias en el rodaje y revisitan el lazo que los uni\u00f3 dentro y fuera de la pantalla, seg\u00fan testimonios recogidos por Empire.<\/p>\n<p class=\"paragraph\"><b>Ian McKellen<\/b> record\u00f3 la promesa de permanecer unidos tras el rodaje, aunque se\u00f1al\u00f3 que no particip\u00f3 en los reencuentros durante este tiempo: \u201cCuando terminamos de rodar El Se\u00f1or de los Anillos, entre todos hubo una camarader\u00eda tal que acordamos que, sin importar en qu\u00e9 lugar del mundo estuvi\u00e9ramos, nos reunir\u00edamos para renovar nuestra amistad, hermandad y fraternidad\u201d, relat\u00f3 McKellen a Empire.<\/p>\n<p><img alt=\"Ian McKellen confes\u00f3 que no\" class=\"global-image\" decoding=\"async\" fetchpriority=\"low\" height=\"560\" loading=\"lazy\" src=\"https:\/\/www.europesays.com\/es\/wp-content\/uploads\/2026\/01\/NXJACOZ7L5BUHFFIMEMLZTODVA.jpg\" width=\"980\"\/>Ian McKellen confes\u00f3 que no estuvo presente en los reencuentros del elenco durante los 25 a\u00f1os desde el rodaje<\/p>\n<p class=\"paragraph\">\u201c\u00a1No estuve en ninguno de estos reencuentros en 25 a\u00f1os! Si los hicieron sin que yo supiera, tendr\u00e1n que pregunt\u00e1rselo a ellos\u2026\u201d, a\u00f1adi\u00f3 el actor.<\/p>\n<p class=\"paragraph\"><b>Dominic Monaghan<\/b>, quien interpret\u00f3 a Meriadoc Brandigamo, explic\u00f3 la din\u00e1mica particular entre los Hobbits y la frecuencia de sus encuentros: \u201cJam\u00e1s, Ian. \u00a1Jam\u00e1s! Los cuatro Hobbits tenemos suerte porque coincidimos en convenciones, as\u00ed que creo que nos vemos al menos ocho veces al a\u00f1o. Con Ian es un poco m\u00e1s dif\u00edcil, pero hacemos todo lo posible\u201d, expres\u00f3 Monaghan durante la entrevista recogida por Empire.<\/p>\n<p><img alt=\"Los actores que interpretaron a\" class=\"global-image\" decoding=\"async\" fetchpriority=\"low\" height=\"333\" loading=\"lazy\" src=\"https:\/\/www.europesays.com\/es\/wp-content\/uploads\/2026\/01\/SMGX374ZBBE6TOA5EEZNYSG3DQ.jpg\" width=\"488\"\/>Los actores que interpretaron a los Hobbits mantienen contacto frecuente gracias a convenciones, renovando la hermandad fuera de la pantalla (NEW LINE\/Europa Press)<\/p>\n<p class=\"paragraph\">Sean Astin, quien encarn\u00f3 a Samsagaz Gamyi, aport\u00f3 su punto de vista sobre el v\u00ednculo del grupo y brome\u00f3 sobre las dificultades para coincidir todos: \u201cCreo que lo que todos queremos es reunirnos, eso mantiene el esp\u00edritu vivo. No es que la hermandad haya fracasado o desaparecido. \u00a1Simplemente, no podemos descifrar c\u00f3mo lograrlo!\u201d.<\/p>\n<p class=\"paragraph\">La charla permiti\u00f3 a los actores volver sobre sus primeros recuerdos en el set. McKellen evoc\u00f3 la confusi\u00f3n de sus escenas iniciales como Gandalf, marcadas por el desorden cronol\u00f3gico del rodaje.<\/p>\n<p><img alt=\"El reparto rememora sus recuerdos\" class=\"global-image\" decoding=\"async\" fetchpriority=\"low\" height=\"1080\" loading=\"lazy\" src=\"https:\/\/www.europesays.com\/es\/wp-content\/uploads\/2026\/01\/6JCWPKDYKVAZRFNHEIAHVYJAKI.jpg\" width=\"1920\"\/>El reparto rememora sus recuerdos iniciales en el set de Nueva Zelanda y la confusi\u00f3n ante escenas filmadas fuera de orden cronol\u00f3gico (foto: Captura\/IMDb)<\/p>\n<p class=\"paragraph\">\u201cEn mi primer d\u00eda hice la entrada de Gandalf en la primera pel\u00edcula, entrando en Hobbiton en el carro. Pero la siguiente escena fue la \u00faltima de Gandalf en la tercera pel\u00edcula, despidi\u00e9ndose mientras part\u00eda y dejando a los Hobbits, que se arrodillaban para parecer m\u00e1s peque\u00f1os. Le pregunt\u00e9 a Peter Jackson: \u2018<b>\u00bfEstoy contento de decir adi\u00f3s o lo lamento?<\/b> \u00bfPuedes explicarme r\u00e1pido mi relaci\u00f3n?\u2019 \u00a1No los conoc\u00eda de nada!\u201d, explic\u00f3 McKellen para Empire.<\/p>\n<p class=\"paragraph\">\u201cJackson me dijo: \u2018<b>Pasaron por muchas aventuras juntos y est\u00e1s agradecido<\/b>\u2019. Si ven mi cara en esa escena, est\u00e1 completamente en blanco. Es lo mejor que se puede hacer: si no sabes qu\u00e9 hacer, no hagas nada. \u00a1No ten\u00eda ni idea!\u201d, a\u00f1adi\u00f3 el actor.<\/p>\n<p><img alt=\"El aniversario de la trilog\u00eda\" class=\"global-image\" decoding=\"async\" fetchpriority=\"low\" height=\"1600\" loading=\"lazy\" src=\"https:\/\/www.europesays.com\/es\/wp-content\/uploads\/2026\/01\/TJPSHAILVRDFBG4WRE2LQOUP74.jpg\" width=\"2000\"\/>El aniversario de la trilog\u00eda trajo confesiones sobre promesas de hermandad, an\u00e9cdotas en el set y la qu\u00edmica que hizo historia, seg\u00fan testimonios para Empire(Captura de pantalla)<\/p>\n<p class=\"paragraph\"><b>Billy Boyd<\/b>, int\u00e9rprete de Peregrin Tuk, sum\u00f3 su recuerdo particular y se\u00f1al\u00f3 que uno de los primeros momentos grupales fue al rodar la escena final de la trilog\u00eda: \u201cEse es mi primer recuerdo de todos juntos: filmando el final. Sucedi\u00f3 porque Ian Holm estaba all\u00ed y solo ten\u00edan un mes para grabar sus escenas como Bilbo\u201c.<\/p>\n<p class=\"paragraph\">Astin record\u00f3 la intimidad de los primeros d\u00edas en el set: \u201cRecuerdo estar en el autob\u00fas de maquillaje todos juntos, los cuatro Hobbits en fila y Ian en la siguiente sala, \u00e9l solo. Pens\u00e9: \u2018Dios m\u00edo. Ian est\u00e1 justo ah\u00ed. \u00a1Podr\u00eda estirar la mano y tocarlo!\u2019\u201d<\/p>\n<p><img alt=\"Billy Boyd recuerda como uno\" class=\"global-image\" decoding=\"async\" fetchpriority=\"low\" height=\"773\" loading=\"lazy\" src=\"https:\/\/www.europesays.com\/es\/wp-content\/uploads\/2026\/01\/LQT53H5NPVAB3OK6UPX57XFZ54.png\" width=\"1559\"\/>Billy Boyd recuerda como uno de sus primeros momentos juntos la filmaci\u00f3n de la escena final de la trilog\u00eda junto a Ian Holm<\/p>\n<p class=\"paragraph\">La conexi\u00f3n entre los actores surgi\u00f3 al instante. Monaghan lo describi\u00f3 as\u00ed: \u201c<b>Fue instant\u00e1nea, algo que nunca me hab\u00eda pasado antes ni despu\u00e9s<\/b>. Se cre\u00f3 un v\u00ednculo inmediato, especialmente entre los nueve miembros de la Comunidad. Simplemente dec\u00edan: \u2018\u00bfTe gusta eso? \u00bfPuedo compartirlo contigo?\u2019 Creo que es una de las razones por las que seguimos deseando mantener este lazo\u201d, se\u00f1al\u00f3.<\/p>\n<p class=\"paragraph\"><b>Elijah Wood<\/b>, protagonista como Frodo Bols\u00f3n, profundiz\u00f3 en el car\u00e1cter excepcional de la experiencia y el entorno donde se forj\u00f3: \u201cNos llevaron a Nueva Zelanda por un periodo m\u00e1s largo del que cualquier actor suele vivir lejos de casa, a compartir una aventura similar a la de nuestros personajes\u201d, cont\u00f3 Wood, subrayando el impacto singular de esa convivencia, seg\u00fan reflej\u00f3 Empire.<\/p>\n<p><img alt=\"El v\u00ednculo entre los actores\" class=\"global-image\" decoding=\"async\" fetchpriority=\"low\" height=\"2160\" loading=\"lazy\" src=\"https:\/\/www.europesays.com\/es\/wp-content\/uploads\/2026\/01\/RFYNC32LCNFZ5OZ2KLW36CQJUY.jpg\" width=\"3840\"\/>El v\u00ednculo entre los actores de la Comunidad del Anillo se forj\u00f3 de manera casi instant\u00e1nea y sigue inspirando a\u00f1os despu\u00e9s<\/p>\n<p class=\"paragraph\">La edici\u00f3n especial de la revista por el aniversario re\u00fane tambi\u00e9n a Peter Jackson y a actores fundamentales de la trilog\u00eda, como <b>Viggo Mortensen<\/b>, Sean Bean, Liv Tyler, Cate Blanchett, Orlando Bloom y John Rhys-Davies, reforzando el legado compartido y el homenaje colectivo.<\/p>\n<p class=\"paragraph\">D\u00e9cadas despu\u00e9s, el recuerdo de esa experiencia y la vida com\u00fan en Nueva Zelanda conservan para sus protagonistas la fuerza de una qu\u00edmica <b>irrepetible<\/b>. El grupo mantiene el esp\u00edritu de hermandad que marc\u00f3 la trilog\u00eda, un lazo que sigue inspirando a distintas generaciones.<\/p>\n","protected":false},"excerpt":{"rendered":"El elenco principal de El Se\u00f1or de los Anillos celebra el 25\u00b0 aniversario con un reencuentro especial publicado&hellip;\n","protected":false},"author":2,"featured_media":332562,"comment_status":"","ping_status":"","sticky":false,"template":"","format":"standard","meta":{"footnotes":""},"categories":[169],"tags":[177,209,146,147,25,24,629,176,175,23],"class_list":{"0":"post-332561","1":"post","2":"type-post","3":"status-publish","4":"format-standard","5":"has-post-thumbnail","7":"category-cine","8":"tag-cine","9":"tag-cultura","10":"tag-entertainment","11":"tag-entretenimiento","12":"tag-es","13":"tag-espana","14":"tag-estados-unidos","15":"tag-film","16":"tag-movies","17":"tag-spain"},"share_on_mastodon":{"url":"https:\/\/pubeurope.com\/@es\/115868742861923182","error":""},"_links":{"self":[{"href":"https:\/\/www.europesays.com\/es\/wp-json\/wp\/v2\/posts\/332561","targetHints":{"allow":["GET"]}}],"collection":[{"href":"https:\/\/www.europesays.com\/es\/wp-json\/wp\/v2\/posts"}],"about":[{"href":"https:\/\/www.europesays.com\/es\/wp-json\/wp\/v2\/types\/post"}],"author":[{"embeddable":true,"href":"https:\/\/www.europesays.com\/es\/wp-json\/wp\/v2\/users\/2"}],"replies":[{"embeddable":true,"href":"https:\/\/www.europesays.com\/es\/wp-json\/wp\/v2\/comments?post=332561"}],"version-history":[{"count":0,"href":"https:\/\/www.europesays.com\/es\/wp-json\/wp\/v2\/posts\/332561\/revisions"}],"wp:featuredmedia":[{"embeddable":true,"href":"https:\/\/www.europesays.com\/es\/wp-json\/wp\/v2\/media\/332562"}],"wp:attachment":[{"href":"https:\/\/www.europesays.com\/es\/wp-json\/wp\/v2\/media?parent=332561"}],"wp:term":[{"taxonomy":"category","embeddable":true,"href":"https:\/\/www.europesays.com\/es\/wp-json\/wp\/v2\/categories?post=332561"},{"taxonomy":"post_tag","embeddable":true,"href":"https:\/\/www.europesays.com\/es\/wp-json\/wp\/v2\/tags?post=332561"}],"curies":[{"name":"wp","href":"https:\/\/api.w.org\/{rel}","templated":true}]}}