{"id":332567,"date":"2026-01-10T03:47:11","date_gmt":"2026-01-10T03:47:11","guid":{"rendered":"https:\/\/www.europesays.com\/es\/332567\/"},"modified":"2026-01-10T03:47:11","modified_gmt":"2026-01-10T03:47:11","slug":"soinuz-burlata-2026-montana-stomp-y-the-rock-drill","status":"publish","type":"post","link":"https:\/\/www.europesays.com\/es\/332567\/","title":{"rendered":"SOINUZ! BURLATA 2026 \u00abMontana Stomp y The Rock Drill\u00bb"},"content":{"rendered":"<p class=\"elem-even\">&#13;<br \/>\n                            &#13;<br \/>\n                            &#13;<br \/>\n\t\t\t\t\t\t06 de febrero de 2026\t\t\t\t\t\t\t\t\t\t\t\t | Apertura puertas: 19:30 h.  \/  Inicio 20:00 h.\t\t\t\t\t\t&#13;\n                        <\/p>\n<p class=\"elem-even\">&#13;<br \/>\n                                &#13;<br \/>\n                                &#13;<br \/>\n\t\t\t\t\t\t            Teatro Casa de Cultura\t\t\t\t\t\t        &#13;\n                            <\/p>\n<p><strong>Montana Stomp<\/strong> llega al ciclo <strong>Soinuz Burlata<\/strong> con una propuesta de blues rock liderada por la voz de <strong>Susana Colt<\/strong>, una presencia que no ha pasado desapercibida dentro de la escena musical. La banda desarrolla un sonido s\u00f3lido que fusiona el southern rock americano, el British blues y el rock de los a\u00f1os setenta, apoyado en riffs afilados y una base r\u00edtmica contundente. Su actuaci\u00f3n conecta de forma natural con una localidad estrechamente vinculada a este g\u00e9nero gracias a la labor continuada de la <strong>Asociaci\u00f3n Burlada Blues<\/strong>, responsable de una programaci\u00f3n anual consolidada con citas como Udazkena Blues y los conciertos del Parque Municipal.<\/p>\n<p>Su segundo disco, The Horse and the Hill, ha recibido una notable acogida tanto dentro como fuera de nuestras fronteras, destacando por una madurez sonora que combina influencias del southern rock, el blues brit\u00e1nico y el rock de los a\u00f1os setenta. El \u00e1lbum ha sido recientemente presentado en un concierto grabado para las noches musicales de Radio 3 Televisi\u00f3n, cosechando excelentes cr\u00edticas.<\/p>\n<p>Completa la sesi\u00f3n <strong>The Rock Drill<\/strong>, formaci\u00f3n de Iru\u00f1a integrada por m\u00fasicos con una amplia trayectoria en bandas como Rep\u00fablica Riff, SUTAGAR, Taken, Les Copions, Chicos Chachis y Tah\u00fares Zurdos, que ofrece un repertorio de versiones de cl\u00e1sicos del rock de Van Halen, Neil Young, Guns N\u2019 Roses, Bon Jovi, Gary Moore o Europe.<\/p>\n<p>Apertura de puertas: 19:30 h.<\/p>\n<p><strong>Venta entradas:<\/strong><\/p>\n<p>Anticipada: 8 \u20ac.<br \/>Llamando al tel\u00e9fono 948 012 012 de lunes a viernes de 8:00 a 18:00 h.<br \/><strong><a href=\"https:\/\/es.patronbase.com\/_Burlada\/Seats\/NumSeats?prod_id=770&amp;perf_id=1&amp;section_id=PIST&amp;action=&amp;seat_type_id=PIST\" rel=\"nofollow noopener\" target=\"_blank\">Online<\/a><\/strong>.\u00a0Hasta 3 horas antes del inicio.<\/p>\n<p>Taquilla: 8 \u20ac. Desde una hora antes del espect\u00e1culo.<\/p>\n<p>\u00a0<\/p>\n<p>Bono de los 5 conciertos del ciclo: 35 \u20ac <strong><a href=\"https:\/\/es.patronbase.com\/_Burlada\/Seasons\/View?season_id=SOIN\" rel=\"nofollow noopener\" target=\"_blank\">Online<\/a><\/strong><\/p>\n<p>\u00a0<\/p>\n<p><img loading=\"lazy\" decoding=\"async\" class=\"alignnone wp-image-110555\" src=\"https:\/\/www.europesays.com\/es\/wp-content\/uploads\/2026\/01\/Montana-Stomp-300x200.jpg\" alt=\"\" width=\"522\" height=\"348\"  \/><\/p>\n","protected":false},"excerpt":{"rendered":"&#13; &#13; &#13; 06 de febrero de 2026 | Apertura puertas: 19:30 h. \/ Inicio 20:00 h. &#13;&hellip;\n","protected":false},"author":2,"featured_media":332568,"comment_status":"","ping_status":"","sticky":false,"template":"","format":"standard","meta":{"footnotes":""},"categories":[91],"tags":[146,147,25,24,23],"class_list":{"0":"post-332567","1":"post","2":"type-post","3":"status-publish","4":"format-standard","5":"has-post-thumbnail","7":"category-entretenimiento","8":"tag-entertainment","9":"tag-entretenimiento","10":"tag-es","11":"tag-espana","12":"tag-spain"},"share_on_mastodon":{"url":"https:\/\/pubeurope.com\/@es\/115868758507513281","error":""},"_links":{"self":[{"href":"https:\/\/www.europesays.com\/es\/wp-json\/wp\/v2\/posts\/332567","targetHints":{"allow":["GET"]}}],"collection":[{"href":"https:\/\/www.europesays.com\/es\/wp-json\/wp\/v2\/posts"}],"about":[{"href":"https:\/\/www.europesays.com\/es\/wp-json\/wp\/v2\/types\/post"}],"author":[{"embeddable":true,"href":"https:\/\/www.europesays.com\/es\/wp-json\/wp\/v2\/users\/2"}],"replies":[{"embeddable":true,"href":"https:\/\/www.europesays.com\/es\/wp-json\/wp\/v2\/comments?post=332567"}],"version-history":[{"count":0,"href":"https:\/\/www.europesays.com\/es\/wp-json\/wp\/v2\/posts\/332567\/revisions"}],"wp:featuredmedia":[{"embeddable":true,"href":"https:\/\/www.europesays.com\/es\/wp-json\/wp\/v2\/media\/332568"}],"wp:attachment":[{"href":"https:\/\/www.europesays.com\/es\/wp-json\/wp\/v2\/media?parent=332567"}],"wp:term":[{"taxonomy":"category","embeddable":true,"href":"https:\/\/www.europesays.com\/es\/wp-json\/wp\/v2\/categories?post=332567"},{"taxonomy":"post_tag","embeddable":true,"href":"https:\/\/www.europesays.com\/es\/wp-json\/wp\/v2\/tags?post=332567"}],"curies":[{"name":"wp","href":"https:\/\/api.w.org\/{rel}","templated":true}]}}