{"id":332573,"date":"2026-01-10T03:50:09","date_gmt":"2026-01-10T03:50:09","guid":{"rendered":"https:\/\/www.europesays.com\/es\/332573\/"},"modified":"2026-01-10T03:50:09","modified_gmt":"2026-01-10T03:50:09","slug":"gobierno-del-estado-de-tamaulipas-17","status":"publish","type":"post","link":"https:\/\/www.europesays.com\/es\/332573\/","title":{"rendered":"Gobierno del Estado de Tamaulipas"},"content":{"rendered":"<p>\t\t\t<img width=\"850\" height=\"500\" src=\"https:\/\/www.europesays.com\/es\/wp-content\/uploads\/2026\/01\/SDE-004-2026.-Impulsan-el-desarrollo-industrial-del-Puerto-del-Norte-en-Matamoros-2-850x500.jpeg\" class=\"img-responsive center-block destacada wp-post-image\" alt=\"\" decoding=\"async\" fetchpriority=\"high\"\/><\/p>\n<p>\u00a0<\/p>\n<p style=\"text-align: right\">SDE-004-2026<\/p>\n<p>Enero 09 de 2026<\/p>\n<p style=\"text-align: justify\">Matamoros, Tamaulipas.- El secretario de Desarrollo Energ\u00e9tico, Walter Juli\u00e1n \u00c1ngel Jim\u00e9nez, y el director general de API Tamaulipas, Gustavo Guzm\u00e1n Fern\u00e1ndez, realizaron una visita de supervisi\u00f3n y trabajo en las instalaciones del Puerto del Norte para la consolidaci\u00f3n de la infraestructura energ\u00e9tica y comercial de la regi\u00f3n.<\/p>\n<p style=\"text-align: justify\">Durante el recorrido se cont\u00f3 con la participaci\u00f3n de la empresa ESEASA, para evaluar y asentar las condiciones y generar los acuerdos necesarios que permitan el establecimiento de industria que fortalecer\u00e1 el desarrollo del puerto y la regi\u00f3n, en beneficio de la poblaci\u00f3n de Tamaulipas.<\/p>\n<p style=\"text-align: justify\">El titular de la SEDENER se\u00f1al\u00f3 que la colaboraci\u00f3n del sector privado es fundamental para maximizar la capacidad operativa del puerto y garantizar un desarrollo sostenible dentro de la administraci\u00f3n del gobernador Am\u00e9rico Villarreal y a largo plazo para Tamaulipas.<\/p>\n<p style=\"text-align: justify\">El Puerto del Norte se perfila como uno de los centros de operaciones m\u00e1s importantes de M\u00e9xico, gracias a su ubicaci\u00f3n geogr\u00e1fica estrat\u00e9gica.<\/p>\n<p style=\"text-align: justify\">\u00abAvanzamos con el compromiso firme de desarrollar un puerto que no solo sea un punto de transferencia, sino un motor de bienestar y progreso para las y los tamaulipecos\u00bb, se\u00f1al\u00f3 el funcionario estatal, Walter Juli\u00e1n \u00c1ngel Jim\u00e9nez.<\/p>\n<p>***<\/p>\n<p>\u00a0<\/p>\n<p>Enlace de descarga.<\/p>\n<p>https:\/\/drive.google.com\/drive\/folders\/15dUeQy0o6ZiOFi2eTM1X6h43Vw4nBYX_?usp=sharing<\/p>\n<p>\u00a0<\/p>\n<p>\u00a0<\/p>\n","protected":false},"excerpt":{"rendered":"\u00a0 SDE-004-2026 Enero 09 de 2026 Matamoros, Tamaulipas.- El secretario de Desarrollo Energ\u00e9tico, Walter Juli\u00e1n \u00c1ngel Jim\u00e9nez, y&hellip;\n","protected":false},"author":2,"featured_media":332574,"comment_status":"","ping_status":"","sticky":false,"template":"","format":"standard","meta":{"footnotes":""},"categories":[42],"tags":[71032,17,18,13,14,71031,582,71029,11,61,62,63,64,19,20,9,10,15,16,71030,71033,12,21,22,65,66,67],"class_list":{"0":"post-332573","1":"post","2":"type-post","3":"status-publish","4":"format-standard","5":"has-post-thumbnail","7":"category-internacional","8":"tag-americo-villarreal","9":"tag-breaking-news","10":"tag-breakingnews","11":"tag-featured-news","12":"tag-featurednews","13":"tag-gobernador-americo-villarreal","14":"tag-gobierno","15":"tag-gobierno-de-tamaulipas","16":"tag-headlines","17":"tag-internacional","18":"tag-international","19":"tag-international-news","20":"tag-internationalnews","21":"tag-latest-news","22":"tag-latestnews","23":"tag-news","24":"tag-noticias","25":"tag-noticias-destacadas","26":"tag-noticiasdestacadas","27":"tag-tamaulipas","28":"tag-tamps","29":"tag-titulares","30":"tag-ultimas-noticias","31":"tag-ultimasnoticias","32":"tag-world","33":"tag-world-news","34":"tag-worldnews"},"share_on_mastodon":{"url":"https:\/\/pubeurope.com\/@es\/115868770212924930","error":""},"_links":{"self":[{"href":"https:\/\/www.europesays.com\/es\/wp-json\/wp\/v2\/posts\/332573","targetHints":{"allow":["GET"]}}],"collection":[{"href":"https:\/\/www.europesays.com\/es\/wp-json\/wp\/v2\/posts"}],"about":[{"href":"https:\/\/www.europesays.com\/es\/wp-json\/wp\/v2\/types\/post"}],"author":[{"embeddable":true,"href":"https:\/\/www.europesays.com\/es\/wp-json\/wp\/v2\/users\/2"}],"replies":[{"embeddable":true,"href":"https:\/\/www.europesays.com\/es\/wp-json\/wp\/v2\/comments?post=332573"}],"version-history":[{"count":0,"href":"https:\/\/www.europesays.com\/es\/wp-json\/wp\/v2\/posts\/332573\/revisions"}],"wp:featuredmedia":[{"embeddable":true,"href":"https:\/\/www.europesays.com\/es\/wp-json\/wp\/v2\/media\/332574"}],"wp:attachment":[{"href":"https:\/\/www.europesays.com\/es\/wp-json\/wp\/v2\/media?parent=332573"}],"wp:term":[{"taxonomy":"category","embeddable":true,"href":"https:\/\/www.europesays.com\/es\/wp-json\/wp\/v2\/categories?post=332573"},{"taxonomy":"post_tag","embeddable":true,"href":"https:\/\/www.europesays.com\/es\/wp-json\/wp\/v2\/tags?post=332573"}],"curies":[{"name":"wp","href":"https:\/\/api.w.org\/{rel}","templated":true}]}}