{"id":332578,"date":"2026-01-10T03:52:34","date_gmt":"2026-01-10T03:52:34","guid":{"rendered":"https:\/\/www.europesays.com\/es\/332578\/"},"modified":"2026-01-10T03:52:34","modified_gmt":"2026-01-10T03:52:34","slug":"ha-sido-un-gran-partido-para-volver-a-marcar-y-que-el-equipo-ganara","status":"publish","type":"post","link":"https:\/\/www.europesays.com\/es\/332578\/","title":{"rendered":"Ha sido un gran partido para volver a marcar y que el equipo ganara"},"content":{"rendered":"<p>El <b>Real Madrid<\/b> se impuso al Atl\u00e9tico en las semifinales de la <b>Supercopa de Espa\u00f1a<\/b> y <b><a href=\"https:\/\/www.realmadrid.com\/es-ES\/futbol\/primer-equipo-masculino\/plantilla\/federico-santiago-valverde-dipetta\" rel=\"nofollow noopener\" target=\"_blank\">Valverde<\/a><\/b>, autor del primer tanto del partido con un impresionante lanzamiento de falta, declar\u00f3: \u201cPrimer gol en el a\u00f1o. Despu\u00e9s de tantos partidos sin marcar hoy era un gran partido para volver a marcar gol y que el equipo ganara. Tambi\u00e9n hay que seguir siendo autocr\u00edticos; hemos tenido ocasiones, pero su equipo tuvo muchas m\u00e1s. Creo que jugaron mucho mejor que nosotros. Hay que seguir corrigiendo eso y seguir mejorando, somos un gran equipo. Tenemos que estar mucho m\u00e1s juntos en los momentos en los que nos toca sufrir. Es parte del f\u00fatbol y hay que saber sufrir, atacar y estar juntos\u201d.<\/p>\n<p>\u201cUno siempre quiere empezar ganando. Es muy dif\u00edcil empezar perdiendo y despu\u00e9s darle la vuelta al partido. Nos relajamos un poco con el gol del principio y nos costaba tener el bal\u00f3n y hacer nuestro juego. El partido fue pr\u00e1cticamente eso. Hemos tenido muchas ocasiones pero han salido por un contragolpe o por un robo. Hay que ser autocritico y seguir mejorando\u201d.<\/p>\n","protected":false},"excerpt":{"rendered":"El Real Madrid se impuso al Atl\u00e9tico en las semifinales de la Supercopa de Espa\u00f1a y Valverde, autor&hellip;\n","protected":false},"author":2,"featured_media":332579,"comment_status":"","ping_status":"","sticky":false,"template":"","format":"standard","meta":{"footnotes":""},"categories":[5],"tags":[17,18,25,24,13,14,11,19,20,9,10,15,16,23,12,21,22],"class_list":{"0":"post-332578","1":"post","2":"type-post","3":"status-publish","4":"format-standard","5":"has-post-thumbnail","7":"category-titulares","8":"tag-breaking-news","9":"tag-breakingnews","10":"tag-es","11":"tag-espana","12":"tag-featured-news","13":"tag-featurednews","14":"tag-headlines","15":"tag-latest-news","16":"tag-latestnews","17":"tag-news","18":"tag-noticias","19":"tag-noticias-destacadas","20":"tag-noticiasdestacadas","21":"tag-spain","22":"tag-titulares","23":"tag-ultimas-noticias","24":"tag-ultimasnoticias"},"share_on_mastodon":{"url":"https:\/\/pubeurope.com\/@es\/115868778025992705","error":""},"_links":{"self":[{"href":"https:\/\/www.europesays.com\/es\/wp-json\/wp\/v2\/posts\/332578","targetHints":{"allow":["GET"]}}],"collection":[{"href":"https:\/\/www.europesays.com\/es\/wp-json\/wp\/v2\/posts"}],"about":[{"href":"https:\/\/www.europesays.com\/es\/wp-json\/wp\/v2\/types\/post"}],"author":[{"embeddable":true,"href":"https:\/\/www.europesays.com\/es\/wp-json\/wp\/v2\/users\/2"}],"replies":[{"embeddable":true,"href":"https:\/\/www.europesays.com\/es\/wp-json\/wp\/v2\/comments?post=332578"}],"version-history":[{"count":0,"href":"https:\/\/www.europesays.com\/es\/wp-json\/wp\/v2\/posts\/332578\/revisions"}],"wp:featuredmedia":[{"embeddable":true,"href":"https:\/\/www.europesays.com\/es\/wp-json\/wp\/v2\/media\/332579"}],"wp:attachment":[{"href":"https:\/\/www.europesays.com\/es\/wp-json\/wp\/v2\/media?parent=332578"}],"wp:term":[{"taxonomy":"category","embeddable":true,"href":"https:\/\/www.europesays.com\/es\/wp-json\/wp\/v2\/categories?post=332578"},{"taxonomy":"post_tag","embeddable":true,"href":"https:\/\/www.europesays.com\/es\/wp-json\/wp\/v2\/tags?post=332578"}],"curies":[{"name":"wp","href":"https:\/\/api.w.org\/{rel}","templated":true}]}}