{"id":332580,"date":"2026-01-10T04:00:10","date_gmt":"2026-01-10T04:00:10","guid":{"rendered":"https:\/\/www.europesays.com\/es\/332580\/"},"modified":"2026-01-10T04:00:10","modified_gmt":"2026-01-10T04:00:10","slug":"fuentes-anthony-davis-podria-requerir-cirugia","status":"publish","type":"post","link":"https:\/\/www.europesays.com\/es\/332580\/","title":{"rendered":"Fuentes: Anthony Davis podr\u00eda requerir cirug\u00eda"},"content":{"rendered":"<ul class=\"authors\">\n<li>\n<p>Shams Charania<\/p>\n<p><a class=\"icon-font-after icon-close-solid-after\" href=\"#\">Cerrar<\/a><img decoding=\"async\" alt=\"\" class=\"author-img\" src=\"https:\/\/www.europesays.com\/es\/wp-content\/uploads\/2026\/01\/1768017609_894_charania_shams.png&#038;h=80&#038;w=80&#038;scale=crop.png\"\/><\/p>\n<p>Shams Charania<\/p>\n<p>Senior NBA Insider<\/p>\n<ul>Shams Charania is a senior NBA insider for ESPN. Charania reports NBA news and information across ESPN platforms and also contributes to ESPN&#8217;s exclusive coverage of the NBA draft. Charania has previously worked for FanDuel TV, Stadium, The Athletic, Yahoo Sports, RealGM and ChicagoNow. He is a Chicago native and graduated from Loyola University in 2017.<\/ul>\n<\/li>\n<li>\n<p>Tim MacMahon<\/p>\n<p><a class=\"icon-font-after icon-close-solid-after\" href=\"#\">Cerrar<\/a><img decoding=\"async\" alt=\"\" class=\"author-img\" src=\"https:\/\/www.europesays.com\/es\/wp-content\/uploads\/2026\/01\/macmahon_tim.png&#038;h=80&#038;w=80&#038;scale=crop.png\"\/><\/p>\n<p>Tim MacMahon<\/p>\n<p>ESPN Staff Writer<\/p>\n<ul>\n<li>Joined ESPNDallas.com in September 2009<\/li>\n<li>Covers the Dallas Cowboys and Dallas Mavericks<\/li>\n<li>Appears regularly on ESPN Dallas 103.3 FM<\/li>\n<\/ul>\n<\/li>\n<\/ul>\n<p>9  de  ene, 2026, 19:22 ET<b>Anthony Davis, de Dallas Mavericks, tiene una lesi\u00f3n en los ligamentos de la mano izquierda y podr\u00eda necesitar cirug\u00eda, seg\u00fan fuentes<\/b><\/p>\n<p>Los <strong><a href=\"https:\/\/espndeportes.espn.com\/basquetbol\/nba\/equipo\/_\/nombre\/dal\/dallas-mavericks\" rel=\"nofollow noopener\" target=\"_blank\">Dallas Mavericks<\/a> anunciaron<\/strong> el viernes que <strong><a href=\"https:\/\/espndeportes.espn.com\/basquetbol\/nba\/jugador\/_\/id\/6583\/anthony-davis\" rel=\"nofollow noopener\" target=\"_blank\">Anthony Davis<\/a><\/strong> tiene una <strong>lesi\u00f3n<\/strong> en los <strong>ligamentos<\/strong> de la <strong>mano izquierda<\/strong>, una lesi\u00f3n que <strong>podr\u00eda requerir cirug\u00eda<\/strong> y lo <strong>mantendr\u00eda fuera<\/strong> de las canchas durante <strong>varios meses<\/strong>, seg\u00fan informaron fuentes a ESPN.<\/p>\n<p>La lesi\u00f3n ocurri\u00f3 mientras Davis defend\u00eda a <a href=\"https:\/\/espndeportes.espn.com\/basquetbol\/nba\/jugador\/_\/id\/4066336\/lauri-markkanen\" rel=\"nofollow noopener\" target=\"_blank\">Lauri Markkanen<\/a> en una penetraci\u00f3n a la canasta, al final del partido del jueves contra los <a href=\"https:\/\/espndeportes.espn.com\/basquetbol\/nba\/equipo\/_\/nombre\/utah\/utah-jazz\" rel=\"nofollow noopener\" target=\"_blank\">Utah Jazz<\/a>, que termin\u00f3 en derrota para los Mavs. Las fuentes indicaron que Davis buscar\u00e1 una segunda opini\u00f3n para determinar si la cirug\u00eda es necesaria.<\/p>\n<p><img class=\" lazyload lazyload\" data-image-container=\".inline-photo\" height=\"320\" width=\"570\"\/>Anthony Davis, de Dallas Mavericks, tiene una lesi\u00f3n en los ligamentos de la mano izquierda y podr\u00eda ser operado.\u00a0AP Photo\/Tyler Tate<\/p>\n<p>Si Davis y los Mavs optan por un tratamiento no quir\u00fargico, se espera que est\u00e9 de baja al menos seis semanas, seg\u00fan las fuentes.<\/p>\n<p>Selecciones Editoriales<\/p>\n<p>2 Relacionado<\/p>\n<p>Los Mavs han estado explorando activamente el mercado de traspasos para Davis, de 32 a\u00f1os, a medida que se acerca la fecha l\u00edmite del 5 de febrero. Las fuentes se\u00f1alaron que el mercado para Davis, 10 veces All-Star, se complica por su historial de problemas de lesiones y su deseo de firmar una lucrativa extensi\u00f3n de contrato esta temporada baja.<\/p>\n<p>Davis tiene un salario de 58,5 millones de d\u00f3lares para la pr\u00f3xima temporada y una opci\u00f3n de jugador por 62,8 millones de d\u00f3lares para la temporada 2027-28.<\/p>\n<p>Las lesiones han limitado a Davis a solo 29 partidos, adem\u00e1s de un par de apariciones en el play-in, desde que lleg\u00f3 a Dallas a principios de febrero de 2025 como la figura principal en el controvertido traspaso de Luka Doncic.<\/p>\n<p>Davis, que se estaba recuperando de una distensi\u00f3n abdominal en el momento del traspaso, sufri\u00f3 una distensi\u00f3n en el aductor durante su debut con los Mavericks. Esa lesi\u00f3n lo mantuvo fuera de las canchas durante las siguientes seis semanas.<\/p>\n<p>Davis se perdi\u00f3 14 partidos en noviembre de esta temporada debido a una distensi\u00f3n en la pantorrilla izquierda, una ausencia que se prolong\u00f3 cuando el propietario de los Mavs, Patrick Dumont, se neg\u00f3 a aprobar el regreso de Davis hasta que las pruebas m\u00e9dicas indicaran que no hab\u00eda riesgo de agravar la lesi\u00f3n. Davis se perdi\u00f3 dos partidos m\u00e1s tras sufrir una leve distensi\u00f3n en el aductor durante la derrota de los Mavs contra los <a href=\"https:\/\/espndeportes.espn.com\/basquetbol\/nba\/equipo\/_\/nombre\/gs\/golden-state-warriors\" rel=\"nofollow noopener\" target=\"_blank\">Golden State Warriors<\/a> el d\u00eda de Navidad.<\/p>\n<p>Davis promedia 20,4 puntos, 11,1 rebotes y 1,7 tapones en 20 partidos esta temporada.<\/p>\n","protected":false},"excerpt":{"rendered":"Shams Charania Cerrar Shams Charania Senior NBA Insider Shams Charania is a senior NBA insider for ESPN. Charania&hellip;\n","protected":false},"author":2,"featured_media":332581,"comment_status":"","ping_status":"","sticky":false,"template":"","format":"standard","meta":{"footnotes":""},"categories":[269],"tags":[299,298,168,25,24,23,167],"class_list":{"0":"post-332580","1":"post","2":"type-post","3":"status-publish","4":"format-standard","5":"has-post-thumbnail","7":"category-baloncesto","8":"tag-baloncesto","9":"tag-basketball","10":"tag-deportes","11":"tag-es","12":"tag-espana","13":"tag-spain","14":"tag-sports"},"share_on_mastodon":{"url":"https:\/\/pubeurope.com\/@es\/115868809617292030","error":""},"_links":{"self":[{"href":"https:\/\/www.europesays.com\/es\/wp-json\/wp\/v2\/posts\/332580","targetHints":{"allow":["GET"]}}],"collection":[{"href":"https:\/\/www.europesays.com\/es\/wp-json\/wp\/v2\/posts"}],"about":[{"href":"https:\/\/www.europesays.com\/es\/wp-json\/wp\/v2\/types\/post"}],"author":[{"embeddable":true,"href":"https:\/\/www.europesays.com\/es\/wp-json\/wp\/v2\/users\/2"}],"replies":[{"embeddable":true,"href":"https:\/\/www.europesays.com\/es\/wp-json\/wp\/v2\/comments?post=332580"}],"version-history":[{"count":0,"href":"https:\/\/www.europesays.com\/es\/wp-json\/wp\/v2\/posts\/332580\/revisions"}],"wp:featuredmedia":[{"embeddable":true,"href":"https:\/\/www.europesays.com\/es\/wp-json\/wp\/v2\/media\/332581"}],"wp:attachment":[{"href":"https:\/\/www.europesays.com\/es\/wp-json\/wp\/v2\/media?parent=332580"}],"wp:term":[{"taxonomy":"category","embeddable":true,"href":"https:\/\/www.europesays.com\/es\/wp-json\/wp\/v2\/categories?post=332580"},{"taxonomy":"post_tag","embeddable":true,"href":"https:\/\/www.europesays.com\/es\/wp-json\/wp\/v2\/tags?post=332580"}],"curies":[{"name":"wp","href":"https:\/\/api.w.org\/{rel}","templated":true}]}}