{"id":332584,"date":"2026-01-10T04:02:09","date_gmt":"2026-01-10T04:02:09","guid":{"rendered":"https:\/\/www.europesays.com\/es\/332584\/"},"modified":"2026-01-10T04:02:09","modified_gmt":"2026-01-10T04:02:09","slug":"tu-torerito-tambien-puedes-opinar","status":"publish","type":"post","link":"https:\/\/www.europesays.com\/es\/332584\/","title":{"rendered":"T\u00fa, torerito, tambi\u00e9n puedes opinar"},"content":{"rendered":"<p class=\"c-paragraph\">La operaci\u00f3n militar de Estados Unidos sobre Venezuela el pasado s\u00e1bado 3 de enero sigue en el foco medi\u00e1tico. En No somos nadie han comentado lo ocurrido en el pa\u00eds sudamericano y <b>Mar\u00eda Pati\u00f1o ha estallado contra Fran Rivera<\/b> tras conocer el mensaje que ha lanzado <b>en defensa de la operaci\u00f3n llevada a cabo por Donald Trump<\/b>.\u00a0<\/p>\n<p class=\"c-paragraph\">Rivera no ha dudado en manifestar <b>su posici\u00f3n a favor de la detenci\u00f3n de Nicol\u00e1s Maduro<\/b>. \u00abHay que seguir,\u00a0mire para ac\u00e1, que <b>aqu\u00ed\u00a0hay cosas que huelen a chamusquina<\/b>\u00ab, ha escrito el torero, dirigi\u00e9ndose al presidente de Estados Unidos. Este mensaje no ha pasado desapercibido y la presentadora de No somos nadie no ha podido evitar responderle.\u00a0<\/p>\n<p class=\"c-paragraph\">\u00abSi\u00a0quer\u00e9is a los venezolanos, <b>no los utilic\u00e9is para llevar las cosas a vuestro huerto, torerito<\/b>\u00ab, ha comenzado expresando Mar\u00eda Pati\u00f1o, dirigi\u00e9ndose a c\u00e1mara y mostrando su completa indignaci\u00f3n.<\/p>\n<p class=\"c-paragraph\">\u00abLo de Espa\u00f1a no es una dictadura, <b>esto es una democracia<\/b>, cada cuatro a\u00f1os se vota\u00bb, ha continuado Pati\u00f1o. \u00abSi quer\u00e9is a los venezolanos no los utilic\u00e9is, que <b>ahora todos est\u00e1is enamorados\u00bb<\/b>, ha hecho hincapi\u00e9 la presentadora del formato de Ten.\u00a0<\/p>\n<p class=\"c-paragraph\">Mar\u00eda Pati\u00f1o ha pedido <b>que \u00abcada uno piense lo que le de la gana\u00bb,<\/b> pero que no sean \u00abignorantes\u00bb. \u00abPorque yo vivo en una democracia mi vida, y por eso <b>t\u00fa, torerito, tambi\u00e9n puedes opinar\u00bb<\/b>, ha concluido la comunicadora.\u00a0<\/p>\n","protected":false},"excerpt":{"rendered":"La operaci\u00f3n militar de Estados Unidos sobre Venezuela el pasado s\u00e1bado 3 de enero sigue en el foco&hellip;\n","protected":false},"author":2,"featured_media":332585,"comment_status":"","ping_status":"","sticky":false,"template":"","format":"standard","meta":{"footnotes":""},"categories":[174],"tags":[6514,255,19913,146,147,25,24,256,7410,1932,8014,23],"class_list":{"0":"post-332584","1":"post","2":"type-post","3":"status-publish","4":"format-standard","5":"has-post-thumbnail","7":"category-famosos","8":"tag-carga","9":"tag-celebrities","10":"tag-contra","11":"tag-entertainment","12":"tag-entretenimiento","13":"tag-es","14":"tag-espana","15":"tag-famosos","16":"tag-fran","17":"tag-maria","18":"tag-patino","19":"tag-spain"},"share_on_mastodon":{"url":"https:\/\/pubeurope.com\/@es\/115868817375009595","error":""},"_links":{"self":[{"href":"https:\/\/www.europesays.com\/es\/wp-json\/wp\/v2\/posts\/332584","targetHints":{"allow":["GET"]}}],"collection":[{"href":"https:\/\/www.europesays.com\/es\/wp-json\/wp\/v2\/posts"}],"about":[{"href":"https:\/\/www.europesays.com\/es\/wp-json\/wp\/v2\/types\/post"}],"author":[{"embeddable":true,"href":"https:\/\/www.europesays.com\/es\/wp-json\/wp\/v2\/users\/2"}],"replies":[{"embeddable":true,"href":"https:\/\/www.europesays.com\/es\/wp-json\/wp\/v2\/comments?post=332584"}],"version-history":[{"count":0,"href":"https:\/\/www.europesays.com\/es\/wp-json\/wp\/v2\/posts\/332584\/revisions"}],"wp:featuredmedia":[{"embeddable":true,"href":"https:\/\/www.europesays.com\/es\/wp-json\/wp\/v2\/media\/332585"}],"wp:attachment":[{"href":"https:\/\/www.europesays.com\/es\/wp-json\/wp\/v2\/media?parent=332584"}],"wp:term":[{"taxonomy":"category","embeddable":true,"href":"https:\/\/www.europesays.com\/es\/wp-json\/wp\/v2\/categories?post=332584"},{"taxonomy":"post_tag","embeddable":true,"href":"https:\/\/www.europesays.com\/es\/wp-json\/wp\/v2\/tags?post=332584"}],"curies":[{"name":"wp","href":"https:\/\/api.w.org\/{rel}","templated":true}]}}