{"id":332586,"date":"2026-01-10T04:05:19","date_gmt":"2026-01-10T04:05:19","guid":{"rendered":"https:\/\/www.europesays.com\/es\/332586\/"},"modified":"2026-01-10T04:05:19","modified_gmt":"2026-01-10T04:05:19","slug":"carlos-latre-lorena-castell-y-un-concursante-creado-por-ia-descubre-las-novedades-de-got-talent-espana-la-razon","status":"publish","type":"post","link":"https:\/\/www.europesays.com\/es\/332586\/","title":{"rendered":"Carlos Latre, Lorena Castell y un concursante creado por IA: descubre las novedades de &#039;Got Talent Espa\u00f1a&#039; &#8211; La Raz\u00f3n"},"content":{"rendered":"<ol>\n<li><a href=\"https:\/\/news.google.com\/rss\/articles\/CBMi-AFBVV95cUxPOHVFZ01EcXZwd01pM3dWV2VXdU5WT2hZZmUxc3dUaE00VUsySVdKazRJR25lWmxxQVhmMXYwbHFHU0lsa0pnekk4dUdGYkd3THBTNEQ5VVJ2eW00TnhYMlRZVzJSbWlPcVp0S1RSaE42ekFZNU1yLUNvVFFnOVZJMjZhdE5kS05pVkxjNXJfTVZfYThpSkNHb0hoUERnV0E0Z2dLRnpoTXM4XzFqbHhxOG9xVEU3eFhMVktZdG5vR0RVbWg1RlE0TmloUThBcjZwMnU0WGZjVkNSVVU5ZHlnMXFEVkd0VVNvVm5GREljczBkWWFJUDBQNdIBjAJBVV95cUxQNWhoc0wtVkU4VWdKNDJRcGliRkhNSDFkX2hCVzVwcXVaVDNhcjFlWlcyRmpoa0k5clhKT2Z3czZ6SS0zRlhmLWphVDZsTV9fRG9MUjREYVhWWThxWmFfNUVKX1Byemt3UVRGRkJKQ3UtbjFyR1F6c0h4TkhqVVpjYUdTa3hxanNPUHhfMTRkUC1LUlNGSkFIUmdESHd3bFRNOFo2UVp5R3RNOEs4TlQ0U2ZhZ1BuUWhIN1M4YnB3WlFYRGxqLXc2dXMyWUFaQmEtVmtYS3BERWFmZnVEdGlJcXpIRjVjOHhubjFrTVpZY25CMjdWLXkya0t1dmFWZTY3OUoycWxyYkJISGVF?oc=5\" target=\"_blank\" rel=\"nofollow noopener\">Carlos Latre, Lorena Castell y un concursante creado por IA: descubre las novedades de &#8216;Got Talent Espa\u00f1a&#8217;<\/a>&nbsp;&nbsp;La Raz\u00f3n<\/li>\n<li><a href=\"https:\/\/news.google.com\/rss\/articles\/CBMif0FVX3lxTE4yRk9YZzV6Sy10enkzRGV2anhZM005UkkzMVlHenRTTnROZUd4LUZzc2ZWR1FwMkxJWDdyMGI5QUtGc0I3RThZM2hNUUtkUnRfWDBlVHh6dzRSeFlUWlM2MEFYaERiZjk1clZkekc5ZllwU2ZoNlZoalpqeFg2MmvSAX9BVV95cUxNQkVpMjVtMWd1UXFKbUZtQjgwUnJ1WWZLVENjZFNHb0RDQUdRUjlmQkVmZFVIc3k1aEJURk9OcGo3ZVpCNHhaa2FiT2hMUkgzN282Q2pQb1dwXzNLcnNPU0h6YXdIU2s2MmFvVW0ya3hKSWFjRzJvMm02VnhJMi1R?oc=5\" target=\"_blank\" rel=\"nofollow noopener\">El &#8216;last dance&#8217; de Risto Mejide en Got Talent: \u00abNo s\u00e9 a qui\u00e9n pondr\u00e1n en mi sitio, no es mi problema\u00bb<\/a>&nbsp;&nbsp;El Mundo<\/li>\n<li><a href=\"https:\/\/news.google.com\/rss\/articles\/CBMi4wFBVV95cUxQamRlMmxKYU5hTW1IeXd5SV9VcHRCSkRPdzI3OHRFVERSWnZxN1htallWdkFTWURBNEpGbzAzNDNzX0t4YTdNTExmWVF1Vm1mNWNCUk9PN0FPUkFCOE40Q29va3l0Sm9fNmx4UWJHZFV2S2NJdmRMSzZvbE1JR2J2YS1HREx6enRhVGFwSXpoVFpYSi0weTVYRHludWxVdW82bXRxZDQzOFVtLWQwLXNrdTROWXhUcnRnWHJuNnI1WkphNG5HdnNueGVtbG9EQ3llb1hYbEJTaTdadFBXX0xHb0dYdw?oc=5\" target=\"_blank\" rel=\"nofollow noopener\">Telecinco presenta el \u00faltimo &#8216;Got Talent&#8217; de Risto, marcado por un \u00absecuestro hist\u00f3rico\u00bb y un concursante creado con IA<\/a>&nbsp;&nbsp;elDiario.es<\/li>\n<li><a href=\"https:\/\/news.google.com\/rss\/articles\/CBMixAFBVV95cUxOcFNETVRmTU1rM3pxOWZndzVZLW50NFFQRjNXMnJ0bW9ZMlotLWszdXI1d21FU093VXV1Q1RVSTVJZHF4eGFqbFlGNFRpYVZScnRSdVBNV3lYczFZT1Uta1g3U29hSGotRDEweUxGVjhkRjJ1cGc2RzdMSExhVVVoa1VjWE5kc21Xd25FT2pWN3ZocXU0ODd0TTRublJzTVotOHhUc1lCM2RPOTZ3UjdUd0p1MEdDa3cxZFljVGhUQ2lKMmFD0gHKAUFVX3lxTFBYNE9MUnhYSUVaeG1CYXl5dlpkNWhHVDdnekpYMHhqYkk1eDVFNW5TcHd5TXpXcnptbERRMnc0bmx5NVBuM0prek9LZE1xaEdRRFF4enpmQmd2V0Vrc2NNbm5tUHpPdVdRbkQ1NjIxWnNENXE2V0xaTDVqUGFZSDJqbXI4LXlEN3o5Tm8zajNjZFJUZHo4N2VqdnZ1NXpkYlhTaFRvdUQxY2ItbFR3aE52SkZSWFM2eGZaLU1ITGxObi1EXzlFZUVJcWc?oc=5\" target=\"_blank\" rel=\"nofollow noopener\">&#8216;Got Talent&#8217; vuelve a la carga este s\u00e1bado con jurado renovado y el reto de recuperar el liderazgo del prime time<\/a>&nbsp;&nbsp;El Confidencial<\/li>\n<li><a href=\"https:\/\/news.google.com\/rss\/articles\/CBMisgFBVV95cUxOVW5MRkhPOHRONWN5Q0ZSUWdQZHllTlMta0VqbUE0TjhEZENENGZSMTZSbnp3andjRlZWV3JCUnRHejR4dkRlc2Q0WEpVbEp5eWtDaVByM25WSUxCNVhNYTdMMnNLVTRBTmVEcWRBZUdfem4yQWlmeE9JSnRwUmV1Ylh3ZXBFVWNxNl9uSFBJN1Y2d0lmajYtOF9hWEUtbTFNRVB4eHZQQVk3Tk1oZXh1Qm1n?oc=5\" target=\"_blank\" rel=\"nofollow noopener\">Carlos Latre, nuevo fichaje para el jurado de \u2018Got Talent\u2019: \u201cEstoy como un ni\u00f1o con zapatos nuevos\u201d<\/a>&nbsp;&nbsp;Telecinco<\/li>\n<\/ol>\n","protected":false},"excerpt":{"rendered":"Carlos Latre, Lorena Castell y un concursante creado por IA: descubre las novedades de &#8216;Got Talent Espa\u00f1a&#8217;&nbsp;&nbsp;La Raz\u00f3n&hellip;\n","protected":false},"author":2,"featured_media":330182,"comment_status":"","ping_status":"","sticky":false,"template":"","format":"standard","meta":{"footnotes":""},"categories":[171],"tags":[146,147,25,24,23,214],"class_list":{"0":"post-332586","1":"post","2":"type-post","3":"status-publish","4":"format-standard","5":"has-post-thumbnail","7":"category-tv","8":"tag-entertainment","9":"tag-entretenimiento","10":"tag-es","11":"tag-espana","12":"tag-spain","13":"tag-tv"},"share_on_mastodon":{"url":"https:\/\/pubeurope.com\/@es\/115868829085160063","error":""},"_links":{"self":[{"href":"https:\/\/www.europesays.com\/es\/wp-json\/wp\/v2\/posts\/332586","targetHints":{"allow":["GET"]}}],"collection":[{"href":"https:\/\/www.europesays.com\/es\/wp-json\/wp\/v2\/posts"}],"about":[{"href":"https:\/\/www.europesays.com\/es\/wp-json\/wp\/v2\/types\/post"}],"author":[{"embeddable":true,"href":"https:\/\/www.europesays.com\/es\/wp-json\/wp\/v2\/users\/2"}],"replies":[{"embeddable":true,"href":"https:\/\/www.europesays.com\/es\/wp-json\/wp\/v2\/comments?post=332586"}],"version-history":[{"count":0,"href":"https:\/\/www.europesays.com\/es\/wp-json\/wp\/v2\/posts\/332586\/revisions"}],"wp:featuredmedia":[{"embeddable":true,"href":"https:\/\/www.europesays.com\/es\/wp-json\/wp\/v2\/media\/330182"}],"wp:attachment":[{"href":"https:\/\/www.europesays.com\/es\/wp-json\/wp\/v2\/media?parent=332586"}],"wp:term":[{"taxonomy":"category","embeddable":true,"href":"https:\/\/www.europesays.com\/es\/wp-json\/wp\/v2\/categories?post=332586"},{"taxonomy":"post_tag","embeddable":true,"href":"https:\/\/www.europesays.com\/es\/wp-json\/wp\/v2\/tags?post=332586"}],"curies":[{"name":"wp","href":"https:\/\/api.w.org\/{rel}","templated":true}]}}