{"id":332587,"date":"2026-01-10T04:07:16","date_gmt":"2026-01-10T04:07:16","guid":{"rendered":"https:\/\/www.europesays.com\/es\/332587\/"},"modified":"2026-01-10T04:07:16","modified_gmt":"2026-01-10T04:07:16","slug":"asi-resuelve-hollywood-la-diferencia-de-altura-entre-actores","status":"publish","type":"post","link":"https:\/\/www.europesays.com\/es\/332587\/","title":{"rendered":"as\u00ed resuelve Hollywood la diferencia de altura entre actores"},"content":{"rendered":"<p data-journey-content=\"true\" data-node-id=\"3\" class=\"css-6wxqfj emevuu60\">Hist\u00f3ricamente los directores de cine han tenido que encontrar soluciones ingeniosas al problema de la altura entre los diferentes miembros del elenco, utilizando toda clase de trucos para falsear la alarmante diferencia de talla que pueda haber entre ellos y de este modo mantener una coherencia visual en la pantalla. Entre los m\u00e9todos m\u00e1s ic\u00f3nicos se encuentran los &#8216;apple box&#8217;, unos cajones de madera de diferente tama\u00f1o utilizados fuera del encuadre para elevar la estatura de los int\u00e9rpretes y que habitualmente se forraban de moqueta para que los int\u00e9rpretes no hiciesen ruido en el momento en el que se sub\u00edan encima de ellos.<\/p>\n<p><img draggable=\"true\" alt=\"casablanca\" title=\"casablanca\" loading=\"lazy\" width=\"2500\" height=\"3284\" decoding=\"async\" data-nimg=\"1\" style=\"color:transparent;width:100%;height:auto;\"   src=\"https:\/\/www.europesays.com\/es\/wp-content\/uploads\/2026\/01\/casablanca-humphrey-bogart-ingrid-bergman-69603b9679f45.jpg\" class=\"css-0 e1g79fud0\"\/>Getty Images<\/p>\n<p>De izquierda a derecha: <strong>Paul Henreid, Ingrid Bergman y Humphrey Bogart<\/strong> en \u2019Casablanca\u2019 (1942).<\/p>\n<p data-journey-content=\"true\" data-node-id=\"8\" class=\"css-6wxqfj emevuu60\">En el cl\u00e1sico \u2018Casablanca\u2019 (1942), dirigido por Michael Curtiz, la diferencia de altura entre Humphrey Bogart e Ingrid Bergman plante\u00f3 un desaf\u00edo notable al realizador h\u00fangaro. Bergman, con su 1,78 metros, era una de las actrices m\u00e1s altas la \u00e9poca, superando a un Humphrey Bogart que solamente llegaba al 1,73 metros. Para igualar las alturas en pantalla, a Bogart se le proporcionaron enormes alzas que iban fijadas en sus zapatos, aumentando su altura en casi 10 cent\u00edmetros adicionales. Esta astuta soluci\u00f3n permiti\u00f3 crear la ilusi\u00f3n de que Bogart era m\u00e1s alto que su compa\u00f1era de reparto.<\/p>\n<p><img draggable=\"true\" alt=\"alan ladd veronica lake\" title=\"alan ladd veronica lake\" loading=\"lazy\" width=\"3000\" height=\"2400\" decoding=\"async\" data-nimg=\"1\" style=\"color:transparent;width:100%;height:auto;\"   src=\"https:\/\/www.europesays.com\/es\/wp-content\/uploads\/2026\/01\/alan-ladd-veronica-lake-69603c08aecba.jpg\" class=\"css-0 e1g79fud0\"\/>Getty Images<\/p>\n<p>Los actores estadounidenses <strong>Alan Ladd <\/strong>(1913\u20131964) y <strong>Veronica Lake<\/strong> (1922\u20131973), en un retrato promocional de la pel\u00edcula \u2019Saig\u00f3n\u2019, dirigida por Leslie Fenton.<\/p>\n<p data-journey-content=\"true\" data-node-id=\"11\" class=\"css-6wxqfj emevuu60\">La estatura tambi\u00e9n fue un factor importante en la carrera de Alan Ladd, cuya corta estatura de 1,68 metros lo llev\u00f3 a ser emparejado con actrices m\u00e1s bajas que \u00e9l. Comparti\u00f3 pantalla habitualmente con Veronica Lake, de 1,51 metros de altura, protagonizando hasta siete pel\u00edculas juntos y creando la ilusi\u00f3n de que Ladd era m\u00e1s alto. En algunas producciones, como \u2018Ra\u00edces profundas\u2019 (1953), el director George Stevens mand\u00f3 reducir el tama\u00f1o de las puertas de los decorados para que Ladd rozase el cerco con su sombrero, d\u00e1ndole un aspecto m\u00e1s grandioso.<\/p>\n<p><img draggable=\"true\" alt=\"el senor de los anillos\" title=\"el senor de los anillos\" loading=\"lazy\" width=\"1933\" height=\"2402\" decoding=\"async\" data-nimg=\"1\" style=\"color:transparent;width:100%;height:auto;\"   src=\"https:\/\/www.europesays.com\/es\/wp-content\/uploads\/2026\/01\/el-senor-de-los-anillos-hobbits-69603ac108533.jpg\" class=\"css-0 e1g79fud0\"\/><\/p>\n<p>Warner Bros.<\/p>\n<p data-journey-content=\"true\" data-node-id=\"15\" class=\"css-6wxqfj emevuu60\">Tambi\u00e9n fueron curiosos los trucos de c\u00e1mara que hubo que utilizar en la saga de aventuras fant\u00e1sticas de \u2018El se\u00f1or de los anillos\u2019, ya que cada la altura de los personajes variaba seg\u00fan la raza a la que estos pertenecieran. En \u2018El se\u00f1or de los anillos: La comunidad del anillo\u2019 (2001), hubo que emplear diferentes tiros de c\u00e1mara para que la altura de los personajes no se viese afectada por la altura real de los actores.<\/p>\n<p><img draggable=\"true\" alt=\"el se\u00f1or de los anillos la comunidad del anillo gimli john rhys davies\" title=\"el se\u00f1or de los anillos la comunidad del anillo gimli john rhys davies\" loading=\"lazy\" width=\"2500\" height=\"1666\" decoding=\"async\" data-nimg=\"1\" style=\"color:transparent;width:100%;height:auto;\"   src=\"https:\/\/www.europesays.com\/es\/wp-content\/uploads\/2026\/01\/gimli-el-senor-de-los-anillos-la-comunidad-el-anillo-john-rhys-davies-1640186333.jpg\" class=\"css-0 e1g79fud0\"\/><\/p>\n<p>&#8216;El se\u00f1or de los anillos: La comunidad del anillo&#8217; (2001)<\/p>\n<p data-journey-content=\"true\" data-node-id=\"18\" class=\"css-6wxqfj emevuu60\">Por ejemplo el personaje de Gimli, perteneciente a la raza de los enanos, era uno de los personajes m\u00e1s bajos de las pel\u00edculas, superando en altura solamente a Frodo y el resto de hobbits. Pero el actor que le daba vida, John-Rhys Davies, era en realidad el m\u00e1s alto de todos los que compon\u00edan la Comunidad del Anillo, llegando a medir 1,85 metros. Para lograr la ilusi\u00f3n de que su personaje era un enano robusto y compacto, Rhys-Davies us\u00f3 pr\u00f3tesis y el director utiliz\u00f3 distintas t\u00e9cnicas de perspectiva.<\/p>\n<p><img draggable=\"true\" alt=\"robert de niro al pacino\" title=\"robert de niro al pacino\" loading=\"lazy\" width=\"3000\" height=\"3393\" decoding=\"async\" data-nimg=\"1\" style=\"color:transparent;width:100%;height:auto;\"   src=\"https:\/\/www.europesays.com\/es\/wp-content\/uploads\/2026\/01\/robert-de-niro-al-pacino-69603e8088251.jpg\" class=\"css-0 e1g79fud0\"\/><\/p>\n<p>Getty Images<\/p>\n<p data-journey-content=\"true\" data-node-id=\"21\" class=\"css-6wxqfj emevuu60\">Tambi\u00e9n Martin Scorsese tuvo que utilizar este tipo de estratagemas en \u2018El Irland\u00e9s\u2019 (2019), filme en el que la diferencia de altura entre Robert De Niro y Al Pacino present\u00f3 un desaf\u00edo similar. A pesar de tener solo unos pocos cent\u00edmetros de diferencia en la estatura, era crucial para el personaje de De Niro transmitir una presencia imponente. Para lograr esto, se equip\u00f3 al actor con zapatos con alzas en las escenas en las que aparec\u00eda junto a Al Pacino, proporcionando la sensaci\u00f3n de que su personaje era un formidable e imponente asesino.<\/p>\n<p><img draggable=\"true\" alt=\"el irlandes\" title=\"el irlandes\" loading=\"lazy\" width=\"3000\" height=\"2105\" decoding=\"async\" data-nimg=\"1\" style=\"color:transparent;width:100%;height:auto;\"   src=\"https:\/\/www.europesays.com\/es\/wp-content\/uploads\/2026\/01\/el-irlandes-pelicula-netflix-69604258b2383.jpg\" class=\"css-0 e1g79fud0\"\/><\/p>\n<p>Netflix<\/p>\n","protected":false},"excerpt":{"rendered":"Hist\u00f3ricamente los directores de cine han tenido que encontrar soluciones ingeniosas al problema de la altura entre los&hellip;\n","protected":false},"author":2,"featured_media":332588,"comment_status":"","ping_status":"","sticky":false,"template":"","format":"standard","meta":{"footnotes":""},"categories":[169],"tags":[177,1180,146,147,25,24,176,175,23],"class_list":{"0":"post-332587","1":"post","2":"type-post","3":"status-publish","4":"format-standard","5":"has-post-thumbnail","7":"category-cine","8":"tag-cine","9":"tag-editorial","10":"tag-entertainment","11":"tag-entretenimiento","12":"tag-es","13":"tag-espana","14":"tag-film","15":"tag-movies","16":"tag-spain"},"share_on_mastodon":{"url":"https:\/\/pubeurope.com\/@es\/115868837165653486","error":""},"_links":{"self":[{"href":"https:\/\/www.europesays.com\/es\/wp-json\/wp\/v2\/posts\/332587","targetHints":{"allow":["GET"]}}],"collection":[{"href":"https:\/\/www.europesays.com\/es\/wp-json\/wp\/v2\/posts"}],"about":[{"href":"https:\/\/www.europesays.com\/es\/wp-json\/wp\/v2\/types\/post"}],"author":[{"embeddable":true,"href":"https:\/\/www.europesays.com\/es\/wp-json\/wp\/v2\/users\/2"}],"replies":[{"embeddable":true,"href":"https:\/\/www.europesays.com\/es\/wp-json\/wp\/v2\/comments?post=332587"}],"version-history":[{"count":0,"href":"https:\/\/www.europesays.com\/es\/wp-json\/wp\/v2\/posts\/332587\/revisions"}],"wp:featuredmedia":[{"embeddable":true,"href":"https:\/\/www.europesays.com\/es\/wp-json\/wp\/v2\/media\/332588"}],"wp:attachment":[{"href":"https:\/\/www.europesays.com\/es\/wp-json\/wp\/v2\/media?parent=332587"}],"wp:term":[{"taxonomy":"category","embeddable":true,"href":"https:\/\/www.europesays.com\/es\/wp-json\/wp\/v2\/categories?post=332587"},{"taxonomy":"post_tag","embeddable":true,"href":"https:\/\/www.europesays.com\/es\/wp-json\/wp\/v2\/tags?post=332587"}],"curies":[{"name":"wp","href":"https:\/\/api.w.org\/{rel}","templated":true}]}}