{"id":332593,"date":"2026-01-10T04:10:57","date_gmt":"2026-01-10T04:10:57","guid":{"rendered":"https:\/\/www.europesays.com\/es\/332593\/"},"modified":"2026-01-10T04:10:57","modified_gmt":"2026-01-10T04:10:57","slug":"siete-conciertos-y-tres-actividades-ludicas-conforman-una-nueva-edicion-del-ciclo-urtarrijazz-que-acercara-el-jazz-local-a-la-ciudadania-del-9-al-31-de-enero","status":"publish","type":"post","link":"https:\/\/www.europesays.com\/es\/332593\/","title":{"rendered":"Siete conciertos y tres actividades l\u00fadicas conforman una nueva edici\u00f3n del ciclo Urtarrijazz, que acercar\u00e1 el jazz local a la ciudadan\u00eda del 9 al 31 de enero"},"content":{"rendered":"<p>        Siete conciertos y tres actividades l\u00fadicas conforman una nueva edici\u00f3n del ciclo Urtarrijazz, que acercar\u00e1 el jazz local a la ciudadan\u00eda del 9 al 31 de enero | Ayuntamiento de Pamplona<\/p>\n<p><a href=\"#main-content\" class=\"visually-hidden focusable skip-link\"><br \/>\n    Pasar al contenido principal<br \/>\n<\/a><\/p>\n<ol class=\"breadcrumb\">\n<li>\n                  <a href=\"https:\/\/www.pamplona.es\/actualidad\" rel=\"nofollow noopener\" target=\"_blank\">Actualidad<\/a>\n              <\/li>\n<li>\n                  <a href=\"https:\/\/www.pamplona.es\/actualidad\/noticias\" rel=\"nofollow noopener\" target=\"_blank\">Noticias<\/a>\n              <\/li>\n<li class=\"active\">\n                  Siete conciertos y tres actividades l\u00fadicas conforman una nueva edici\u00f3n del ciclo Urtarrijazz que acercar\u00e1 el jazz local a la ciudadan\u00eda del 9 al 31 de enero\n              <\/li>\n<\/ol>\n<p>                                                    <a id=\"main-content\"\/><\/p>\n","protected":false},"excerpt":{"rendered":"Siete conciertos y tres actividades l\u00fadicas conforman una nueva edici\u00f3n del ciclo Urtarrijazz, que acercar\u00e1 el jazz local&hellip;\n","protected":false},"author":2,"featured_media":332594,"comment_status":"","ping_status":"","sticky":false,"template":"","format":"standard","meta":{"footnotes":""},"categories":[91],"tags":[146,147,25,24,23],"class_list":{"0":"post-332593","1":"post","2":"type-post","3":"status-publish","4":"format-standard","5":"has-post-thumbnail","7":"category-entretenimiento","8":"tag-entertainment","9":"tag-entretenimiento","10":"tag-es","11":"tag-espana","12":"tag-spain"},"share_on_mastodon":{"url":"https:\/\/pubeurope.com\/@es\/115868852750741202","error":""},"_links":{"self":[{"href":"https:\/\/www.europesays.com\/es\/wp-json\/wp\/v2\/posts\/332593","targetHints":{"allow":["GET"]}}],"collection":[{"href":"https:\/\/www.europesays.com\/es\/wp-json\/wp\/v2\/posts"}],"about":[{"href":"https:\/\/www.europesays.com\/es\/wp-json\/wp\/v2\/types\/post"}],"author":[{"embeddable":true,"href":"https:\/\/www.europesays.com\/es\/wp-json\/wp\/v2\/users\/2"}],"replies":[{"embeddable":true,"href":"https:\/\/www.europesays.com\/es\/wp-json\/wp\/v2\/comments?post=332593"}],"version-history":[{"count":0,"href":"https:\/\/www.europesays.com\/es\/wp-json\/wp\/v2\/posts\/332593\/revisions"}],"wp:featuredmedia":[{"embeddable":true,"href":"https:\/\/www.europesays.com\/es\/wp-json\/wp\/v2\/media\/332594"}],"wp:attachment":[{"href":"https:\/\/www.europesays.com\/es\/wp-json\/wp\/v2\/media?parent=332593"}],"wp:term":[{"taxonomy":"category","embeddable":true,"href":"https:\/\/www.europesays.com\/es\/wp-json\/wp\/v2\/categories?post=332593"},{"taxonomy":"post_tag","embeddable":true,"href":"https:\/\/www.europesays.com\/es\/wp-json\/wp\/v2\/tags?post=332593"}],"curies":[{"name":"wp","href":"https:\/\/api.w.org\/{rel}","templated":true}]}}