{"id":332599,"date":"2026-01-10T04:13:09","date_gmt":"2026-01-10T04:13:09","guid":{"rendered":"https:\/\/www.europesays.com\/es\/332599\/"},"modified":"2026-01-10T04:13:09","modified_gmt":"2026-01-10T04:13:09","slug":"gobierno-del-estado-de-tamaulipas-18","status":"publish","type":"post","link":"https:\/\/www.europesays.com\/es\/332599\/","title":{"rendered":"Gobierno del Estado de Tamaulipas"},"content":{"rendered":"<p>\t\t\t<img width=\"850\" height=\"500\" src=\"https:\/\/www.europesays.com\/es\/wp-content\/uploads\/2026\/01\/UPR-002-2026.-Impulsa-UPRR-la-su-preparacion-laboral-de-sus-estudiantes-mediante-estadias-profesiona.jpeg\" class=\"img-responsive center-block destacada wp-post-image\" alt=\"\" decoding=\"async\" fetchpriority=\"high\"\/><\/p>\n<p>\u00a0<\/p>\n<p>\u00a0<\/p>\n<p style=\"text-align: right\">UPR-002-2026<\/p>\n<p>Enero 09 de 2026<\/p>\n<p style=\"text-align: justify\">Miguel Alem\u00e1n, Tamaulipas.\u2013 Estudiantes de la Licenciatura en Administraci\u00f3n y Gesti\u00f3n Empresarial de la Universidad Polit\u00e9cnica de la Regi\u00f3n Ribere\u00f1a (UPRR) concluyeron de manera exitosa sus estad\u00edas profesionales, se\u00f1al\u00f3 H\u00e9ctor Diez Rodr\u00edguez, rector de la instituci\u00f3n.<\/p>\n<p style=\"text-align: justify\">Mencion\u00f3 que las estad\u00edas profesionales son parte fundamental de su proceso de formaci\u00f3n acad\u00e9mica universitaria y correspondieron al cuatrimestre septiembre\u2013diciembre, efectuadas en diversas empresas del sector productivo de la regi\u00f3n.<\/p>\n<p style=\"text-align: justify\">Explic\u00f3 que durante este periodo las alumnas y los alumnos tuvieron la oportunidad de integrarse a entornos laborales reales, donde aplicaron los conocimientos, habilidades y competencias adquiridas a lo largo de su carrera, fortaleciendo su experiencia profesional y desarrollando capacidades clave para su desempe\u00f1o en el \u00e1mbito empresarial.<\/p>\n<p style=\"text-align: justify\">Diez Rodr\u00edguez puntualiz\u00f3 que la realizaci\u00f3n de las estad\u00edas refleja el compromiso de la universidad con una educaci\u00f3n de calidad, orientada a la pr\u00e1ctica y a la vinculaci\u00f3n con el sector productivo, permitiendo que las y los estudiantes enfrenten retos reales y consoliden su preparaci\u00f3n para su futura inserci\u00f3n laboral.<\/p>\n<p style=\"text-align: justify\">\u201cLas estad\u00edas profesionales representan una etapa decisiva en la formaci\u00f3n de nuestros estudiantes, ya que les permiten aplicar lo aprendido en el aula y demostrar su capacidad para responder a las exigencias del mundo laboral\u201d, recalc\u00f3.<\/p>\n<p style=\"text-align: justify\">Agradeci\u00f3 al gobernador Am\u00e9rico Villarreal Anaya, as\u00ed como al secretario de Educaci\u00f3n de Tamaulipas, Miguel \u00c1ngel Valdez Garc\u00eda, por impulsar estas acciones que fortalecen la educaci\u00f3n superior y la vinculaci\u00f3n entre las universidades y las empresas, contribuyendo al desarrollo profesional y el bienestar de la juventud tamaulipeca.<\/p>\n<p style=\"text-align: justify\">Como parte de lo aprendido, las y los universitarios que concluyeron sus estad\u00edas realizaron una presentaci\u00f3n en donde compartieron ante un cuerpo acad\u00e9mico las experiencias y ense\u00f1anzas que tuvieron durante la realizaci\u00f3n de estas pr\u00e1cticas profesionales.<\/p>\n<p>***<\/p>\n<p>Enlace de descarga.<\/p>\n<p>https:\/\/drive.google.com\/drive\/folders\/1GyySZnzTaPwFrz-3i4K3X-PMgRa8ChQ7?usp=sharing<\/p>\n<p>\u00a0<\/p>\n<p>\u00a0<\/p>\n","protected":false},"excerpt":{"rendered":"\u00a0 \u00a0 UPR-002-2026 Enero 09 de 2026 Miguel Alem\u00e1n, Tamaulipas.\u2013 Estudiantes de la Licenciatura en Administraci\u00f3n y Gesti\u00f3n&hellip;\n","protected":false},"author":2,"featured_media":332600,"comment_status":"","ping_status":"","sticky":false,"template":"","format":"standard","meta":{"footnotes":""},"categories":[42],"tags":[71032,17,18,13,14,71031,582,71029,11,61,62,63,64,19,20,9,10,15,16,71030,71033,12,21,22,65,66,67],"class_list":{"0":"post-332599","1":"post","2":"type-post","3":"status-publish","4":"format-standard","5":"has-post-thumbnail","7":"category-internacional","8":"tag-americo-villarreal","9":"tag-breaking-news","10":"tag-breakingnews","11":"tag-featured-news","12":"tag-featurednews","13":"tag-gobernador-americo-villarreal","14":"tag-gobierno","15":"tag-gobierno-de-tamaulipas","16":"tag-headlines","17":"tag-internacional","18":"tag-international","19":"tag-international-news","20":"tag-internationalnews","21":"tag-latest-news","22":"tag-latestnews","23":"tag-news","24":"tag-noticias","25":"tag-noticias-destacadas","26":"tag-noticiasdestacadas","27":"tag-tamaulipas","28":"tag-tamps","29":"tag-titulares","30":"tag-ultimas-noticias","31":"tag-ultimasnoticias","32":"tag-world","33":"tag-world-news","34":"tag-worldnews"},"share_on_mastodon":{"url":"https:\/\/pubeurope.com\/@es\/115868860730748332","error":""},"_links":{"self":[{"href":"https:\/\/www.europesays.com\/es\/wp-json\/wp\/v2\/posts\/332599","targetHints":{"allow":["GET"]}}],"collection":[{"href":"https:\/\/www.europesays.com\/es\/wp-json\/wp\/v2\/posts"}],"about":[{"href":"https:\/\/www.europesays.com\/es\/wp-json\/wp\/v2\/types\/post"}],"author":[{"embeddable":true,"href":"https:\/\/www.europesays.com\/es\/wp-json\/wp\/v2\/users\/2"}],"replies":[{"embeddable":true,"href":"https:\/\/www.europesays.com\/es\/wp-json\/wp\/v2\/comments?post=332599"}],"version-history":[{"count":0,"href":"https:\/\/www.europesays.com\/es\/wp-json\/wp\/v2\/posts\/332599\/revisions"}],"wp:featuredmedia":[{"embeddable":true,"href":"https:\/\/www.europesays.com\/es\/wp-json\/wp\/v2\/media\/332600"}],"wp:attachment":[{"href":"https:\/\/www.europesays.com\/es\/wp-json\/wp\/v2\/media?parent=332599"}],"wp:term":[{"taxonomy":"category","embeddable":true,"href":"https:\/\/www.europesays.com\/es\/wp-json\/wp\/v2\/categories?post=332599"},{"taxonomy":"post_tag","embeddable":true,"href":"https:\/\/www.europesays.com\/es\/wp-json\/wp\/v2\/tags?post=332599"}],"curies":[{"name":"wp","href":"https:\/\/api.w.org\/{rel}","templated":true}]}}