{"id":332630,"date":"2026-01-10T04:46:11","date_gmt":"2026-01-10T04:46:11","guid":{"rendered":"https:\/\/www.europesays.com\/es\/332630\/"},"modified":"2026-01-10T04:46:11","modified_gmt":"2026-01-10T04:46:11","slug":"objetivo-estar-en-la-copa-del-rey","status":"publish","type":"post","link":"https:\/\/www.europesays.com\/es\/332630\/","title":{"rendered":"objetivo, estar en la Copa del Rey"},"content":{"rendered":"<p data-mrf-recirculation=\"Links P\u00e1rrafos\" class=\"ue-c-article__paragraph paragraph ue-c-article--first-letter-highlighted\">Cuatro equipos: <strong>UCAM Murcia, Bar\u00e7a, La Laguna Tenerife y Joventut Badalona<\/strong> podr\u00edan obtener este fin de semana, <strong>en la jornada 15 de Liga Endesa<\/strong>, el billete matem\u00e1tico para disputar <strong>la Copa del Rey 2026<\/strong> si las combinaciones de resultados les favorecen, con lo que se unir\u00edan a <strong>Real Madrid y Valencia Basket,<\/strong> ya clasificados para el torneo que se disputar\u00e1 en <strong>Valencia del 19 al 22 de febrero.<\/strong><\/p>\n<p data-mrf-recirculation=\"Links P\u00e1rrafos\" class=\"ue-c-article__paragraph paragraph\">La <strong>Copa <\/strong>se disputa en eliminatorias a partido \u00fanico entre los ocho equipos mejor clasificados al t\u00e9rmino de la primera vuelta de la<strong> Liga Endesa<\/strong>. Todav\u00eda faltan tres jornadas para que llegue ese momento, pero la decimoquinta fecha podr\u00eda empezar a aclarar el panorama para los cuatro clubes que ahora mismo ocupan las posiciones de la tercera a la sexta.<\/p>\n<p data-mrf-recirculation=\"Links P\u00e1rrafos\" class=\"ue-c-article__paragraph paragraph\"><strong>UCAM Murcia<\/strong> (que visita a <strong>Bilbao Basket<\/strong>) y <strong>Bar\u00e7a <\/strong>(que recibe al <strong>Granada<\/strong>) dependen de s\u00ed mismos: si ganan, tendr\u00e1n su billete asegurado, un objetivo que tambi\u00e9n lograr\u00e1n si pierden y tambi\u00e9n lo hace el <strong>Dreamland Gran Canaria<\/strong>, actualmente noveno clasificado de la <strong>Liga Endesa<\/strong>, que juega en la cancha del <strong>Casademont Zaragoza<\/strong>.<\/p>\n<p data-mrf-recirculation=\"Links P\u00e1rrafos\" class=\"ue-c-article__paragraph paragraph\">En cambio, al <strong>La Laguna Tenerife<\/strong>, que recibe al <strong>Lleida<\/strong>, y al <strong>Joventut Badalona<\/strong>, que visita al <strong>Burgos<\/strong>, no les basta con ganar, ya que adem\u00e1s necesitan que el <strong>Dreamland Gran Canaria<\/strong> no gane su partido.<\/p>\n<p data-mrf-recirculation=\"Links P\u00e1rrafos\" class=\"ue-c-article__paragraph paragraph\">El <strong>Real Madrid y Valencia Basket<\/strong> ya est\u00e1n clasificados. Los valencianos ya ten\u00edan su plaza asegurada por ser los anfitriones del torneo, pero la han ratificado adem\u00e1s por m\u00e9ritos deportivos con la segunda posici\u00f3n que ocupan actualmente en la <strong>Liga Endesa<\/strong>.<\/p>\n<p data-mrf-recirculation=\"Links P\u00e1rrafos\" class=\"ue-c-article__paragraph paragraph\">Adem\u00e1s, en la <strong>jornada 15,<\/strong> ambos pueden garantizar matem\u00e1ticamente su condici\u00f3n de cabezas de serie. El equipo blanco depende de s\u00ed mismo: si gana en <strong>Andorra<\/strong>, tendr\u00e1 este privilegio. Tambi\u00e9n les sirve a los de Sergio Scariolo perder si tambi\u00e9n lo hacen <strong>Joventut o Baskonia<\/strong> y <strong>La Laguna Tenerife o Bar\u00e7a<\/strong>.<\/p>\n<p data-mrf-recirculation=\"Links P\u00e1rrafos\" class=\"ue-c-article__paragraph paragraph\">El <strong>Valencia Basket,<\/strong> por su parte, necesita ganar a <strong>Unicaja <\/strong>en el <strong>Roig Arena<\/strong> y que caigan derrotados al menos dos de los equipos involucrados en el anterior supuesto: <strong>Joventut o Baskonia y La Laguna Tenerife o Bar\u00e7a.<\/strong><\/p>\n","protected":false},"excerpt":{"rendered":"Cuatro equipos: UCAM Murcia, Bar\u00e7a, La Laguna Tenerife y Joventut Badalona podr\u00edan obtener este fin de semana, en&hellip;\n","protected":false},"author":2,"featured_media":332631,"comment_status":"","ping_status":"","sticky":false,"template":"","format":"standard","meta":{"footnotes":""},"categories":[269],"tags":[299,298,168,25,24,23,167],"class_list":{"0":"post-332630","1":"post","2":"type-post","3":"status-publish","4":"format-standard","5":"has-post-thumbnail","7":"category-baloncesto","8":"tag-baloncesto","9":"tag-basketball","10":"tag-deportes","11":"tag-es","12":"tag-espana","13":"tag-spain","14":"tag-sports"},"share_on_mastodon":{"url":"https:\/\/pubeurope.com\/@es\/115868990539286388","error":""},"_links":{"self":[{"href":"https:\/\/www.europesays.com\/es\/wp-json\/wp\/v2\/posts\/332630","targetHints":{"allow":["GET"]}}],"collection":[{"href":"https:\/\/www.europesays.com\/es\/wp-json\/wp\/v2\/posts"}],"about":[{"href":"https:\/\/www.europesays.com\/es\/wp-json\/wp\/v2\/types\/post"}],"author":[{"embeddable":true,"href":"https:\/\/www.europesays.com\/es\/wp-json\/wp\/v2\/users\/2"}],"replies":[{"embeddable":true,"href":"https:\/\/www.europesays.com\/es\/wp-json\/wp\/v2\/comments?post=332630"}],"version-history":[{"count":0,"href":"https:\/\/www.europesays.com\/es\/wp-json\/wp\/v2\/posts\/332630\/revisions"}],"wp:featuredmedia":[{"embeddable":true,"href":"https:\/\/www.europesays.com\/es\/wp-json\/wp\/v2\/media\/332631"}],"wp:attachment":[{"href":"https:\/\/www.europesays.com\/es\/wp-json\/wp\/v2\/media?parent=332630"}],"wp:term":[{"taxonomy":"category","embeddable":true,"href":"https:\/\/www.europesays.com\/es\/wp-json\/wp\/v2\/categories?post=332630"},{"taxonomy":"post_tag","embeddable":true,"href":"https:\/\/www.europesays.com\/es\/wp-json\/wp\/v2\/tags?post=332630"}],"curies":[{"name":"wp","href":"https:\/\/api.w.org\/{rel}","templated":true}]}}