{"id":332634,"date":"2026-01-10T04:48:13","date_gmt":"2026-01-10T04:48:13","guid":{"rendered":"https:\/\/www.europesays.com\/es\/332634\/"},"modified":"2026-01-10T04:48:13","modified_gmt":"2026-01-10T04:48:13","slug":"esta-a-12-minutos-de-anabel","status":"publish","type":"post","link":"https:\/\/www.europesays.com\/es\/332634\/","title":{"rendered":"Est\u00e1 a 12 minutos de Anabel"},"content":{"rendered":"<p>El programa que conduce <strong>Joaqu\u00edn Prat<\/strong> cada tarde en Telecinco ha tenido acceso directo a algunos <strong>detalles de la nueva vida que Isabel Pantoja<\/strong> ha emprendido lejos de la pen\u00ednsula. Gracias a una investigaci\u00f3n realizada por el equipo del programa, la viuda de Paquirri estar\u00eda <strong>residiendo en una lujosa zona de alto poder adquisitivo<\/strong>. Un hogar por el que <strong>pagar\u00eda una cantidad de dinero muy importante, <\/strong>que por supuesto<strong>, no estar\u00eda pagando ella.\u00a0<\/strong><\/p>\n<p>Ubicada en el sur canario\u00a0<\/p>\n<p>La cantante de &#8216;Marinero de luces&#8217; se habr\u00eda trasladado al sur del archipi\u00e9lago canario. Concretamente, estar\u00eda viviendo en una lujosa zona de alto poder econ\u00f3mico y adquisitivo junto a su hermano Agust\u00edn, seg\u00fan ha detallado el magac\u00edn de Prat. En una zona de lo m\u00e1s exclusiva, <strong>en Las Meloneras.\u00a0<\/strong><\/p>\n<p><img decoding=\"async\" src=\"https:\/\/www.europesays.com\/es\/wp-content\/uploads\/2026\/01\/isabelle-junot-y-alvaro-falco_1fb73a8f_260109151129_800x800.webp.webp\" alt=\"Isabelle Junot y \u00c1lvaro Falc\u00f3\" class=\"image lazyload\"\/><img loading=\"lazy\" decoding=\"async\" src=\"https:\/\/www.europesays.com\/es\/wp-content\/uploads\/2026\/01\/isabelle-junot-y-alvaro-falco_1fb73a8f_260109151140_1280x720.webp.webp\" alt=\"Isabelle Junot, tras la muerte de su padre: &quot;Se ha ido en paz. Es muy triste, pero ha tenido una vida muy larga y muy feliz&quot;\" class=\"image lazyload\" width=\"1280\" height=\"720\" data-aspectratio=\"1280\/720\"\/><\/p>\n<p>De hecho, seg\u00fan han investigado desde el propio programa, la vivienda en la que estar\u00eda afincada la tonadillera en esta zona residencial <strong>estar\u00eda valorada entre 1,5 y 4 millones de euros<\/strong>. Toda una aut\u00e9ntica salvajada que para todo el dinero que la int\u00e9rprete ha amansado durante toda su carrera art\u00edstica no ser\u00eda un esfuerzo econ\u00f3mico enorme para ella.\u00a0<\/p>\n<p><img loading=\"lazy\" decoding=\"async\"   src=\"https:\/\/www.europesays.com\/es\/wp-content\/uploads\/2026\/01\/pantoja_31d871e8_260109194418_1200x568.webp.webp\" alt=\"Pantoja\" class=\"lazyload\" width=\"1200\" height=\"568\" data-aspectratio=\"1200\/568\"\/><\/p>\n<p>La cantante vivir\u00eda en una zona de lo m\u00e1s privilegiada.\u00a0<\/p>\n<p>&#13;MEDIASET<\/p>\n<p>Ahora, a pesar de que la vivienda en la que est\u00e1 habitando ahora mismo no ser\u00eda de su propiedad, Isabel estar\u00eda desembolsando una salvaje cantidad de dinero en su arrendamiento. Las fuentes consultadas por dicho programa situar\u00edan <strong>un alquiler de alrededor de unos 5.000 euros mensuales, que pagar\u00eda el empresario que le contrat\u00f3 para su nueva gira.\u00a0<\/strong><\/p>\n<p>Se ha dejado ver por la zona\u00a0<\/p>\n<p>El programa de Telecinco ha podido saber tambi\u00e9n que la madre de Isa Pantoja y Kiko Rivera <strong>se ha dejado ver por la zona, como una m\u00e1s cualquiera<\/strong>. Algo que no es del todo com\u00fan en la cantante, que no segu\u00eda la misma l\u00ednea estrat\u00e9gica cuando ha habitado en Madrid o en Cantora, seg\u00fan han sentenciado tertulianos del programa.\u00a0<\/p>\n<p><img loading=\"lazy\" decoding=\"async\"   src=\"https:\/\/www.europesays.com\/es\/wp-content\/uploads\/2026\/01\/isabel-pantoja_a659423b_260109194734_1200x1800.webp.webp\" alt=\"Isabel Pantoja\" class=\"lazyload\" width=\"1200\" height=\"1800\" data-aspectratio=\"1200\/1800\"\/><\/p>\n<p>Isabel mantendr\u00eda la discreci\u00f3n que siempre le ha caracterizado, tambi\u00e9n con sus vecinos.\u00a0<\/p>\n<p>&#13;GTRES<\/p>\n<p>Eso s\u00ed, Isabel saldr\u00eda de casa intentando <strong>pasar lo m\u00e1s desapercibida posible. <\/strong>Y lo har\u00eda vistiendo con un perfil bajo, con unas gafas de sol para ocultar en parte su rostro y portando un enorme abrigo. Seg\u00fan ha explicado una vecina de la zona al reportero de &#8216;El tiempo justo&#8217;, \u00ab<strong>cuesta reconocerla. Te tienes que fijar mucho para saber qu\u00e9 es Isabel Pantoja<\/strong>\u00ab.<\/p>\n<p>Este tipo de salidas ser\u00edan para hacer el plan habitual que la tonadillera comparte con su hermano Agust\u00edn, que suelen realizar su compra diaria en un supermercado al sur de la isla. Sin embargo, cuando a la Pantoja se le llega a antojar hacer<strong> un plan distinto a uno rutinario<\/strong>, emplear\u00eda una<strong> t\u00e9cnica estrat\u00e9gica para no ser reconocida<\/strong>. Esa t\u00e1ctica ser\u00eda la de salir de su residencia a partir de <strong>entre las 8 y media de la tarde y las 9 de la noche.\u00a0<\/strong><\/p>\n<p>Muy cerca de su sobrina, Anabel\u00a0<\/p>\n<p>La int\u00e9rprete de &#8216;Era mi vida \u00e9l&#8217; habr\u00eda escogido un lugar de lo m\u00e1s adecuado a su situaci\u00f3n familiar presente en Gran Canaria. Y, por supuesto, tambi\u00e9n muy cerca de los lugares <strong>m\u00e1s importantes a visitar con frecuencia en la isla<\/strong>, <strong>como la playa<\/strong>.\u00a0<\/p>\n<p><img loading=\"lazy\" decoding=\"async\"   src=\"https:\/\/www.europesays.com\/es\/wp-content\/uploads\/2026\/01\/isabel-pantoja-y-anabel_2f65b6ad_260109194812_1200x1200.webp.webp\" alt=\"Isabel Pantoja y Anabel\" class=\"lazyload\" width=\"1200\" height=\"1200\" data-aspectratio=\"1200\/1200\"\/><\/p>\n<p>Ambas son un apoyo mutuo. Ahora viven sumamente cerca.\u00a0<\/p>\n<p>&#13;Instagram @anabelpantoja00<\/p>\n<p>Tal y como han seguido relatando en el programa, Isabel vivir\u00eda a tan solo <strong>cinco minutos de las mejores vistas playeras<\/strong> de toda la isla. Eso s\u00ed, a cinco minutos en coche. Pero tambi\u00e9n vivir\u00eda sumamente cerca de <strong>su sobrina Anabel<\/strong>, separadas por una distancia que <strong>se podr\u00eda resolver en 12 minutos<\/strong>. As\u00ed, la famosa folcl\u00f3rica habr\u00eda elegido de forma muy razonable su nuevo hogar.\u00a0<\/p>\n<p>De este \u00faltimo, algunos vecinos han sentenciado que la prensa y los medios de comunicaci\u00f3n no han entorpecido todav\u00eda la armon\u00eda que se respira a\u00fan en la zona residencial. Y que, incluso, <strong>la tonadillera se mantiene muy cordial y educada<\/strong> con todo el entorno vecinal.\u00a0<\/p>\n<p>El lugar en el que lleva viviendo desde finales de noviembre\u00a0<\/p>\n<p>Fue el director de Lecturas, Luis Pliego, quien confes\u00f3 en &#8216;El tiempo justo&#8217; que Isabel cumpli\u00f3 <a href=\"https:\/\/www.lecturas.com\/actualidad\/luis-pliego-director-lecturas-revela-donde-se-encuentra-isabel-pantoja-me-dicen-que-se-traslado-avion-privado_186283\" rel=\"nofollow noopener\" target=\"_blank\"><strong>las dos semanas de afincada canaria el pasado 22 de diciembre<\/strong><\/a>. Aquel d\u00eda, la viuda de Paquirri nos sorprendi\u00f3 con un emotivo navide\u00f1o en el que nos felicitaba las se\u00f1aladas fechas.\u00a0<\/p>\n<p>Un spot en el que la tonadillera deslumbraba un vigoroso vestido blanco y dorada que concordaba en armon\u00eda y color con el \u00e1rbol de Navidad. As\u00ed, Pliego confes\u00f3: \u00ab<strong>No s\u00e9 si lo ha grabado ya en su nueva residencia. Ma\u00f1ana se cumplir\u00e1n 15 d\u00edas de su traslado a la isla de Gran Canaria.<\/strong>\u00a0Es casi ya una ciudadana canaria. Isabel es probable que haya grabado este v\u00eddeo en el sal\u00f3n de su nueva casa\u00bb, se\u00f1al\u00f3 Luis.\u00a0<\/p>\n<p><img loading=\"lazy\" decoding=\"async\"   src=\"https:\/\/www.europesays.com\/es\/wp-content\/uploads\/2026\/01\/isabel-pantoja_72092fe7_260109194849_1200x672.webp.webp\" alt=\"Isabel Pantoja\" class=\"lazyload\" width=\"1200\" height=\"672\" data-aspectratio=\"1200\/672\"\/><\/p>\n<p>La cantante felicit\u00f3 a sus fans la Navidad, y les dese\u00f3 \u00abmuch\u00edsima salud\u00bb para este nuevo a\u00f1o.\u00a0<\/p>\n<p>&#13;Instagram @isabel_pantoja_martin<\/p>\n<p>Incluso, avanz\u00f3 detalles de c\u00f3mo Isabel hab\u00eda llegado hasta la isla sin ning\u00fan tipo de transporte p\u00fablico de por medio. \u00abElla pasa Nochebuena y Nochevieja all\u00ed. Ella acaba de instalarse.\u00a0<strong>Me dicen que se traslad\u00f3 hasta la isla en avi\u00f3n privado\u00bb, <\/strong>a\u00f1adi\u00f3.<strong>\u00a0<\/strong>Algo que no es de extra\u00f1ar sabiendo que la cantante \u00abno le gusta compartir espacio con la gente. Se trata de una casa de grandes dimensiones con la que est\u00e1 muy contenta. Paga el alquiler el empresario que la ha contratado y con el que va a emprender su gira americana\u00bb.\u00a0<\/p>\n<p>As\u00ed, podemos intuir que la folcl\u00f3rica ha emprendido de la mejor manera posible este 2026, lejos de la pen\u00ednsula. Y, por supuesto, lejos del intenso ruido medi\u00e1tico que, ya sabemos de sobra, la tonadillera no lleva para nada bien.\u00a0<\/p>\n<p>\u00a0<\/p>\n<p>\u00a0<\/p>\n<p>\u00a0<\/p>\n","protected":false},"excerpt":{"rendered":"El programa que conduce Joaqu\u00edn Prat cada tarde en Telecinco ha tenido acceso directo a algunos detalles de&hellip;\n","protected":false},"author":2,"featured_media":332635,"comment_status":"","ping_status":"","sticky":false,"template":"","format":"standard","meta":{"footnotes":""},"categories":[174],"tags":[255,146,147,25,24,256,23],"class_list":{"0":"post-332634","1":"post","2":"type-post","3":"status-publish","4":"format-standard","5":"has-post-thumbnail","7":"category-famosos","8":"tag-celebrities","9":"tag-entertainment","10":"tag-entretenimiento","11":"tag-es","12":"tag-espana","13":"tag-famosos","14":"tag-spain"},"share_on_mastodon":{"url":"https:\/\/pubeurope.com\/@es\/115868998613036095","error":""},"_links":{"self":[{"href":"https:\/\/www.europesays.com\/es\/wp-json\/wp\/v2\/posts\/332634","targetHints":{"allow":["GET"]}}],"collection":[{"href":"https:\/\/www.europesays.com\/es\/wp-json\/wp\/v2\/posts"}],"about":[{"href":"https:\/\/www.europesays.com\/es\/wp-json\/wp\/v2\/types\/post"}],"author":[{"embeddable":true,"href":"https:\/\/www.europesays.com\/es\/wp-json\/wp\/v2\/users\/2"}],"replies":[{"embeddable":true,"href":"https:\/\/www.europesays.com\/es\/wp-json\/wp\/v2\/comments?post=332634"}],"version-history":[{"count":0,"href":"https:\/\/www.europesays.com\/es\/wp-json\/wp\/v2\/posts\/332634\/revisions"}],"wp:featuredmedia":[{"embeddable":true,"href":"https:\/\/www.europesays.com\/es\/wp-json\/wp\/v2\/media\/332635"}],"wp:attachment":[{"href":"https:\/\/www.europesays.com\/es\/wp-json\/wp\/v2\/media?parent=332634"}],"wp:term":[{"taxonomy":"category","embeddable":true,"href":"https:\/\/www.europesays.com\/es\/wp-json\/wp\/v2\/categories?post=332634"},{"taxonomy":"post_tag","embeddable":true,"href":"https:\/\/www.europesays.com\/es\/wp-json\/wp\/v2\/tags?post=332634"}],"curies":[{"name":"wp","href":"https:\/\/api.w.org\/{rel}","templated":true}]}}