{"id":332642,"date":"2026-01-10T04:53:10","date_gmt":"2026-01-10T04:53:10","guid":{"rendered":"https:\/\/www.europesays.com\/es\/332642\/"},"modified":"2026-01-10T04:53:10","modified_gmt":"2026-01-10T04:53:10","slug":"trilogia-extendida-de-el-senor-de-los-anillos-llega-a-mexico-para-celebrar-su-25-aniversario","status":"publish","type":"post","link":"https:\/\/www.europesays.com\/es\/332642\/","title":{"rendered":"Trilog\u00eda extendida de \u2018El Se\u00f1or de los Anillos\u2019 llega a M\u00e9xico para celebrar su 25 aniversario"},"content":{"rendered":"<p>Para celebrar el 25 aniversario de <strong>\u2018El Se\u00f1or de los Anillos: La Comunidad del Anillo\u2019,<\/strong> la trilog\u00eda dirigida por Peter Jackson regresar\u00e1 a la pantalla grande en M\u00e9xico. <strong>Cinemex<\/strong> confirm\u00f3 que proyectar\u00e1 la trilog\u00eda completa en su versi\u00f3n extendida a partir del pr\u00f3ximo 15 de enero, ofreciendo a los fans una oportunidad \u00fanica de revivir la saga de la Tierra Media como nunca antes.<\/p>\n<p>El anuncio fue realizado por Cinemex a trav\u00e9s de un post oficial en Instagram, donde se confirma que las versiones extendidas de <strong>\u2018La Comunidad del Anillo\u2019, \u2018Las Dos Torres\u2019 y \u2018El Retorno del Rey\u2019 <\/strong>formar\u00e1n parte de un evento especial conmemorativo. Estas ediciones incluyen escenas adicionales que ampl\u00edan el desarrollo de personajes, el trasfondo del mundo creado por J.R.R. Tolkien y momentos clave que no se vieron en los estrenos originales de cine.<\/p>\n<blockquote class=\"instagram-media\" data-instgrm-captioned=\"\" data-instgrm-permalink=\"https:\/\/www.instagram.com\/reel\/DTRijbDjBJf\/?utm_source=ig_embed&amp;utm_campaign=loading\" data-instgrm-version=\"14\" style=\" background:#FFF; border:0; border-radius:3px; box-shadow:0 0 1px 0 rgba(0,0,0,0.5),0 1px 10px 0 rgba(0,0,0,0.15); margin: 1px; max-width:540px; min-width:326px; padding:0; width:99.375%; width:-webkit-calc(100% - 2px); width:calc(100% - 2px);\">\n<\/blockquote>\n<p>Este reestreno se suma a las celebraciones internacionales por el aniversario de la primera pel\u00edcula, estrenada originalmente en 2001 y considerada una de las sagas m\u00e1s influyentes en la historia del cine de fantas\u00eda. La trilog\u00eda no solo redefini\u00f3 el g\u00e9nero, sino que tambi\u00e9n se convirti\u00f3 en un fen\u00f3meno cultural y comercial a nivel mundial.<\/p>\n<p>Por ahora, Cinemex es la \u00fanica cadena en M\u00e9xico que ha confirmado oficialmente las funciones, aunque existe la posibilidad de que Cin\u00e9polis tambi\u00e9n se sume al evento. Sin embargo, hasta el momento, la cadena no ha emitido ning\u00fan anuncio o comunicado que confirme la exhibici\u00f3n de la trilog\u00eda extendida en sus salas.<\/p>\n<p>Se espera que en los pr\u00f3ximos d\u00edas se revelen m\u00e1s detalles sobre ciudades participantes, horarios y formatos disponibles. Para los seguidores de la Tierra Media, este reestreno representa una oportunidad imperdible de experimentar nuevamente la historia de Frodo, Aragorn y la Comunidad del Anillo en la pantalla grande, en su versi\u00f3n m\u00e1s completa.<\/p>\n<p>Diego Valadez es editor en IGN Latinoam\u00e9rica, cin\u00e9filo de coraz\u00f3n y amante del horror sobrenatural. Lo puedes encontrar y seguir en Instagram como @dievzgrave.<\/p>\n<p>                <script async src=\"\/\/www.instagram.com\/embed.js\"><\/script><\/p>\n","protected":false},"excerpt":{"rendered":"Para celebrar el 25 aniversario de \u2018El Se\u00f1or de los Anillos: La Comunidad del Anillo\u2019, la trilog\u00eda dirigida&hellip;\n","protected":false},"author":2,"featured_media":332643,"comment_status":"","ping_status":"","sticky":false,"template":"","format":"standard","meta":{"footnotes":""},"categories":[169],"tags":[177,146,147,25,24,176,175,23],"class_list":{"0":"post-332642","1":"post","2":"type-post","3":"status-publish","4":"format-standard","5":"has-post-thumbnail","7":"category-cine","8":"tag-cine","9":"tag-entertainment","10":"tag-entretenimiento","11":"tag-es","12":"tag-espana","13":"tag-film","14":"tag-movies","15":"tag-spain"},"share_on_mastodon":{"url":"https:\/\/pubeurope.com\/@es\/115869018198995182","error":""},"_links":{"self":[{"href":"https:\/\/www.europesays.com\/es\/wp-json\/wp\/v2\/posts\/332642","targetHints":{"allow":["GET"]}}],"collection":[{"href":"https:\/\/www.europesays.com\/es\/wp-json\/wp\/v2\/posts"}],"about":[{"href":"https:\/\/www.europesays.com\/es\/wp-json\/wp\/v2\/types\/post"}],"author":[{"embeddable":true,"href":"https:\/\/www.europesays.com\/es\/wp-json\/wp\/v2\/users\/2"}],"replies":[{"embeddable":true,"href":"https:\/\/www.europesays.com\/es\/wp-json\/wp\/v2\/comments?post=332642"}],"version-history":[{"count":0,"href":"https:\/\/www.europesays.com\/es\/wp-json\/wp\/v2\/posts\/332642\/revisions"}],"wp:featuredmedia":[{"embeddable":true,"href":"https:\/\/www.europesays.com\/es\/wp-json\/wp\/v2\/media\/332643"}],"wp:attachment":[{"href":"https:\/\/www.europesays.com\/es\/wp-json\/wp\/v2\/media?parent=332642"}],"wp:term":[{"taxonomy":"category","embeddable":true,"href":"https:\/\/www.europesays.com\/es\/wp-json\/wp\/v2\/categories?post=332642"},{"taxonomy":"post_tag","embeddable":true,"href":"https:\/\/www.europesays.com\/es\/wp-json\/wp\/v2\/tags?post=332642"}],"curies":[{"name":"wp","href":"https:\/\/api.w.org\/{rel}","templated":true}]}}