{"id":332651,"date":"2026-01-10T04:59:13","date_gmt":"2026-01-10T04:59:13","guid":{"rendered":"https:\/\/www.europesays.com\/es\/332651\/"},"modified":"2026-01-10T04:59:13","modified_gmt":"2026-01-10T04:59:13","slug":"mma-participa-en-taller-sobre-estrategias-de-economia-circular-para-la-pesca-y-la-acuicultura-en-chile-mma","status":"publish","type":"post","link":"https:\/\/www.europesays.com\/es\/332651\/","title":{"rendered":"MMA participa en taller sobre Estrategias de Econom\u00eda Circular para la Pesca y la Acuicultura en Chile \u2013 MMA"},"content":{"rendered":"<p>Los residuos marinos y los micropl\u00e1sticos constituyen uno de los principales desaf\u00edos ambientales a nivel global, debido a sus impactos en los ecosistemas acu\u00e1ticos, el bienestar de las personas y el desarrollo econ\u00f3mico. A nivel mundial, se estima que estos residuos provocan la muerte de m\u00e1s de 100.000 animales marinos cada a\u00f1o. En Chile, su impacto econ\u00f3mico directo alcanza los US$60,7 millones anuales, afectando actividades estrat\u00e9gicas como la pesca, la acuicultura, el turismo y el transporte mar\u00edtimo.<\/p>\n<p>Frente a esta problem\u00e1tica, el Ministerio del Medio Ambiente ha impulsado la Estrategia Nacional para la Gesti\u00f3n de Residuos Marinos y Micropl\u00e1sticos, iniciativa de car\u00e1cter intersectorial en la cual la Subsecretar\u00eda de Pesca y Acuicultura (SUBPESCA) participa activamente, aportando desde su rol t\u00e9cnico y de gesti\u00f3n en los sectores pesquero y acu\u00edcola.<\/p>\n<p>En este contexto, y con el objetivo de contribuir a la implementaci\u00f3n de dicha estrategia, durante el a\u00f1o 2025 SUBPESCA desarroll\u00f3 el estudio \u201cEstrategias de Econom\u00eda Circular para la Pesca y la Acuicultura en Chile\u201d, orientado a fortalecer la sostenibilidad ambiental, econ\u00f3mica y social del sector pesquero y acu\u00edcola nacional.<\/p>\n<p>Como parte de este proceso, el pasado 11 de diciembre se realiz\u00f3 un taller t\u00e9cnico en la ciudad de Valpara\u00edso, instancia que reuni\u00f3 a representantes de INDESPA, DIRECTEMAR, SERNAPESCA, IFOP, el Ministerio del Medio Ambiente a trav\u00e9s de su Oficina de Econom\u00eda Circular y la SEREMI del Medio Ambiente de la Regi\u00f3n de Valpara\u00edso. Durante la jornada se revisaron los principales hallazgos del estudio y se recogieron observaciones y comentarios t\u00e9cnicos, los cuales ser\u00e1n incorporados en la elaboraci\u00f3n del informe final.<\/p>\n<p>En la reuni\u00f3n se presentaron avances relevantes en la cuantificaci\u00f3n de p\u00e9rdidas y residuos del sector, as\u00ed como un an\u00e1lisis de brechas log\u00edsticas, econ\u00f3micas, normativas y t\u00e9cnicas identificadas en la pesca artesanal e industrial, la salmonicultura y la mitilicultura. Asimismo, se expuso un marco preliminar de l\u00edneas de acci\u00f3n orientadas a avanzar hacia modelos de econom\u00eda circular en estas actividades productivas.<\/p>\n<p>Cabe destacar que el estudio contempla un proceso participativo amplio, que incluy\u00f3 reuniones y levantamiento de informaci\u00f3n con actores de la pesca artesanal, la pesca industrial, la salmonicultura y la mitilicultura, permitiendo integrar la visi\u00f3n de los distintos eslabones productivos y territorios del pa\u00eds.<\/p>\n<p>Desde SUBPESCA se valor\u00f3 especialmente el trabajo interinstitucional y la participaci\u00f3n de los sectores productivos, destacando que estas instancias permiten fortalecer el informe final y contar con un insumo t\u00e9cnico robusto para el dise\u00f1o de futuras pol\u00edticas p\u00fablicas e instrumentos de fomento en materia de econom\u00eda circular, en coherencia con los objetivos de la Estrategia Nacional para la Gesti\u00f3n de Residuos Marinos y Micropl\u00e1sticos.<\/p>\n","protected":false},"excerpt":{"rendered":"Los residuos marinos y los micropl\u00e1sticos constituyen uno de los principales desaf\u00edos ambientales a nivel global, debido a&hellip;\n","protected":false},"author":2,"featured_media":332652,"comment_status":"","ping_status":"","sticky":false,"template":"","format":"standard","meta":{"footnotes":""},"categories":[42],"tags":[17,18,13,14,11,61,62,63,64,19,20,9,10,15,16,12,21,22,65,66,67],"class_list":{"0":"post-332651","1":"post","2":"type-post","3":"status-publish","4":"format-standard","5":"has-post-thumbnail","7":"category-internacional","8":"tag-breaking-news","9":"tag-breakingnews","10":"tag-featured-news","11":"tag-featurednews","12":"tag-headlines","13":"tag-internacional","14":"tag-international","15":"tag-international-news","16":"tag-internationalnews","17":"tag-latest-news","18":"tag-latestnews","19":"tag-news","20":"tag-noticias","21":"tag-noticias-destacadas","22":"tag-noticiasdestacadas","23":"tag-titulares","24":"tag-ultimas-noticias","25":"tag-ultimasnoticias","26":"tag-world","27":"tag-world-news","28":"tag-worldnews"},"share_on_mastodon":{"url":"https:\/\/pubeurope.com\/@es\/115869041532844031","error":""},"_links":{"self":[{"href":"https:\/\/www.europesays.com\/es\/wp-json\/wp\/v2\/posts\/332651","targetHints":{"allow":["GET"]}}],"collection":[{"href":"https:\/\/www.europesays.com\/es\/wp-json\/wp\/v2\/posts"}],"about":[{"href":"https:\/\/www.europesays.com\/es\/wp-json\/wp\/v2\/types\/post"}],"author":[{"embeddable":true,"href":"https:\/\/www.europesays.com\/es\/wp-json\/wp\/v2\/users\/2"}],"replies":[{"embeddable":true,"href":"https:\/\/www.europesays.com\/es\/wp-json\/wp\/v2\/comments?post=332651"}],"version-history":[{"count":0,"href":"https:\/\/www.europesays.com\/es\/wp-json\/wp\/v2\/posts\/332651\/revisions"}],"wp:featuredmedia":[{"embeddable":true,"href":"https:\/\/www.europesays.com\/es\/wp-json\/wp\/v2\/media\/332652"}],"wp:attachment":[{"href":"https:\/\/www.europesays.com\/es\/wp-json\/wp\/v2\/media?parent=332651"}],"wp:term":[{"taxonomy":"category","embeddable":true,"href":"https:\/\/www.europesays.com\/es\/wp-json\/wp\/v2\/categories?post=332651"},{"taxonomy":"post_tag","embeddable":true,"href":"https:\/\/www.europesays.com\/es\/wp-json\/wp\/v2\/tags?post=332651"}],"curies":[{"name":"wp","href":"https:\/\/api.w.org\/{rel}","templated":true}]}}