{"id":332661,"date":"2026-01-10T05:11:11","date_gmt":"2026-01-10T05:11:11","guid":{"rendered":"https:\/\/www.europesays.com\/es\/332661\/"},"modified":"2026-01-10T05:11:11","modified_gmt":"2026-01-10T05:11:11","slug":"todas-las-fotos-y-los-detalles-de-la-ceremonia","status":"publish","type":"post","link":"https:\/\/www.europesays.com\/es\/332661\/","title":{"rendered":"todas las fotos y los detalles de la ceremonia"},"content":{"rendered":"<p id=\"eQSIsRMIzSw\" data-wc=\"68\">Estas Navidades han sido \u00fanicas para <strong>Pilar Gonzalez de Gregorio<\/strong>, hija de la XXI duquesa de Medina Sidonia, Luisa Isabel \u00c1lvarez de Toledo, la llamada \u00abDuquesa Roja\u00bb. Especialmente, porque <a class=\"hm-link ho-link\" href=\"https:\/\/www.hola.com\/actualidad\/20250519831244\/pilar-gonzalez-gregorio-abre-palacio-quintana-posa-dos-hijos\/\" data-mrf-recirculation=\"article-body-link\" rel=\"nofollow noopener\" target=\"_blank\">han sido sus primeras fiestas como abuela<\/a>. El mayor de los dos hijos de Pilar, Pepe M\u00e1rquez, fruto del primer matrimonio con Rafael M\u00e1rquez Osorio, conde de las Torres de Alcorr\u00edn y primo segundo suyo, acaba de ser padre.<\/p>\n<p>  <img src=\"https:\/\/www.europesays.com\/es\/wp-content\/uploads\/2026\/01\/72837cdb5350-ymelda-moreno-de-arteaga-marquesa-viuda-de-pozas-y-tia-de-teresa-urquijo-cris.jpg\"   width=\"1080\" height=\"1800\" loading=\"lazy\" decoding=\"async\" alt=\"Anya Shogre, pareja de Pepe; con el beb\u00e9 y Pilar\" fetchpriority=\"auto\" class=\"image ho-image\"\/>\u00a9 JENNIFER PINCAY PE\u00d1AAnya Shogre, pareja de Pepe; con el beb\u00e9 y Pilar<\/p>\n<p id=\"e6QF_4bQoI\" data-wc=\"51\">Concretamente, fue <strong>el pasado 3 de octubre cuando vino al mundo el peque\u00f1o Rafael<\/strong>, que es como se llama el beb\u00e9 que Pepe ha tenido con su pareja, la ex modelo y empresaria rusoamericana Anya Shogren. El ni\u00f1o naci\u00f3 en Miami, donde el hijo de Pilar reside desde hace 13 a\u00f1os.\u00a0<\/p>\n<p id=\"eSI_AZVqYi\" data-wc=\"67\">\u00abSoy presidente de una compa\u00f1\u00eda de seguros, Hamilton America, que es parte del grupo Hamilton, y me ocupo del negocio de Hamilton en EE.UU. e Iberoam\u00e9rica\u00bb, nos dec\u00eda el mismo Pepe en primavera. En su caso, <strong>Anya forma parte del negocio familiar, una cadena de panader\u00edas en EE.UU., y es la fundadora de In Reach<\/strong>, una marca de bienestar que organiza eventos y retiros a nivel internacional.\u00a0<\/p>\n<p>  <img src=\"https:\/\/www.europesays.com\/es\/wp-content\/uploads\/2026\/01\/7911717ed167-whatsapp-image-2026-01-01-at-215505.jpg\"   width=\"1080\" height=\"1080\" loading=\"lazy\" decoding=\"async\" alt=\"El primer nieto durante su bautizo en Madrid\" fetchpriority=\"auto\" class=\"image ho-image\"\/>\u00a9 JENNIFER PINCAY PE\u00d1AEl beb\u00e9 naci\u00f3 en octubre en Miami, donde Pepe preside una compa\u00f1\u00eda de seguros<\/p>\n<p>  <img src=\"https:\/\/www.europesays.com\/es\/wp-content\/uploads\/2026\/01\/fd444a37d4a4-cristina-de-ulloa-y-solias-beaumont-duquesa-de-arcos-y-marquesa-de-la-jarandil.jpg\"   width=\"1080\" height=\"1800\" loading=\"lazy\" decoding=\"async\" alt=\"Cristina de Ulloa y Sol\u00eds-Beaumont, duquesa de Arcos y marquesa de la Jarandilla, hablando con Tom\u00e1s Terry Jr., hermano de Pepe M\u00e1rquez. Al lado, la bas\u00edlica de la Concepci\u00f3n de Nuestra Se\u00f1ora, de Madrid\" fetchpriority=\"auto\" class=\"image ho-image\"\/>\u00a9 JENNIFER PINCAY PE\u00d1ACristina de Ulloa y Sol\u00eds-Beaumont, duquesa de Arcos y marquesa de la Jarandilla, hablando con Tom\u00e1s Terry Jr., hermano de Pepe M\u00e1rquez<\/p>\n<p id=\"ePzI7ghZ4Ar\" data-wc=\"53\">En su visita a Madrid por Navidades, Pepe y su pareja <strong>han aprovechado la ocasi\u00f3n para celebrar el bautizo de su hijo<\/strong>. Lo han hecho con ceremonia religiosa \u00edntima y familiar, que ha tenido lugar <strong>en la bas\u00edlica de la Concepci\u00f3n de Nuestra Se\u00f1ora, templo neog\u00f3tico de la calle Goya de la capital.<\/strong>\u00a0<\/p>\n<p>  <img src=\"https:\/\/www.europesays.com\/es\/wp-content\/uploads\/2026\/01\/8f16f6eecdbe-whatsapp-image-2026-01-01-at-214629-1.jpg\"   width=\"1080\" height=\"1800\" loading=\"lazy\" decoding=\"async\" alt=\"Su hijo mayor, Pepe M\u00e1rquez, acaba de tener al peque\u00f1o Rafael, fruto de su relaci\u00f3n con Anya\" fetchpriority=\"auto\" class=\"image ho-image\"\/>\u00a9 JENNIFER PINCAY PE\u00d1ASu hijo mayor, Pepe M\u00e1rquez, acaba de tener al peque\u00f1o Rafael, fruto de su relaci\u00f3n con Anya Shogren<\/p>\n<p>  <img src=\"https:\/\/www.europesays.com\/es\/wp-content\/uploads\/2026\/01\/c1ca87611eb9-pepe-marquez-hijo-de-pilar-gabriel-glez-de-gregorio-hermano-de-pilar-e-hijo.jpg\"   width=\"1920\" height=\"1080\" loading=\"lazy\" decoding=\"async\" alt=\"Pepe M\u00e1rquez, hijo de Pilar; Gabriel Glez de Gregorio, hermano de Pilar e hijo de la duquesa Roja; Anya; Pilar y Alfonso P\u00e9rez Maura\" fetchpriority=\"auto\" class=\"image ho-image\"\/>\u00a9 JENNIFER PINCAY PE\u00d1APepe M\u00e1rquez, hijo de Pilar; Gabriel Glez de Gregorio, hermano de Pilar e hijo de la duquesa Roja; Anya; Pilar y Alfonso P\u00e9rez Maura<\/p>\n<p>  <img src=\"https:\/\/www.europesays.com\/es\/wp-content\/uploads\/2026\/01\/a57785260ee2-img9611.jpg\"   width=\"1920\" height=\"1080\" loading=\"lazy\" decoding=\"async\" alt=\"Jose Miguel, Conde Zamoyski-Borbon (primo del Rey), Pilar Gonza\u0301lez de Gregorio; Luisa de Orleans-Braganza; y Toma\u0301s Terry, otro hijo de Pilar\" fetchpriority=\"auto\" class=\"image ho-image\"\/>\u00a9 JENNIFER PINCAY PE\u00d1AJose Miguel, Conde Zamoyski-Borbon (primo del Rey), Pilar Gonza\u0301lez de Gregorio; Luisa de Orleans-Braganza; y Toma\u0301s Terry, otro hijo de Pilar<\/p>\n<p id=\"euc10VK6cs\" data-wc=\"60\"><strong>El peque\u00f1o Rafael ha llevado un cristianar y un fald\u00f3n<\/strong> perteneciente a la familia materna de Pilar. \u00abEl fald\u00f3n era de encajes de Leticia Mart\u00ed Rodriguez de Castro, mi bisabuela materna, a la que conoc\u00ed mucho, ya que muri\u00f3 cuando yo ten\u00eda 21 a\u00f1os. El fald\u00f3n tambi\u00e9n lo llev\u00f3 mi hermano Tom\u00e1s Terry en su bautizo\u00bb, explica Pepe a \u00a1HOLA!.<\/p>\n<p id=\"eg2HtWB0Ze\" data-wc=\"59\"><strong>La ceremonia ha estado marcada por grandes reencuentros.\u00a0<\/strong>Por ejemplo, el de Pilar con su primer marido, Rafael M\u00e1rquez, y con su hermano Gabriel Gonz\u00e1lez de Gregorio, con el que vuelve a tener buena relaci\u00f3n. <strong>\u00abLos padrinos han sido Jos\u00e9 Joaqu\u00edn M\u00e1rquez, duque de Grimaldi, y Sof\u00eda de Orleans-Borb\u00f3n, representada por Cristina M\u00e1rquez, condesa de Adanero\u00bb<\/strong>, nos cuenta Pepe.\u00a0<\/p>\n<p>  <img src=\"https:\/\/www.europesays.com\/es\/wp-content\/uploads\/2026\/01\/e6cf0e019c62-rafael-marquez-osorio-padre-de-pepe-pepe-marquez-hijo-de-pilar-cristina-ma.jpg\"   width=\"1920\" height=\"1080\" loading=\"lazy\" decoding=\"async\" alt=\"Rafael Ma\u0301rquez Osorio, padre de Pepe; Pepe Ma\u0301rquez, hijo de Pilar; Cristina Ma\u0301rquez y Osorio, condesa de Adanero; Anya, pareja de Pepe; Pilar\" fetchpriority=\"auto\" class=\"image ho-image\"\/>\u00a9 JENNIFER PINCAY PE\u00d1ARafael Ma\u0301rquez Osorio, padre de Pepe; Pepe Ma\u0301rquez, hijo de Pilar; Cristina Ma\u0301rquez y Osorio, condesa de Adanero; Anya, pareja de Pepe; Pilar<\/p>\n<p id=\"e-gaWj7wE5\" data-wc=\"47\">Entre los menos de <strong>30 invitados<\/strong>, han figurado <strong>Cristina de Ulloa y Sol\u00edas-Beaumont,<\/strong> duquesa de Arcos y marquesa de la Jarandilla \u2013descendiente de la CasaOsuna, una de las grandes casas nobiliarias de Espa\u00f1a\u2013; el <strong>conde Jose Miguel Zamoyski-Borb\u00f3n<\/strong>, primo del Rey; y Luisa de Orleans-Braganza y Borb\u00f3n.\u00a0<\/p>\n<p>  <img src=\"https:\/\/www.europesays.com\/es\/wp-content\/uploads\/2026\/01\/d3833c70032e-whatsapp-image-2026-01-01-at-215451.jpg\"   width=\"1920\" height=\"1080\" loading=\"lazy\" decoding=\"async\" alt=\"La familia reunida en un d\u00eda significativo\" fetchpriority=\"auto\" class=\"image ho-image\"\/>\u00a9 JENNIFER PINCAY PE\u00d1ALa familia reunida en un d\u00eda significativo<\/p>\n<p id=\"eNcwmGkWZa\" data-wc=\"52\"><strong>Tampoco han faltado Ymelda Moreno de Arteaga<\/strong>, marquesa viuda de Pozas, madre de los hermanos De la Cierva y t\u00eda abuela de Teresa Urquijo; <strong>Luc\u00eda de la Pe\u00f1a<\/strong>, duquesa viuda deMaura; <strong>Paloma Sanz-Briz<\/strong>, hija del diplom\u00e1tico \u00c1ngel Sanz Briz, que salv\u00f3 a m\u00e1s de 5 mil jud\u00edos en la II Guerra Mundial.\u00a0<\/p>\n<p id=\"eSHOeZJgS4KH\" data-wc=\"27\">Al finalizar, la ceremonia religiosa, <strong>Pepe y Anya invitaron a sus familiares a un peque\u00f1o c\u00f3ctel en el Hotel Intercontinental<\/strong>, donde todos terminaron prendados del peque\u00f1o Rafael.<\/p>\n","protected":false},"excerpt":{"rendered":"Estas Navidades han sido \u00fanicas para Pilar Gonzalez de Gregorio, hija de la XXI duquesa de Medina Sidonia,&hellip;\n","protected":false},"author":2,"featured_media":332662,"comment_status":"","ping_status":"","sticky":false,"template":"","format":"standard","meta":{"footnotes":""},"categories":[174],"tags":[3900,517,255,3899,146,147,25,24,256,23],"class_list":{"0":"post-332661","1":"post","2":"type-post","3":"status-publish","4":"format-standard","5":"has-post-thumbnail","7":"category-famosos","8":"tag-hola","9":"tag-actualidad","10":"tag-celebrities","11":"tag-contenido-sensible","12":"tag-entertainment","13":"tag-entretenimiento","14":"tag-es","15":"tag-espana","16":"tag-famosos","17":"tag-spain"},"share_on_mastodon":{"url":"https:\/\/pubeurope.com\/@es\/115869089305106177","error":""},"_links":{"self":[{"href":"https:\/\/www.europesays.com\/es\/wp-json\/wp\/v2\/posts\/332661","targetHints":{"allow":["GET"]}}],"collection":[{"href":"https:\/\/www.europesays.com\/es\/wp-json\/wp\/v2\/posts"}],"about":[{"href":"https:\/\/www.europesays.com\/es\/wp-json\/wp\/v2\/types\/post"}],"author":[{"embeddable":true,"href":"https:\/\/www.europesays.com\/es\/wp-json\/wp\/v2\/users\/2"}],"replies":[{"embeddable":true,"href":"https:\/\/www.europesays.com\/es\/wp-json\/wp\/v2\/comments?post=332661"}],"version-history":[{"count":0,"href":"https:\/\/www.europesays.com\/es\/wp-json\/wp\/v2\/posts\/332661\/revisions"}],"wp:featuredmedia":[{"embeddable":true,"href":"https:\/\/www.europesays.com\/es\/wp-json\/wp\/v2\/media\/332662"}],"wp:attachment":[{"href":"https:\/\/www.europesays.com\/es\/wp-json\/wp\/v2\/media?parent=332661"}],"wp:term":[{"taxonomy":"category","embeddable":true,"href":"https:\/\/www.europesays.com\/es\/wp-json\/wp\/v2\/categories?post=332661"},{"taxonomy":"post_tag","embeddable":true,"href":"https:\/\/www.europesays.com\/es\/wp-json\/wp\/v2\/tags?post=332661"}],"curies":[{"name":"wp","href":"https:\/\/api.w.org\/{rel}","templated":true}]}}