{"id":332681,"date":"2026-01-10T05:23:44","date_gmt":"2026-01-10T05:23:44","guid":{"rendered":"https:\/\/www.europesays.com\/es\/332681\/"},"modified":"2026-01-10T05:23:44","modified_gmt":"2026-01-10T05:23:44","slug":"fin-de-semana-en-colmenar-viejo-ayuntamiento-de-colmenar-viejo","status":"publish","type":"post","link":"https:\/\/www.europesays.com\/es\/332681\/","title":{"rendered":"Fin de semana en Colmenar Viejo \u2014 Ayuntamiento de Colmenar Viejo"},"content":{"rendered":"<p>09-enero-2026. Acabaron las Navidades, han pasado los Reyes Magos y todos hemos vuelto ya a la rutina del d\u00eda a d\u00eda. Pero llega el fin de semana, con actividades para todas las edades y p\u00fablicos: inauguraci\u00f3n de la rotonda dedicada a ASPRODICO, una nueva edici\u00f3n de Tiempos Cl\u00e1sicos y el Rastrillo Vecinal, actividades en las Bibliotecas, competiciones deportivas y nuevas exposiciones en las Bibliotecas y en el Centro Cultural \u2018Picasso\u2019.<\/p>\n<p>\u00a0<\/p>\n<p><strong>Inauguraci\u00f3n de la Glorieta de ASPRODICO<\/strong><\/p>\n<p>Ma\u00f1ana s\u00e1bado, a las 11:00h, <strong>se inaugura la rotonda<\/strong> que el Ayuntamiento ha acordado dedicar a ASPRODICO (Asociaci\u00f3n Pro Discapacitados de Colmenar Viejo).<\/p>\n<p>Situada en el cruce entre las calles Molino de Viento y Pilar de Zaragoza, en la Ronda Oeste de Colmenar Viejo, la rotonda ha recibido el nombre de \u2018Glorieta de ASPRODICO\u2019 y en ella se ha instalado un monumento escult\u00f3rico en su honor.<\/p>\n<p>La escultura representa a personas unidas por sus manos, formando un corro y simbolizando la uni\u00f3n de individuos independientemente de sus diferencias.<\/p>\n<p>El objetivo de este proyecto es crear un hito visual y simb\u00f3lico para promover los valores igualitarios y de diversidad que representa ASPRODICO, integrando el nuevo monumento en el entorno urbano y sirviendo como punto de referencia cultural y social para vecinos y visitantes.<\/p>\n<p>\u00a0<\/p>\n<p><strong>Tiempos Cl\u00e1sicos<\/strong><\/p>\n<p>Los <strong>veh\u00edculos cl\u00e1sicos<\/strong> vuelven este domingo a Colmenar Viejo de la mano de \u2018Car Club Tiempos Cl\u00e1sicos\u2019 y la Concejal\u00eda de Deportes. El evento se desarrollar\u00e1 en la explanada de la Plaza de Toros, de 10:00 a 14:00h, y en \u00e9l participar\u00e1n coches y motos de m\u00e1s de 25 a\u00f1os de antig\u00fcedad.<\/p>\n<p><img decoding=\"async\" alt=\"NdP_Tiempos cl\u00e1sicos.jpg\" class=\"image-richtext image-inline\" src=\"https:\/\/www.europesays.com\/es\/wp-content\/uploads\/2026\/01\/14b93edb-a076-4cd8-a0fe-c53719b537f2.jpeg\" title=\"NdP_Tiempos cl\u00e1sicos.jpg\"\/><\/p>\n<p>\u00a0<\/p>\n<p><strong>Rastrillo Vecinal<\/strong><\/p>\n<p>Este domingo se celebra una nueva edici\u00f3n del <strong>Rastrillo Vecinal<\/strong>, en el que los particulares podr\u00e1n intercambiar y vender objetos usados. Tendr\u00e1 lugar en el aparcamiento del Parque \u2018El Vivero\u2019, entre las 10:00 y las 14:00h.<\/p>\n<p>En \u00e9l se podr\u00e1n intercambiar, comprar o vender libros, juguetes, antig\u00fcedades, ropa y complementos, artesan\u00eda, muebles, peque\u00f1os electrodom\u00e9sticos, herramientas, etc., quedando expresamente prohibida la venta de alimentos y animales.<\/p>\n<p>Esta cita se celebra el segundo domingo de cada mes.<\/p>\n<p><img decoding=\"async\" alt=\"NdP_Rastrillo vecinal.jpg\" class=\"image-richtext image-inline\" src=\"https:\/\/www.europesays.com\/es\/wp-content\/uploads\/2026\/01\/8cf57d16-20d8-4f89-90ec-2676b1bf2d44.jpeg\" title=\"NdP_Rastrillo vecinal.jpg\"\/><\/p>\n<p>\u00a0<\/p>\n<p><strong>Actividades y exposiciones en las Bibliotecas<\/strong><\/p>\n<ul>\n<li>Taller de ilustraci\u00f3n: \u2018Vemos y dibujamos al natural\u2019\n<ul>\n<li>Para ni\u00f1os de 6 a 12 a\u00f1os<\/li>\n<li>De 17:30 a 19:00h<\/li>\n<li>Es necesaria inscripci\u00f3n previa<\/li>\n<li>Biblioteca \u2018Mario Vargas Llosa\u2019<\/li>\n<\/ul>\n<\/li>\n<li>Taller de lectura dramatizada para j\u00f3venes\n<ul>\n<li>Para j\u00f3venes de 12 a 17 a\u00f1os<\/li>\n<li>De 17:30 a 19:00h<\/li>\n<li>Es necesaria inscripci\u00f3n previa<\/li>\n<li>Biblioteca \u2018Miguel de Cervantes\u2019<\/li>\n<\/ul>\n<\/li>\n<li>Taller de escritura creativa para adultos\n<ul>\n<li>De 18:00 a 20:00h<\/li>\n<li>Es necesaria inscripci\u00f3n previa<\/li>\n<li>Biblioteca \u2018Miguel de Cervantes\u2019<\/li>\n<\/ul>\n<\/li>\n<\/ul>\n<p><img decoding=\"async\" alt=\"NdP_Taller de lectura.jpg\" class=\"image-richtext image-inline\" src=\"https:\/\/www.europesays.com\/es\/wp-content\/uploads\/2026\/01\/1ea74086-0758-4a8b-acb4-7892c100ea58.jpeg\" title=\"NdP_Taller de lectura.jpg\"\/><\/p>\n<ul>\n<li>Exposici\u00f3n: \u2018La amistad\u2019\n<ul>\n<li>Durante todo el mes de enero<\/li>\n<li>Bibliotecas \u2018Miguel de Cervantes\u2019 y \u2018Pablo Ruiz Picasso\u2019. Sala de Adultos<\/li>\n<\/ul>\n<\/li>\n<li>Exposici\u00f3n: \u2018\u00bfD\u00f3nde vives t\u00fa?\u2019\n<ul>\n<li>Durante todo el mes de enero<\/li>\n<li>Bibliotecas \u2018Miguel de Cervantes\u2019 y \u2018Mario Vargas Llosa\u2019. Sala Infantil<\/li>\n<\/ul>\n<\/li>\n<\/ul>\n<p><img decoding=\"async\" alt=\"NdP_Bibliotecas.jpg\" class=\"image-richtext image-inline\" src=\"https:\/\/www.europesays.com\/es\/wp-content\/uploads\/2026\/01\/404a6ce0-c12d-45d2-9298-34a06ab4d3d7.jpeg\" title=\"NdP_Bibliotecas.jpg\"\/><\/p>\n<p>\u00a0<\/p>\n<p><strong>Competiciones deportivas<\/strong><\/p>\n<ul>\n<li>Voleibol: Campeonato de Sub\u00e1rea de Voleibol (inicio)\n<ul>\n<li>Participan equipos del norte de la Comunidad de Madrid<\/li>\n<li>Organiza: Club Voleibol Colmenar Viejo<\/li>\n<li>S\u00e1bado, de 10:00 a 14:00h<\/li>\n<li>Pabell\u00f3n A del CDM \u2018Lorenzo Rico\u2019<\/li>\n<\/ul>\n<\/li>\n<li>F\u00fatbol sala: 3\u00aa Divisi\u00f3n, Grupo 4\n<ul>\n<li>EFS Colmenar Viejo contra CD Lope de Vega<\/li>\n<li>S\u00e1bado, a las 17:00h<\/li>\n<li>Pabell\u00f3n A del CDM \u2018Lorenzo Rico\u2019<\/li>\n<\/ul>\n<\/li>\n<\/ul>\n<p><img decoding=\"async\" alt=\"NdP_F\u00fatbol sala.jpg\" class=\"image-richtext image-inline\" src=\"https:\/\/www.europesays.com\/es\/wp-content\/uploads\/2026\/01\/59e76539-3d84-4236-85c4-ea3bae6cd255.jpeg\" title=\"NdP_F\u00fatbol sala.jpg\"\/><\/p>\n<ul>\n<li>Voleibol: 1\u00aa Div. Auton\u00f3mica Zonal, Senior Masculino\n<ul>\n<li>CV Colmenar Viejo (B) contra CDV Chamart\u00edn Vergara 1995<\/li>\n<li>Domingo, a las 11:00 h<\/li>\n<li>Pabell\u00f3n A del CDM \u2018Lorenzo Rico\u2019<\/li>\n<\/ul>\n<\/li>\n<li>F\u00fatbol: 1\u00aa Div. Auton\u00f3mica Aficionados, Grupo 1\n<ul>\n<li>AD Colmenar Viejo (A) contra Robledo CF<\/li>\n<li>Domingo, a las 11:30h<\/li>\n<li>Campo de F\u00fatbol \u2018Alberto Ruiz\u2019<\/li>\n<\/ul>\n<\/li>\n<li>Voleibol: 1\u00aa Div. Auton\u00f3mica Zonal, Senior Femenino, Gr. B\n<ul>\n<li>CV Colmenar Viejo (B) contra Voleibol Arganda<\/li>\n<li>Domingo, a las 12:00h<\/li>\n<li>Pabell\u00f3n A del CDM \u2018Lorenzo Rico\u2019<\/li>\n<\/ul>\n<\/li>\n<li>F\u00fatbol: Tercera Federaci\u00f3n Femenina, Grupo 7\n<ul>\n<li>AD Colmenar Viejo contra Las Rozas CF<\/li>\n<li>Domingo, a las 16:00h<\/li>\n<li>Campo de F\u00fatbol \u2018Alberto Ruiz\u2019<\/li>\n<\/ul>\n<\/li>\n<\/ul>\n<p><img decoding=\"async\" alt=\"NdP_F\u00fatbol femenino.jpg\" class=\"image-richtext image-inline\" src=\"https:\/\/www.europesays.com\/es\/wp-content\/uploads\/2026\/01\/9a84abc7-7921-4cc9-b882-7b1847f7647a.jpeg\" title=\"NdP_F\u00fatbol femenino.jpg\"\/><\/p>\n<ul>\n<li>Baloncesto: Liga Ginos Femenina, Grupo Par\n<ul>\n<li>Colmenar Viejo CB contra Saltium Alcorc\u00f3n Basket<\/li>\n<li>Domingo, a las 18:15h<\/li>\n<li>Pabell\u00f3n de la CDM \u2018Juan Antonio Samaranch\u2019<\/li>\n<\/ul>\n<\/li>\n<li>Baloncesto: Liga Ginos Masculina Oro, Grupo Impar\n<ul>\n<li>Colmenar Viejo CB contra CB Getafe<\/li>\n<li>Domingo, a las 20:00h<\/li>\n<li>Pabell\u00f3n de la CDM \u2018Juan Antonio Samaranch\u2019<\/li>\n<\/ul>\n<\/li>\n<\/ul>\n<p><img decoding=\"async\" alt=\"NdP_Baloncesto.jpg\" class=\"image-richtext image-inline\" src=\"https:\/\/www.europesays.com\/es\/wp-content\/uploads\/2026\/01\/6559e30b-0ec2-4ff3-a53f-c4e092f46ba6.jpeg\" title=\"NdP_Baloncesto.jpg\"\/><\/p>\n<p>\u00a0<\/p>\n<p><strong>Exposiciones del Centro Cultural \u2018Picasso\u2019<\/strong><\/p>\n<p>Este fin de semana podremos disfrutar de las dos nuevas exposiciones del Centro Cultural \u2018Picasso\u2019.<\/p>\n<p>La <strong>Sala Picasso<\/strong> acoge, hasta el 7 de febrero, la exposici\u00f3n \u2018Una ventana al mundo\u2019, un viaje (emocional) a trav\u00e9s de la alta sensibilidad y creatividad que re\u00fane una serie de \u2018fotohistorias\u2019, una combinaci\u00f3n de fotograf\u00eda y escritura donde cada imagen evoca una met\u00e1fora expresada en palabras, creadas en Londres, Estocolmo, Nueva York y Toronto, ciudades donde ha vivido la artista Clara de Castro Tamarit.<\/p>\n<p><img decoding=\"async\" alt=\"NdP_ExpoPicasso_SalaPicasso (1).jpg\" class=\"image-richtext image-inline\" src=\"https:\/\/www.europesays.com\/es\/wp-content\/uploads\/2026\/01\/253e9136-6d05-4966-82b5-f660ae2c758d.jpeg\" title=\"NdP_ExpoPicasso_SalaPicasso (1).jpg\"\/><\/p>\n<p>Y en el <strong>Vest\u00edbulo<\/strong>, \u2018Primera marcha\u2019, del artista Alberto Gonz\u00e1lez Moya, una muestra cuyo tema principal es el mundo del automovilismo. A trav\u00e9s de modelos emblem\u00e1ticos, tanto del mundo de la competici\u00f3n como iconos de la gran pantalla, se pretende llegar a todos los entusiastas de las cuatro ruedas buscando rememorar recuerdos de coches que marcaron una \u00e9poca y compartieron un pedacito de nuestras vidas.<\/p>\n<p><img decoding=\"async\" alt=\"NdP_ExpoPicasso_Vest\u00edbulo (1).jpeg\" class=\"image-richtext image-inline\" src=\"https:\/\/www.europesays.com\/es\/wp-content\/uploads\/2026\/01\/a9ba832c-6264-4737-ab88-c3e2a9a8e4a6.jpeg\" title=\"NdP_ExpoPicasso_Vest\u00edbulo (1).jpeg\"\/><\/p>\n","protected":false},"excerpt":{"rendered":"09-enero-2026. Acabaron las Navidades, han pasado los Reyes Magos y todos hemos vuelto ya a la rutina del&hellip;\n","protected":false},"author":2,"featured_media":56143,"comment_status":"","ping_status":"","sticky":false,"template":"","format":"standard","meta":{"footnotes":""},"categories":[8],"tags":[17,18,25,24,13,14,11,19,20,9,10,15,16,23,12,21,22],"class_list":{"0":"post-332681","1":"post","2":"type-post","3":"status-publish","4":"format-standard","5":"has-post-thumbnail","7":"category-espana","8":"tag-breaking-news","9":"tag-breakingnews","10":"tag-es","11":"tag-espana","12":"tag-featured-news","13":"tag-featurednews","14":"tag-headlines","15":"tag-latest-news","16":"tag-latestnews","17":"tag-news","18":"tag-noticias","19":"tag-noticias-destacadas","20":"tag-noticiasdestacadas","21":"tag-spain","22":"tag-titulares","23":"tag-ultimas-noticias","24":"tag-ultimasnoticias"},"share_on_mastodon":{"url":"https:\/\/pubeurope.com\/@es\/115869136247457312","error":""},"_links":{"self":[{"href":"https:\/\/www.europesays.com\/es\/wp-json\/wp\/v2\/posts\/332681","targetHints":{"allow":["GET"]}}],"collection":[{"href":"https:\/\/www.europesays.com\/es\/wp-json\/wp\/v2\/posts"}],"about":[{"href":"https:\/\/www.europesays.com\/es\/wp-json\/wp\/v2\/types\/post"}],"author":[{"embeddable":true,"href":"https:\/\/www.europesays.com\/es\/wp-json\/wp\/v2\/users\/2"}],"replies":[{"embeddable":true,"href":"https:\/\/www.europesays.com\/es\/wp-json\/wp\/v2\/comments?post=332681"}],"version-history":[{"count":0,"href":"https:\/\/www.europesays.com\/es\/wp-json\/wp\/v2\/posts\/332681\/revisions"}],"wp:featuredmedia":[{"embeddable":true,"href":"https:\/\/www.europesays.com\/es\/wp-json\/wp\/v2\/media\/56143"}],"wp:attachment":[{"href":"https:\/\/www.europesays.com\/es\/wp-json\/wp\/v2\/media?parent=332681"}],"wp:term":[{"taxonomy":"category","embeddable":true,"href":"https:\/\/www.europesays.com\/es\/wp-json\/wp\/v2\/categories?post=332681"},{"taxonomy":"post_tag","embeddable":true,"href":"https:\/\/www.europesays.com\/es\/wp-json\/wp\/v2\/tags?post=332681"}],"curies":[{"name":"wp","href":"https:\/\/api.w.org\/{rel}","templated":true}]}}