{"id":332684,"date":"2026-01-10T05:32:09","date_gmt":"2026-01-10T05:32:09","guid":{"rendered":"https:\/\/www.europesays.com\/es\/332684\/"},"modified":"2026-01-10T05:32:09","modified_gmt":"2026-01-10T05:32:09","slug":"el-baskonia-sabe-sufrir-en-el-buesa-para-cortar-su-mala-racha-en-euroliga","status":"publish","type":"post","link":"https:\/\/www.europesays.com\/es\/332684\/","title":{"rendered":"El Baskonia sabe sufrir en el Buesa para cortar su mala racha en Euroliga"},"content":{"rendered":"<p data-gtm-element-container=\"modulo-texto-link\" class=\"paragraph\">El <strong>Baskonia <\/strong>se repuso del varapalo de Munich y sum\u00f3 una importante victoria en <strong>Euroliga <\/strong>para separarse de la zona baja ante el <strong>ASVEL Villeurbanne<\/strong> (78-73). El conjunto de Galbiati impuso su ley en los \u00faltimos minutos y, pese a un susto tras el descanso, y rompi\u00f3 su mala racha en la m\u00e1xima competici\u00f3n continental tras cuatro derrotas seguidas.<\/p>\n<p data-gtm-element-container=\"modulo-texto-link\" class=\"paragraph\">Buscando los fundamentos bajo el aro de <strong>Vautier <\/strong>en cada ataque, el <strong>ASVEL <\/strong>quer\u00eda llevar la iniciativa del partido en el inicio, pero el buen juego en est\u00e1tico de Baskonia puso a los vitorianos por delante en el primer acto. <strong>Paul Eboua<\/strong>, con siete puntos pr\u00e1cticamente consecutivos, mantuvo el pulso inicial en el Buesa Arena (24-19).<\/p>\n<p>                <img loading=\"lazy\" decoding=\"async\" data-full-src=\"https:\/\/www.mundodeportivo.com\/uploads\/2026\/01\/09\/69616e58d5ac4.jpeg\" alt=\"Vertical\" width=\"449\" height=\"253\" src=\"https:\/\/www.europesays.com\/es\/wp-content\/uploads\/2026\/01\/69616e58d5ac4.r_d.2880-4320-837.jpeg\" class=\"lazy\"\/><\/p>\n<p class=\"caption-title \">El ala pivot del Asvel, Shaquille Harrison, lanza a canasta ante el ala pivot franc\u00e9s de Baskonia, Timothe Luwawu-Cabarrot<\/p>\n<p>                    ADRIAN RUIZ HIERRO \/ EFE<\/p>\n<p data-gtm-element-container=\"modulo-texto-link\" class=\"paragraph\">Con <strong>Luwawu-<\/strong><strong>Cabarrot <\/strong>y <strong>Omoruyi <\/strong>enton\u00e1ndose, Baskonia fue abriendo brecha poco a poco en el marcador. El conjunto franc\u00e9s, espeso con el bal\u00f3n y con pocas ideas, no logr\u00f3 encontrar el talento de <strong>Heurtel <\/strong>en la direcci\u00f3n de juego, que regresaba a Vitoria tras su pasado en el club.\u00a0Pese a no tener amenaza desde el exterior -1 de 9 triples al descanso-, <strong>Baskonia <\/strong>puso la m\u00e1xima antes del descanso mostrando su superioridad en el rebote y con la intenci\u00f3n de encarrilar desde bien pronto el partido.<\/p>\n<p>Ficha t\u00e9cnica<br \/>\nBaskonia, 78 &#8211; ASVEL, 73<\/p>\n<p class=\"module-text\">78-<strong> Baskonia <\/strong>(24+20+14+20): Simmons (10), Joksimovic (2), Kurucs (2), Radzevicius (4) y Diop (3) -cinco inicial- Spagnolo (2),  Frisch (3), Forrest (11), Omoruyi (7), Nowell (4),  y Diakit\u00e9 (9).<\/p>\n<p>73- <strong>ASVEL Villeurbanne<\/strong> (19+16+24+14): Heurtel (9), Seljaas (2), Harrison (11), Lighty (0), Vautier (14), -cinco inicial-, Watson (11), Jackson (4), Atamna (), Massa (0), Ndiaye (10), Ajinca (-), Traor\u00e9 (0) y Eboua (12).<\/p>\n<p><strong>\u00c1rbitros<\/strong>: Olegs Latisevs, Milan Nedovic, Dragan Porobic<\/p>\n<p><strong>Incidencias<\/strong>: partido correspondiente a la jornada 21 de la Euroliga disputado en el Buesa Arena (Vitoria).<\/p>\n<p data-gtm-element-container=\"modulo-texto-link\" class=\"paragraph\"><strong>Thomas Heurtel<\/strong> apareci\u00f3 tras el paso por vestuarios y cogi\u00f3 peso en la ofensiva. De sus manos llegaron las primeras acciones en ataque del ASVEL, que arranc\u00f3 el cuarto reduciendo distancias e incluso coloc\u00e1ndose tres puntos por encima tras un parcial de 13-3 a favor de los visitantes.<\/p>\n<p>        Lee tambi\u00e9n<\/p>\n<p>    Juli\u00e1n Felipo<\/p>\n<p>             <img loading=\"lazy\" decoding=\"async\" data-full-src=\"https:\/\/www.mundodeportivo.com\/uploads\/2026\/01\/09\/696169a655c0f.jpeg\" alt=\"Tambi\u00e9n Jabari Parker en las presentaciones ha tenido una bienvenida calurosa de la afici\u00f3n azulgrana\" width=\"334\" height=\"164\" src=\"https:\/\/www.europesays.com\/es\/wp-content\/uploads\/2026\/01\/1768023129_208_696169a655c0f.jpeg\" class=\"lazy\"\/><\/p>\n<p data-gtm-element-container=\"modulo-texto-link\" class=\"paragraph\">El tercer cuarto pas\u00f3 a ser un toma y daca constante de acciones individuales. Baskonia no encontraba su mejor versi\u00f3n colectiva y ASVEL se fiaba del talento de <strong>Glynn Watson<\/strong>. Y como en otras muchas ocasiones, <strong>Luwawu-Cabarrot<\/strong> volvi\u00f3 a echarse el equipo a sus espaldas, anotando dos triples consecutivos y poniendo a los suyos por delante en los \u00faltimos cinco minutos.\u00a0<\/p>\n<p data-gtm-element-container=\"modulo-texto-link\" class=\"paragraph\">En ausencia de Howard, <strong>Nowell <\/strong>emergi\u00f3 en el partido con una buena bandeja y una asistencia a <strong>Diakit\u00e9 <\/strong>para que este, desde la l\u00ednea de tres, pusiera una distancia inalcanzable para el <strong>ASVEL <\/strong>(78-73), que sigue sin sacar todav\u00eda una victoria lejos de casa en Euroliga.<\/p>\n","protected":false},"excerpt":{"rendered":"El Baskonia se repuso del varapalo de Munich y sum\u00f3 una importante victoria en Euroliga para separarse de&hellip;\n","protected":false},"author":2,"featured_media":332685,"comment_status":"","ping_status":"","sticky":false,"template":"","format":"standard","meta":{"footnotes":""},"categories":[269],"tags":[299,298,168,25,24,23,167],"class_list":{"0":"post-332684","1":"post","2":"type-post","3":"status-publish","4":"format-standard","5":"has-post-thumbnail","7":"category-baloncesto","8":"tag-baloncesto","9":"tag-basketball","10":"tag-deportes","11":"tag-es","12":"tag-espana","13":"tag-spain","14":"tag-sports"},"share_on_mastodon":{"url":"https:\/\/pubeurope.com\/@es\/115869171319948879","error":""},"_links":{"self":[{"href":"https:\/\/www.europesays.com\/es\/wp-json\/wp\/v2\/posts\/332684","targetHints":{"allow":["GET"]}}],"collection":[{"href":"https:\/\/www.europesays.com\/es\/wp-json\/wp\/v2\/posts"}],"about":[{"href":"https:\/\/www.europesays.com\/es\/wp-json\/wp\/v2\/types\/post"}],"author":[{"embeddable":true,"href":"https:\/\/www.europesays.com\/es\/wp-json\/wp\/v2\/users\/2"}],"replies":[{"embeddable":true,"href":"https:\/\/www.europesays.com\/es\/wp-json\/wp\/v2\/comments?post=332684"}],"version-history":[{"count":0,"href":"https:\/\/www.europesays.com\/es\/wp-json\/wp\/v2\/posts\/332684\/revisions"}],"wp:featuredmedia":[{"embeddable":true,"href":"https:\/\/www.europesays.com\/es\/wp-json\/wp\/v2\/media\/332685"}],"wp:attachment":[{"href":"https:\/\/www.europesays.com\/es\/wp-json\/wp\/v2\/media?parent=332684"}],"wp:term":[{"taxonomy":"category","embeddable":true,"href":"https:\/\/www.europesays.com\/es\/wp-json\/wp\/v2\/categories?post=332684"},{"taxonomy":"post_tag","embeddable":true,"href":"https:\/\/www.europesays.com\/es\/wp-json\/wp\/v2\/tags?post=332684"}],"curies":[{"name":"wp","href":"https:\/\/api.w.org\/{rel}","templated":true}]}}