{"id":332688,"date":"2026-01-10T05:34:09","date_gmt":"2026-01-10T05:34:09","guid":{"rendered":"https:\/\/www.europesays.com\/es\/332688\/"},"modified":"2026-01-10T05:34:09","modified_gmt":"2026-01-10T05:34:09","slug":"al-final-de-la-vida-nadie-va-a-decir-que-ojala-hubiese-trabajado-mas","status":"publish","type":"post","link":"https:\/\/www.europesays.com\/es\/332688\/","title":{"rendered":"Al final de la vida nadie va a decir que ojal\u00e1 hubiese trabajado m\u00e1s"},"content":{"rendered":"<p data-journey-content=\"true\" data-node-id=\"0\" class=\"body-dropcap css-1vn2egp emevuu60\"><strong data-node-id=\"0.0\">George Clooney<\/strong> salt\u00f3 a la fama en la d\u00e9cada de los 90 gracias a la serie Urgencias y desde entonces no ha dejado de sumar \u00e9xitos a su curriculum tanto como int\u00e9rprete en <a href=\"https:\/\/www.harpersbazaar.com\/es\/famosas\/el-estilo-de\/a64451366\/julia-roberts-pelicula-george-clooney-dificil-trabajar\/\" target=\"_blank\" data-vars-ga-outbound-link=\"https:\/\/www.harpersbazaar.com\/es\/famosas\/el-estilo-de\/a64451366\/julia-roberts-pelicula-george-clooney-dificil-trabajar\/\" data-vars-ga-ux-element=\"Hyperlink\" data-vars-ga-call-to-action=\"pel\u00edculas como Ocean&#039;s eleven\" data-node-id=\"0.4\" class=\"body-link css-156jt4g emevuu60\" rel=\"nofollow noopener\">pel\u00edculas como Ocean&#8217;s eleven<\/a>, O Brother! o Up in the air; como en su papel de director con Buenas noches y buena suerte, Los idus de Marzo o The Monuments men. Quiz\u00e1 por eso est\u00e9 tan convencido ahora de que ha llegado el momento de bajar un poco el ritmo. \u00ab<strong data-node-id=\"0.14\">Quiero trabajar pero no quiero llenar mi vida de trabajo<\/strong>\u00ab, dijo recientemente en el programa <a href=\"https:\/\/www.youtube.com\/watch?v=XhXXe3rnN9w\" target=\"_blank\" rel=\"nofollow noopener\" data-vars-ga-outbound-link=\"https:\/\/www.youtube.com\/watch?v=XhXXe3rnN9w\" data-vars-ga-ux-element=\"Hyperlink\" data-vars-ga-call-to-action=\"CBS Sunday Morning\" data-node-id=\"0.16.0\" class=\"body-link css-156jt4g emevuu60\">CBS Sunday Morning<\/a>. <\/p>\n<p data-journey-content=\"true\" data-node-id=\"1\" class=\"css-6wxqfj emevuu60\"> \u00abTenemos que concentrarnos en pasar tiempo con nuestra familia, pasar tiempo con la gente que amamos. <strong data-node-id=\"1.1\">Al final de la vida nadie va a decir que ojal\u00e1 hubiese trabajado m\u00e1s<\/strong>\u00ab, reflexion\u00f3 al respecto el actor de ahora 64 a\u00f1os. <\/p>\n<p><img draggable=\"true\" alt=\"george clooney\" title=\"george clooney\" loading=\"lazy\" width=\"2500\" height=\"1664\" decoding=\"async\" data-nimg=\"1\" style=\"color:transparent;width:100%;height:auto;\"   src=\"https:\/\/www.europesays.com\/es\/wp-content\/uploads\/2026\/01\/gettyimages-1147702163.jpg\" class=\"css-0 e1g79fud0\"\/><\/p>\n<p>Axelle\/Bauer-Griffin\/\/Getty Images<\/p>\n<p data-journey-content=\"true\" data-node-id=\"3\" class=\"css-6wxqfj emevuu60\">Invertir a\u00fan m\u00e1s momentos con los suyos es el objetivo que George Clooney persigue desde que decidi\u00f3 formar una familia con Amal Clooney, y eso que lo de <a href=\"https:\/\/www.harpersbazaar.com\/es\/famosas\/el-estilo-de\/a64563702\/george-clooney-amal-clooney-recuerdo-casarme-tener-hijos\/\" target=\"_blank\" data-vars-ga-outbound-link=\"https:\/\/www.harpersbazaar.com\/es\/famosas\/el-estilo-de\/a64563702\/george-clooney-amal-clooney-recuerdo-casarme-tener-hijos\/\" data-vars-ga-ux-element=\"Hyperlink\" data-vars-ga-call-to-action=\"casarse y tener hijos\" data-node-id=\"3.1\" class=\"body-link css-156jt4g emevuu60\" rel=\"nofollow noopener\">casarse y tener hijos<\/a> era algo que para nada estaba en sus planes de juventud. \u00abNunca digas nunca\u00bb, coment\u00f3 el int\u00e9rprete entre risas durante la entrevista, justo antes de reconocer que su cambio de opini\u00f3n lleg\u00f3 cuando conoci\u00f3 a su mujer, a quien describe como la persona m\u00e1s \u00abincre\u00edble\u00bb y \u00abextraordinaria\u00bb que se haya cruzado en su camino. <\/p>\n<p data-journey-content=\"true\" data-node-id=\"5\" class=\"css-6wxqfj emevuu60\">\u00abEs brillante y defiende cosas que importan, se opone a cosas que importan (&#8230;). Tambi\u00e9n es hermosa y divertida, tiene el mejor sentido del humor y es la madre m\u00e1s extraordinaria, as\u00ed que no puedo decirte lo afortunado que me siento todos los d\u00edas, <strong data-node-id=\"5.1\">no estar casado con ella habr\u00eda sido un desastre<\/strong>\u00ab, manifest\u00f3 sobre la mujer con la que <a href=\"https:\/\/www.harpersbazaar.com\/es\/famosas\/el-estilo-de\/a64987947\/george-clooney-mujer-amal-clooney-entrevista-historia\/\" target=\"_blank\" data-vars-ga-outbound-link=\"https:\/\/www.harpersbazaar.com\/es\/famosas\/el-estilo-de\/a64987947\/george-clooney-mujer-amal-clooney-entrevista-historia\/\" data-vars-ga-ux-element=\"Hyperlink\" data-vars-ga-call-to-action=\"pas\u00f3 por el altar en 2014\" data-node-id=\"5.3\" class=\"body-link css-156jt4g emevuu60\" rel=\"nofollow noopener\">pas\u00f3 por el altar en 2014<\/a>.  <\/p>\n<p><img draggable=\"true\" alt=\"george clooney amal clooney\" title=\"George Clooney habla sobre Amal Clooney\" loading=\"lazy\" width=\"5346\" height=\"7918\" decoding=\"async\" data-nimg=\"1\" style=\"color:transparent;width:100%;height:auto;\"   src=\"https:\/\/www.europesays.com\/es\/wp-content\/uploads\/2026\/01\/gettyimages-2174824409-6842aba058546.jpg\" class=\"css-0 e1g79fud0\"\/><\/p>\n<p>James Devaney\/\/Getty Images<\/p>\n<p data-journey-content=\"true\" data-node-id=\"7\" class=\"css-6wxqfj emevuu60\">Los Clooney son padres de Ella y Alexander, mellizos de ocho a\u00f1os de edad a los que trata de preservar su anonimato y con los que dice estar muy presente a diario: \u00abYo los llevo a la escuela la mayor parte de las veces, lo cual es divertido, y Amal est\u00e1 muy presente, muy encima. Es una madre tan genial&#8230; tenemos hijos muy felices\u00bb, indic\u00f3 el int\u00e9rprete acerca de su manera de afrontar la paternidad, sobre la cual brome\u00f3 despu\u00e9s con la siguiente frase: \u00ab<strong data-node-id=\"7.1\">Puede que nuestros hijos en unos 10 a\u00f1os est\u00e9n en terapia diciendo que nuestros padres no fueron geniales<\/strong>\u00ab.<br data-node-id=\"7.3\"\/><\/p>\n<p data-journey-content=\"true\" data-node-id=\"8\" class=\"css-6wxqfj emevuu60\"> \u00abTodo el mundo se equivoca en alg\u00fan momento del camino y por eso solo estamos tratando de hacerlo lo menos posible\u00bb, se\u00f1al\u00f3 George Clooney en la charla.  <\/p>\n","protected":false},"excerpt":{"rendered":"George Clooney salt\u00f3 a la fama en la d\u00e9cada de los 90 gracias a la serie Urgencias y&hellip;\n","protected":false},"author":2,"featured_media":332689,"comment_status":"","ping_status":"","sticky":false,"template":"","format":"standard","meta":{"footnotes":""},"categories":[174],"tags":[255,253,146,147,25,24,256,23],"class_list":{"0":"post-332688","1":"post","2":"type-post","3":"status-publish","4":"format-standard","5":"has-post-thumbnail","7":"category-famosos","8":"tag-celebrities","9":"tag-discover","10":"tag-entertainment","11":"tag-entretenimiento","12":"tag-es","13":"tag-espana","14":"tag-famosos","15":"tag-spain"},"share_on_mastodon":{"url":"https:\/\/pubeurope.com\/@es\/115869179193509416","error":""},"_links":{"self":[{"href":"https:\/\/www.europesays.com\/es\/wp-json\/wp\/v2\/posts\/332688","targetHints":{"allow":["GET"]}}],"collection":[{"href":"https:\/\/www.europesays.com\/es\/wp-json\/wp\/v2\/posts"}],"about":[{"href":"https:\/\/www.europesays.com\/es\/wp-json\/wp\/v2\/types\/post"}],"author":[{"embeddable":true,"href":"https:\/\/www.europesays.com\/es\/wp-json\/wp\/v2\/users\/2"}],"replies":[{"embeddable":true,"href":"https:\/\/www.europesays.com\/es\/wp-json\/wp\/v2\/comments?post=332688"}],"version-history":[{"count":0,"href":"https:\/\/www.europesays.com\/es\/wp-json\/wp\/v2\/posts\/332688\/revisions"}],"wp:featuredmedia":[{"embeddable":true,"href":"https:\/\/www.europesays.com\/es\/wp-json\/wp\/v2\/media\/332689"}],"wp:attachment":[{"href":"https:\/\/www.europesays.com\/es\/wp-json\/wp\/v2\/media?parent=332688"}],"wp:term":[{"taxonomy":"category","embeddable":true,"href":"https:\/\/www.europesays.com\/es\/wp-json\/wp\/v2\/categories?post=332688"},{"taxonomy":"post_tag","embeddable":true,"href":"https:\/\/www.europesays.com\/es\/wp-json\/wp\/v2\/tags?post=332688"}],"curies":[{"name":"wp","href":"https:\/\/api.w.org\/{rel}","templated":true}]}}