{"id":332692,"date":"2026-01-10T05:37:23","date_gmt":"2026-01-10T05:37:23","guid":{"rendered":"https:\/\/www.europesays.com\/es\/332692\/"},"modified":"2026-01-10T05:37:23","modified_gmt":"2026-01-10T05:37:23","slug":"andres-convence-a-isabel-para-que-declare-contra-gabriel-y-descubre-que-el-ya-estaba-compinchado-con-jesus-para-arruinar-la-fabrica","status":"publish","type":"post","link":"https:\/\/www.europesays.com\/es\/332692\/","title":{"rendered":"Andr\u00e9s convence a Isabel para que declare contra Gabriel y descubre que \u00e9l ya estaba compinchado con Jes\u00fas para arruinar la f\u00e1brica"},"content":{"rendered":"<p><b>Andr\u00e9s<\/b> ha hablado con <b>Isabel<\/b> para animarla a declarar ante un tribunal contra <b>Gabriel<\/b>. Ella tiene informaci\u00f3n que podr\u00eda ayudarles a poner al De la Reina en su sitio, en la c\u00e1rcel.<\/p>\n<p>As\u00ed, <b>Andr\u00e9s <\/b>le ha asegurado que no estar\u00eda sola porque hay otra testigo que declarar\u00eda junto a ella. Se trata de una empleada de la f\u00e1brica a la que <b>Gabriel<\/b> acus\u00f3 de haber robado cuando en realidad lo hizo \u00e9l.<\/p>\n<p>Adem\u00e1s, Andr\u00e9s ha comentado que su esposa <b>Mar\u00eda<\/b> podr\u00eda ser una de las testigos tambi\u00e9n.Y a pesar de que ella es una de sus actuales c\u00f3mplices, <b>Andr\u00e9s<\/b> est\u00e1 seguro de que declarar\u00e1 porque, \u201cno le quedar\u00e1 m\u00e1s remedio para protegerse cuando todo esto salga a la luz\u201d.<\/p>\n<p>Aunque<b> Isabel<\/b> no estaba demasiado convencida, al final ha acabado aceptando. Y le ha contado a<b> Andr\u00e9s<\/b> uno de los secretos mejor guardados de su primo sobre su plan para arruinar la f\u00e1brica, \u201ccuando lleg\u00f3 ya ten\u00eda un c\u00f3mplice entre ustedes\u2026su hermano, <b>Jes\u00fas\u201d<\/b>.<\/p>\n","protected":false},"excerpt":{"rendered":"Andr\u00e9s ha hablado con Isabel para animarla a declarar ante un tribunal contra Gabriel. Ella tiene informaci\u00f3n que&hellip;\n","protected":false},"author":2,"featured_media":332693,"comment_status":"","ping_status":"","sticky":false,"template":"","format":"standard","meta":{"footnotes":""},"categories":[171],"tags":[146,147,25,24,23,214],"class_list":{"0":"post-332692","1":"post","2":"type-post","3":"status-publish","4":"format-standard","5":"has-post-thumbnail","7":"category-tv","8":"tag-entertainment","9":"tag-entretenimiento","10":"tag-es","11":"tag-espana","12":"tag-spain","13":"tag-tv"},"share_on_mastodon":{"url":"https:\/\/pubeurope.com\/@es\/115869190891325150","error":""},"_links":{"self":[{"href":"https:\/\/www.europesays.com\/es\/wp-json\/wp\/v2\/posts\/332692","targetHints":{"allow":["GET"]}}],"collection":[{"href":"https:\/\/www.europesays.com\/es\/wp-json\/wp\/v2\/posts"}],"about":[{"href":"https:\/\/www.europesays.com\/es\/wp-json\/wp\/v2\/types\/post"}],"author":[{"embeddable":true,"href":"https:\/\/www.europesays.com\/es\/wp-json\/wp\/v2\/users\/2"}],"replies":[{"embeddable":true,"href":"https:\/\/www.europesays.com\/es\/wp-json\/wp\/v2\/comments?post=332692"}],"version-history":[{"count":0,"href":"https:\/\/www.europesays.com\/es\/wp-json\/wp\/v2\/posts\/332692\/revisions"}],"wp:featuredmedia":[{"embeddable":true,"href":"https:\/\/www.europesays.com\/es\/wp-json\/wp\/v2\/media\/332693"}],"wp:attachment":[{"href":"https:\/\/www.europesays.com\/es\/wp-json\/wp\/v2\/media?parent=332692"}],"wp:term":[{"taxonomy":"category","embeddable":true,"href":"https:\/\/www.europesays.com\/es\/wp-json\/wp\/v2\/categories?post=332692"},{"taxonomy":"post_tag","embeddable":true,"href":"https:\/\/www.europesays.com\/es\/wp-json\/wp\/v2\/tags?post=332692"}],"curies":[{"name":"wp","href":"https:\/\/api.w.org\/{rel}","templated":true}]}}